{"id":4959,"date":"2024-01-30T13:41:17","date_gmt":"2024-01-30T12:41:17","guid":{"rendered":"https:\/\/pasaenmendoza.com\/?p=4959"},"modified":"2024-01-30T13:41:18","modified_gmt":"2024-01-30T12:41:18","slug":"uniformes-escolares-los-precios-llegan-con-un-150-de-aumento","status":"publish","type":"post","link":"https:\/\/pasaenmendoza.com\/?p=4959","title":{"rendered":"Uniformes escolares: los precios llegan con un 150% de aumento"},"content":{"rendered":"\n<p>Luego de anticiparse con la compra de \u00fatiles para el ciclo lectivo 2024, que arranca el pr\u00f3ximo 26 de febrero,&nbsp;<mark>muchas familias mendocinas comenzaron la b\u00fasqueda de uniformes escolares a buenos precios, pero tambi\u00e9n de buena calidad<\/mark>, misi\u00f3n no muy sencilla para los tiempos que corren.<\/p>\n\n\n\n<p>De acuerdo con lo reportado por algunos empresarios,\u00a0<mark>los aumentos respecto al 2023 llegan a un 150%<\/mark>, en tanto, lo que m\u00e1s incremento ha sufrido han sido los equipos deportivos.<\/p>\n\n\n\n<p><mark>La compra con tarjeta de cr\u00e9dito es lo que m\u00e1s prima.<\/mark>\u00a0<em>\u201cLos padres piden la mayor cantidad de cuotas e intentan llevar dos uniformes completos para tirar todo el a\u00f1o\u201d,<\/em>\u00a0expres\u00f3\u00a0<strong>Ezequiel Allendes<\/strong>, due\u00f1o de\u00a0<strong>Perfil Telas-Texta<\/strong>, un taller de confecci\u00f3n que hace m\u00e1s de 35 a\u00f1os realiza los uniformes de unos 25 colegios privados y estatales de Mendoza.<\/p>\n\n\n\n<h2 class=\"wp-block-heading\" id=\"h-operativo-uniformes-en-marcha\">Operativo uniformes, en marcha<\/h2>\n\n\n\n<p>Hace a\u00f1os que muchos padres, empujados por la crisis econ\u00f3mica dominante en Argentina y la inflaci\u00f3n incesante, dejaron de comprar en las tiendas oficiales, muchas de ellas recomendadas por los propios colegios, y se inclinaron por&nbsp;<mark>lugares alternativos, con precios mucho m\u00e1s econ\u00f3micos y de muy buena calidad.<\/mark><\/p>\n\n\n\n<p><em>\u201cLas tiendas oficiales muchas veces imponen un precio determinado por la marca y resulta que la calidad no siempre es lo que uno desea\u201d,&nbsp;<\/em>expres\u00f3&nbsp;<strong>Clara<\/strong>, mam\u00e1 de una ni\u00f1a de 8 a\u00f1os que se volc\u00f3 a comprar los uniformes en tiendas alternativas.<\/p>\n\n\n\n<p>Entre las opciones que los padres tienen aparecen los\u00a0<mark>talleres textiles que ya cuentan con los logos de determinados colegios privados y estatales y venden los uniformes a precios m\u00e1s econ\u00f3micos.<\/mark><\/p>\n\n\n\n<p><em>\u201cNosotros hace 35 a\u00f1os nos dedicamos al rubro, impulsado por mi madre Olga Righi. Lo que hemos notado es un crecimiento importante en los \u00faltimos a\u00f1os. La gente es muy exigente y no s\u00f3lo se conforma con buenos precios, sino que tambi\u00e9n demanda calidad, por lo que hay que tener en cuenta todo\u201d,\u00a0<\/em>cont\u00f3 Ezequiel.<\/p>\n\n\n\n<p>El dise\u00f1ador sostuvo que&nbsp;<em>\u201ceste a\u00f1o la venta viene muy pausada, la gente se anticip\u00f3 para los \u00fatiles y ha dejado de lado el tema de los uniformes\u201d.&nbsp;<\/em>Asimismo, asegur\u00f3 que&nbsp;<em>\u201cel 90% de los que realizan las compras lo hacen con tarjeta de cr\u00e9dito\u201d.<\/em><\/p>\n\n\n\n<p><em>\u201cLos aumentos respecto al 2023 vienen por encima del 150% y lo que m\u00e1s aument\u00f3 fueron los equipos deportivos\u201d,<\/em>&nbsp;report\u00f3 el profesional y agreg\u00f3 que<em>&nbsp;\u201cpese a ello, la gente lleva dos equipos completos, con la chomba\u201d.<\/em><\/p>\n\n\n\n<p>De modo que un\u00a0<strong>equipo deportivo<\/strong>\u00a0(buzo y pantal\u00f3n frizados) m\u00e1s la chomba tiene un costo que ronda los<mark>\u00a039.000 pesos.<\/mark>\u00a0Todas las prendas van con el logo exigido por el establecimiento educativo.<\/p>\n\n\n\n<p>Los que tienen que comprar s\u00f3lo un pantal\u00f3n de jogging o un buzo tienen que disponer entre<mark>&nbsp;14.500 y 18.500 pesos,<\/mark>&nbsp;respectivamente. Cada chomba cuesta 13.900 pesos. En tanto, el equipo solo, sin remera, cuesta 29.900 pesos.<\/p>\n\n\n\n<p>En lo que respecta al&nbsp;<strong>uniforme de gala<\/strong>, el empresario cont\u00f3 que&nbsp;<mark>las camisas tienen un costo de 22.500 pesos, los pantalones de vestir 32.000 pesos y las faldas desde 24.000 pesos.<\/mark><\/p>\n\n\n\n<p>Los interesados pueden contactar a Ezequiel y\u00a0<mark>reservar su uniforme al\u00a0<strong>2614709677.<\/strong>\u00a0<\/mark>Tambi\u00e9n pueden acercarse al taller ubicado en Libertad 565, Villanueva (Guaymall\u00e9n).<\/p>\n\n\n\n<h2 class=\"wp-block-heading\" id=\"h-mas-alternativas\">M\u00e1s alternativas<\/h2>\n\n\n\n<p>Los lugares para conseguir ropa escolar linda, barata y de buena calidad abundan y los padres lo saben. La mayor\u00eda de las madres combina en el grupo de WhatsApp y pide presupuestos para luego definir la compra.<\/p>\n\n\n\n<p><strong>Mar\u00eda de los \u00c1ngeles<\/strong>&nbsp;es madre y este a\u00f1o, para afrontar la crisis,&nbsp;<mark>decidi\u00f3 emprender su propio proyecto. As\u00ed fue como comenz\u00f3 a vender remeras, chombas y equipos deportivos a precios muy accesibles.<\/mark><\/p>\n\n\n\n<p>Las remeras (azul o blanca) con cuello redondo tienen un costo de 4.000 pesos, en tanto, las chombas, cuestan 7.000 pesos. Por su parte, los equipos de gimnasia tienen un valor de 15.000 pesos, al menos por esta semana. Los precios son hasta el talle 12, luego var\u00eda.<\/p>\n\n\n\n<p><em>\u201cLa ropa la traigo de Buenos Aires, por eso el valor tan econ\u00f3mico. Soy mam\u00e1 y s\u00e9 lo dif\u00edcil que es el comienzo de clases. Pero, realmente, hay precios que son una locura\u201d,\u00a0<\/em>explic\u00f3 la mujer.<\/p>\n\n\n\n<p>Adem\u00e1s, coment\u00f3 que la mayor\u00eda de los clientes compra dos remeras y un equipo deportivo para que les dure todo el a\u00f1o. \u201c<em>Pero antes de concretar la compra noto que hacen muchas consultas hasta decidir el precio m\u00e1s conveniente y la mejor calidad\u201d,<\/em>&nbsp;expres\u00f3.<\/p>\n\n\n\n<p>La vendedora recibe pedidos al\u00a0<strong>2613 437617<\/strong>\u00a0y la entrega es coordinada por zona de Godoy Cruz y Ciudad.<\/p>\n\n\n\n<p><strong>Fuente: www.elsol.com.ar<\/strong><\/p>\n","protected":false},"excerpt":{"rendered":"<p>Luego de anticiparse con la compra de \u00fatiles para el ciclo lectivo 2024, que arranca el pr\u00f3ximo 26 de febrero,&nbsp;muchas familias mendocinas comenzaron la b\u00fasqueda de uniformes escolares a buenos precios, pero tambi\u00e9n de buena calidad, misi\u00f3n no muy sencilla para los tiempos que corren. De acuerdo con lo reportado por algunos empresarios,\u00a0los aumentos respecto [&hellip;]<\/p>\n","protected":false},"author":2,"featured_media":4966,"comment_status":"open","ping_status":"open","sticky":false,"template":"","format":"standard","meta":[],"categories":[75],"tags":[],"_links":{"self":[{"href":"https:\/\/pasaenmendoza.com\/index.php?rest_route=\/wp\/v2\/posts\/4959"}],"collection":[{"href":"https:\/\/pasaenmendoza.com\/index.php?rest_route=\/wp\/v2\/posts"}],"about":[{"href":"https:\/\/pasaenmendoza.com\/index.php?rest_route=\/wp\/v2\/types\/post"}],"author":[{"embeddable":true,"href":"https:\/\/pasaenmendoza.com\/index.php?rest_route=\/wp\/v2\/users\/2"}],"replies":[{"embeddable":true,"href":"https:\/\/pasaenmendoza.com\/index.php?rest_route=%2Fwp%2Fv2%2Fcomments&post=4959"}],"version-history":[{"count":1,"href":"https:\/\/pasaenmendoza.com\/index.php?rest_route=\/wp\/v2\/posts\/4959\/revisions"}],"predecessor-version":[{"id":4967,"href":"https:\/\/pasaenmendoza.com\/index.php?rest_route=\/wp\/v2\/posts\/4959\/revisions\/4967"}],"wp:featuredmedia":[{"embeddable":true,"href":"https:\/\/pasaenmendoza.com\/index.php?rest_route=\/wp\/v2\/media\/4966"}],"wp:attachment":[{"href":"https:\/\/pasaenmendoza.com\/index.php?rest_route=%2Fwp%2Fv2%2Fmedia&parent=4959"}],"wp:term":[{"taxonomy":"category","embeddable":true,"href":"https:\/\/pasaenmendoza.com\/index.php?rest_route=%2Fwp%2Fv2%2Fcategories&post=4959"},{"taxonomy":"post_tag","embeddable":true,"href":"https:\/\/pasaenmendoza.com\/index.php?rest_route=%2Fwp%2Fv2%2Ftags&post=4959"}],"curies":[{"name":"wp","href":"https:\/\/api.w.org\/{rel}","templated":true}]}}