{"id":4962,"date":"2024-01-30T13:39:30","date_gmt":"2024-01-30T12:39:30","guid":{"rendered":"https:\/\/pasaenmendoza.com\/?p=4962"},"modified":"2024-01-30T13:40:53","modified_gmt":"2024-01-30T12:40:53","slug":"nieri-represento-a-mendoza-en-la-reunion-con-francos-y-jxc-confirmo-su-apoyo-a-la-ley-omnibus","status":"publish","type":"post","link":"https:\/\/pasaenmendoza.com\/?p=4962","title":{"rendered":"Nieri represent\u00f3 a Mendoza en la reuni\u00f3n con Francos y JxC confirm\u00f3 su apoyo a la Ley \u00d3mnibus"},"content":{"rendered":"\n<p>El diputado y exministro de Hacienda estuvo como uno de los emisarios locales de Alfredo Cornejo. No hubo cambios en impuestos coparticipables, pero s\u00ed una promesa de cuidar las finanzas de las provincias<\/p>\n\n\n\n<p>El diputado nacional<strong>&nbsp;Lisandro Nieri&nbsp;<\/strong>fue el&nbsp;enviado por Mendoza al encuentro con el ministro del Interior,<strong>&nbsp;Guillermo Francos<\/strong>, este lunes por la noche. La reuni\u00f3n sirvi\u00f3 para que una porci\u00f3n de Juntos por el Cambio y tres gobernadores peronistas consensuaran sobre alcances y pormenores de la<strong>&nbsp;Ley Bases<\/strong>&nbsp;(tambi\u00e9n llamada&nbsp;<strong>&#8220;\u00d3mnibus&#8221;<\/strong>) y comenzaran a comprometer su apoyo. Hubo promesa de proteger las cuentas de las provincias por parte del Ejecutivo y se allan\u00f3 el camino de cara a la votaci\u00f3n del mi\u00e9rcoles.<\/p>\n\n\n\n<p>Alrededor de las 20 de este lunes<strong>, legisladores y gobernadores comenzaron a desfilar por las puertas del Consejo Federal de Inversiones (CFI)<\/strong>&nbsp;en la Ciudad de Buenos Aires.<\/p>\n\n\n\n<p>El mit\u00edn dur\u00f3 menos&nbsp;<strong>de dos horas y durante la primera parte cont\u00f3 con la presencia de Francos,&nbsp;<\/strong>el orador principal que envi\u00f3 el presidente Javier Milei para continuar&nbsp;<strong>convenciendo<\/strong>&nbsp;a los referentes de las 24 jurisdicciones. El objetivo: asegurar la mayor\u00eda para obtener una victoria cuando&nbsp;<strong>el conjunto de normas se trate&nbsp;<\/strong>en el recinto, en cuesti\u00f3n de horas.<\/p>\n\n\n\n<p>Para lograr esos avales,&nbsp;<strong>el cap\u00edtulo de las finanzas provinciales fue de los m\u00e1s importantes.&nbsp;<\/strong>Hubo una definici\u00f3n expl\u00edcita -cuentan los presentes- respecto a que se<strong>&nbsp;&#8220;proteger\u00edan&#8221; las gestiones de los gobernadores al sostener ese financiamiento&nbsp;<\/strong>a las provincias desde Casa Rosada.<\/p>\n\n\n\n<p>Sin embargo, trascendi\u00f3 tambi\u00e9n que dos de los puntos que inquietan a los mandatarios no sufrieron cambios: ni se reflot\u00f3 la idea de volver a instalar&nbsp;<strong>Ganancias&nbsp;<\/strong>-que les interesa por ser coparticipable- y<strong>&nbsp;tampoco se coparticipar\u00e1 un 30% del Impuesto PAIS.&nbsp;<\/strong>Sobre esto \u00faltimo hubo versiones de una supuesta promesa del Ejecutivo, pero oficialmente se inform\u00f3 que &#8220;se tratar\u00e1 m\u00e1s adelante&#8221; junto a todo el cap\u00edtulo fiscal.<\/p>\n\n\n\n<p>Lo que s\u00ed qued\u00f3 ratificado fue la<strong>&nbsp;eliminaci\u00f3n de retenciones&nbsp;<\/strong>a productos agr\u00edcolas regionales, que a principios de la gesti\u00f3n libertaria insinuaron incrementarse hasta<strong>&nbsp;un 15% -para el vino,<\/strong>&nbsp;por ejemplo-; que luego se redujeron a 8% y finalmente decidieron que quedar\u00edan sin cambios. Todos los diputados por Mendoza<strong>&nbsp;-salvo los de LLA- ya hab\u00edan anticipado que votar\u00edan en contra<\/strong>&nbsp;ese apartado. Haberlo dejado en cero fue uno de los puntos que m\u00e1s allanaron el camino al proyecto.<\/p>\n\n\n\n<p>Como cont\u00f3&nbsp;<strong>UNO&nbsp;<\/strong>en las \u00faltimas horas, el gobernador<strong>&nbsp;Alfredo Cornejo no logr\u00f3 llegar a tiempo de su viaje por Espa\u00f1a<\/strong>&nbsp;al encuentro, y por eso los representantes mendocinos fueron&nbsp;<strong>Nieri&nbsp;<\/strong>y, de acuerdo a las im\u00e1genes que trascendieron del c\u00f3nclave,<strong>&nbsp;Pamela Verasay.<\/strong><\/p>\n\n\n\n<p>No fueron los \u00fanicos que estuvieron en representaci\u00f3n de sus mandatarios provinciales:&nbsp;<strong>Ra\u00fal Jalil<\/strong>, de Catamarca, envi\u00f3 a su vice,&nbsp;<strong>Rub\u00e9n Dusso<\/strong>; y por el tucumano<strong>&nbsp;Osvaldo Jaldo acudi\u00f3 el legislador provincial Sergio Mansilla.<\/strong>&nbsp;Jalil y Jaldo son dos de los peronistas que acompa\u00f1ar\u00edan el tratamiento de la<strong>&nbsp;Ley Bases.<\/strong><\/p>\n\n\n\n<h2 class=\"wp-block-heading\">C\u00f3mo sigue el tratamiento<\/h2>\n\n\n\n<p>Adem\u00e1s de Nieri y Verasay, del encuentro participaron los gobernadores<strong>&nbsp;Ignacio Torres<\/strong>&nbsp;(Chubut),&nbsp;<strong>Mart\u00edn Llaryora<\/strong>&nbsp;(C\u00f3rdoba),&nbsp;<strong>Jorge Macri&nbsp;<\/strong>(CABA),&nbsp;<strong>Rogelio Frigerio&nbsp;<\/strong>(Entre R\u00edos),&nbsp;<strong>Gustavo Vald\u00e9s<\/strong>&nbsp;(Corrientes),&nbsp;<strong>Claudio Poggi<\/strong>&nbsp;(San Luis),&nbsp;<strong>Marcelo Orrego<\/strong>&nbsp;(San Juan),&nbsp;<strong>Leandro Zdero<\/strong>&nbsp;(Chaco) y&nbsp;<strong>Carlos Sadir<\/strong>&nbsp;(Jujuy). Su par mendocino,<strong>&nbsp;Alfredo Cornejo<\/strong>, no pudo estar presente por un viaje.<\/p>\n\n\n\n<p>Tambi\u00e9n asistieron los diputados nacionales&nbsp;<strong>Cristian Ritondo, Diego Santilli, Dami\u00e1n Arabia<\/strong>,&nbsp;<strong>Rodrigo De Loredo, Nicol\u00e1s Massot y Emilio Monz\u00f3.&nbsp;<\/strong>La participaci\u00f3n de diversas fuerzas (UCR, PRO, Hacemos Coalici\u00f3n Federal y parte del PJ &#8220;dialoguista&#8221;) marc\u00f3 el acercamiento que Milei considera necesario para convertir en realidad la Ley \u00d3mnibus.<\/p>\n\n\n\n<p>Por parte de los mendocinos no hubo declaraciones a\u00fan. S\u00ed lo hicieron algunos de los gobernadores del&nbsp;<strong>PRO que estuvieron presentes, como Ignacio Torres,<\/strong>&nbsp;quien asegur\u00f3 que la convocatoria&nbsp;<strong>&#8220;logr\u00f3 destrabar muchos aspectos&#8221;<\/strong>&nbsp;que a\u00fan estaban pendientes en la mesa de negociaciones. Adem\u00e1s, trascendi\u00f3 que logr\u00f3 cerrar&nbsp;<strong>un acuerdo para una obra de gas junto con las provincias de R\u00edo Negro y Santa Cruz.<\/strong>&nbsp;Desde hace tiempo ven\u00edan trabajando en conjunto para garantizar que los colegios de esas provincias patag\u00f3nicas tuviesen garantizada la calefacci\u00f3n durante el ciclo lectivo.<\/p>\n\n\n\n<p>La Ley \u00d3mnibus<strong>, ya con 300 art\u00edculos menos y sin tratamiento de asuntos fiscales ni impositivos,&nbsp;<\/strong>como as\u00ed tambi\u00e9n con modificaciones en temas de seguridad y menos facultades delegadas al<strong>&nbsp;Ejecutivo, se discutir\u00e1 desde las 10 de este mi\u00e9rcoles 31 de enero,&nbsp;<\/strong>seg\u00fan dispuso el Congreso.<\/p>\n\n\n\n<p>Se esperan m\u00e1s de 30 horas de debate, con la f\u00e9rrea oposici\u00f3n de Uni\u00f3n por la Patria, pero el apoyo de sectores<strong>&nbsp;por ahora afines a lo que propone La Libertad Avanza.<\/strong><\/p>\n\n\n\n<p>FUENTE: Diariouno.com.ar<\/p>\n","protected":false},"excerpt":{"rendered":"<p>El diputado y exministro de Hacienda estuvo como uno de los emisarios locales de Alfredo Cornejo. No hubo cambios en impuestos coparticipables, pero s\u00ed una promesa de cuidar las finanzas de las provincias El diputado nacional&nbsp;Lisandro Nieri&nbsp;fue el&nbsp;enviado por Mendoza al encuentro con el ministro del Interior,&nbsp;Guillermo Francos, este lunes por la noche. La reuni\u00f3n [&hellip;]<\/p>\n","protected":false},"author":2,"featured_media":4963,"comment_status":"open","ping_status":"open","sticky":true,"template":"","format":"standard","meta":[],"categories":[47],"tags":[],"_links":{"self":[{"href":"https:\/\/pasaenmendoza.com\/index.php?rest_route=\/wp\/v2\/posts\/4962"}],"collection":[{"href":"https:\/\/pasaenmendoza.com\/index.php?rest_route=\/wp\/v2\/posts"}],"about":[{"href":"https:\/\/pasaenmendoza.com\/index.php?rest_route=\/wp\/v2\/types\/post"}],"author":[{"embeddable":true,"href":"https:\/\/pasaenmendoza.com\/index.php?rest_route=\/wp\/v2\/users\/2"}],"replies":[{"embeddable":true,"href":"https:\/\/pasaenmendoza.com\/index.php?rest_route=%2Fwp%2Fv2%2Fcomments&post=4962"}],"version-history":[{"count":2,"href":"https:\/\/pasaenmendoza.com\/index.php?rest_route=\/wp\/v2\/posts\/4962\/revisions"}],"predecessor-version":[{"id":4965,"href":"https:\/\/pasaenmendoza.com\/index.php?rest_route=\/wp\/v2\/posts\/4962\/revisions\/4965"}],"wp:featuredmedia":[{"embeddable":true,"href":"https:\/\/pasaenmendoza.com\/index.php?rest_route=\/wp\/v2\/media\/4963"}],"wp:attachment":[{"href":"https:\/\/pasaenmendoza.com\/index.php?rest_route=%2Fwp%2Fv2%2Fmedia&parent=4962"}],"wp:term":[{"taxonomy":"category","embeddable":true,"href":"https:\/\/pasaenmendoza.com\/index.php?rest_route=%2Fwp%2Fv2%2Fcategories&post=4962"},{"taxonomy":"post_tag","embeddable":true,"href":"https:\/\/pasaenmendoza.com\/index.php?rest_route=%2Fwp%2Fv2%2Ftags&post=4962"}],"curies":[{"name":"wp","href":"https:\/\/api.w.org\/{rel}","templated":true}]}}