{"id":4968,"date":"2024-01-30T13:50:07","date_gmt":"2024-01-30T12:50:07","guid":{"rendered":"https:\/\/pasaenmendoza.com\/?p=4968"},"modified":"2024-01-30T13:50:08","modified_gmt":"2024-01-30T12:50:08","slug":"el-gobierno-provincial-confirmo-cuando-cobraran-los-estatales","status":"publish","type":"post","link":"https:\/\/pasaenmendoza.com\/?p=4968","title":{"rendered":"El gobierno provincial confirm\u00f3 cu\u00e1ndo cobrar\u00e1n los estatales"},"content":{"rendered":"\n<p>El gobierno provincial confirm\u00f3 que este mi\u00e9rcoles, \u00faltimo d\u00eda h\u00e1bil de enero,\u00a0<em>\u201clos empleados estatales tendr\u00e1n depositado su sueldo\u201d.<\/em><\/p>\n\n\n\n<p>Hay que recordar que este lunes se reanudaron las paritarias, con una oferta inicial que no convenci\u00f3 al\u00a0<strong>Sindicato Unido de Trabajadores de la Educaci\u00f3n (SUTE) y a la Asociaci\u00f3n de Trabajadores del Estado (ATE)<\/strong>, que rechazaron la propuesta. Este martes se sentar\u00e1 a la mesa de negociaci\u00f3n la\u00a0<strong>Asociaci\u00f3n Mendocina de Profesionales de la Salud (Ampros).<\/strong><\/p>\n\n\n\n<p>La propuesta salarial, que se suma a lo ya percibido durante enero 2024, es:<\/p>\n\n\n\n<ul>\n<li>12% en febrero.<\/li>\n\n\n\n<li>12% en marzo.<\/li>\n\n\n\n<li>Suma fija de $60.000 para pagar en febrero no remunerativa y no bonificable.<\/li>\n<\/ul>\n\n\n\n<p><em>\u201cEsta oferta es cumplible y se elabor\u00f3 con base en los recursos genuinos con los que cuenta la provincia\u201d<\/em>, coment\u00f3&nbsp;<strong>Mariana Lima<\/strong>, directora de Pol\u00edtica Salarial del Gobierno de Mendoza.<\/p>\n\n\n\n<p>\u201c<em>La hemos rechazado por ser insuficiente, sabemos lo que estamos pasando los trabajadores con todos los aumentos que se han suscitado. Nos preocupa no poder llegar a fin de mes<\/em>\u201d, respondi\u00f3\u00a0<strong>Carina Sedano<\/strong>, secretaria General del SUTE.<\/p>\n\n\n\n<p>Mientras que&nbsp;<strong>Roberto Macho<\/strong>, referente de ATE, explic\u00f3 que&nbsp;<em>\u201cla oferta ha sido rechazada por ser insuficiente\u201d.&nbsp;<\/em>Y agreg\u00f3: \u201c<em>No podemos aceptar un aumento del 12%. Y si van a entregar un bono, entonces tiene que ser uno que se pueda sentir, por ende no puede estar por menos de 100.000 pesos<\/em>\u201d.<\/p>\n\n\n\n<p>En el caso del\u00a0<strong>SUTE<\/strong>, la reuni\u00f3n pas\u00f3 a un cuarto intermedio para el pr\u00f3ximo lunes. El d\u00eda siguiente ser\u00e1 el nuevo turno de\u00a0<strong>ATE<\/strong>.<\/p>\n\n\n\n<p><strong>Fuente: www.elsol.com.ar<\/strong><\/p>\n","protected":false},"excerpt":{"rendered":"<p>El gobierno provincial confirm\u00f3 que este mi\u00e9rcoles, \u00faltimo d\u00eda h\u00e1bil de enero,\u00a0\u201clos empleados estatales tendr\u00e1n depositado su sueldo\u201d. Hay que recordar que este lunes se reanudaron las paritarias, con una oferta inicial que no convenci\u00f3 al\u00a0Sindicato Unido de Trabajadores de la Educaci\u00f3n (SUTE) y a la Asociaci\u00f3n de Trabajadores del Estado (ATE), que rechazaron la [&hellip;]<\/p>\n","protected":false},"author":2,"featured_media":4969,"comment_status":"open","ping_status":"open","sticky":false,"template":"","format":"standard","meta":[],"categories":[50],"tags":[],"_links":{"self":[{"href":"https:\/\/pasaenmendoza.com\/index.php?rest_route=\/wp\/v2\/posts\/4968"}],"collection":[{"href":"https:\/\/pasaenmendoza.com\/index.php?rest_route=\/wp\/v2\/posts"}],"about":[{"href":"https:\/\/pasaenmendoza.com\/index.php?rest_route=\/wp\/v2\/types\/post"}],"author":[{"embeddable":true,"href":"https:\/\/pasaenmendoza.com\/index.php?rest_route=\/wp\/v2\/users\/2"}],"replies":[{"embeddable":true,"href":"https:\/\/pasaenmendoza.com\/index.php?rest_route=%2Fwp%2Fv2%2Fcomments&post=4968"}],"version-history":[{"count":1,"href":"https:\/\/pasaenmendoza.com\/index.php?rest_route=\/wp\/v2\/posts\/4968\/revisions"}],"predecessor-version":[{"id":4971,"href":"https:\/\/pasaenmendoza.com\/index.php?rest_route=\/wp\/v2\/posts\/4968\/revisions\/4971"}],"wp:featuredmedia":[{"embeddable":true,"href":"https:\/\/pasaenmendoza.com\/index.php?rest_route=\/wp\/v2\/media\/4969"}],"wp:attachment":[{"href":"https:\/\/pasaenmendoza.com\/index.php?rest_route=%2Fwp%2Fv2%2Fmedia&parent=4968"}],"wp:term":[{"taxonomy":"category","embeddable":true,"href":"https:\/\/pasaenmendoza.com\/index.php?rest_route=%2Fwp%2Fv2%2Fcategories&post=4968"},{"taxonomy":"post_tag","embeddable":true,"href":"https:\/\/pasaenmendoza.com\/index.php?rest_route=%2Fwp%2Fv2%2Ftags&post=4968"}],"curies":[{"name":"wp","href":"https:\/\/api.w.org\/{rel}","templated":true}]}}