{"id":4973,"date":"2024-01-30T13:56:57","date_gmt":"2024-01-30T12:56:57","guid":{"rendered":"https:\/\/pasaenmendoza.com\/?p=4973"},"modified":"2024-01-30T13:56:58","modified_gmt":"2024-01-30T12:56:58","slug":"medicos-de-mendoza-cobraran-a-partir-del-jueves-12-000-la-consulta-a-afiliados-a-prepagas","status":"publish","type":"post","link":"https:\/\/pasaenmendoza.com\/?p=4973","title":{"rendered":"M\u00e9dicos de Mendoza cobrar\u00e1n a partir del jueves $12.000 la consulta a afiliados a prepagas"},"content":{"rendered":"\n<p>El\u00a0<strong>C\u00edrculo M\u00e9dico de Mendoza confirm\u00f3 este lunes, que desde el 1 de febrero el valor de\u00a0la consulta m\u00e9dica ascender\u00e1 a $12.000\u00a0y<\/strong>\u00a0se cobrar\u00e1n a los afiliados de obras sociales, prepagas y mutuales. Los profesionales de la salud aplican desde octubre este<strong>\u00a0coseguro para compensar la falta de actualizaci\u00f3n en los aranceles en un conflicto con los gerenciadores del sistema<\/strong>.<\/p>\n\n\n\n<p>A trav\u00e9s de un comunicado, que est\u00e1 avalado por la Conferederaci\u00f3n M\u00e9dica de la Rep\u00fablica Argentina (COMRA) se sugiere &#8220;como valor \u00e9tico, digno y m\u00ednimo para la consulta m\u00e9dica, el monto de $12.000&#8221;.<\/p>\n\n\n\n<p>Hasta ahora, el plus que deben pagar los afiliados a la medicina prepaga era de $10.000 para la atenci\u00f3n generalista y para la psiquiatr\u00eda ya ascend\u00eda a $14.000.<\/p>\n\n\n\n<p>Hace algunas semanas ya se especulaba de que la consulta m\u00e9dica tuviera un fuerte aumento, teniendo en cuenta que se autoriz\u00f3 una suba del 40% para la medicina privada.<\/p>\n\n\n\n<h2 class=\"wp-block-heading\"><strong>El comunicado<\/strong><\/h2>\n\n\n\n<p>El documento dado a conocer este lunes por el C\u00edrculo M\u00e9dico de Mendoza dice textualmente:<\/p>\n\n\n\n<p>&#8220;La decisi\u00f3n de actualizar este valor ha sido tomada tras una cuidadosa deliberaci\u00f3n y con el respaldo del Consejo Directivo de la COMRA (Confederaci\u00f3n M\u00e9dica de la Rep\u00fablica Argentina), entidad de la cual nuestra dederaci\u00f3n es miembro activo.<\/p>\n\n\n\n<p>Esta medida se fundamenta en la necesidad de adaptar los honorarios a la realidad econ\u00f3mica actual, permitiendo continuar brindando un servicio de salud de calidad a la comunidad.<\/p>\n\n\n\n<p>Solicitamos a todos los actores involucrados la comprensi\u00f3n y pronta aceptaci\u00f3n de este nuevo valor. En caso de no adhesi\u00f3n al mismo, los profesionales de la salud tendr\u00e1n la facultad de requerir a sus pacientes la diferencia necesaria para completar el monto mencionado.<\/p>\n\n\n\n<p>Confiamos en que las autoridades de turno promuevan las acciones necesarias a los efectos de extender la cobertura real de los ciudadanos y garantizar una calidad homog\u00e9nea de los servicios a toda la poblaci\u00f3n bajo los paradigmas de inclusi\u00f3n y equidad&#8221;.<\/p>\n\n\n\n<p><strong>Fuente: www.diariouno.com.ar<\/strong><\/p>\n","protected":false},"excerpt":{"rendered":"<p>El\u00a0C\u00edrculo M\u00e9dico de Mendoza confirm\u00f3 este lunes, que desde el 1 de febrero el valor de\u00a0la consulta m\u00e9dica ascender\u00e1 a $12.000\u00a0y\u00a0se cobrar\u00e1n a los afiliados de obras sociales, prepagas y mutuales. Los profesionales de la salud aplican desde octubre este\u00a0coseguro para compensar la falta de actualizaci\u00f3n en los aranceles en un conflicto con los gerenciadores [&hellip;]<\/p>\n","protected":false},"author":2,"featured_media":4978,"comment_status":"open","ping_status":"open","sticky":false,"template":"","format":"standard","meta":[],"categories":[58],"tags":[],"_links":{"self":[{"href":"https:\/\/pasaenmendoza.com\/index.php?rest_route=\/wp\/v2\/posts\/4973"}],"collection":[{"href":"https:\/\/pasaenmendoza.com\/index.php?rest_route=\/wp\/v2\/posts"}],"about":[{"href":"https:\/\/pasaenmendoza.com\/index.php?rest_route=\/wp\/v2\/types\/post"}],"author":[{"embeddable":true,"href":"https:\/\/pasaenmendoza.com\/index.php?rest_route=\/wp\/v2\/users\/2"}],"replies":[{"embeddable":true,"href":"https:\/\/pasaenmendoza.com\/index.php?rest_route=%2Fwp%2Fv2%2Fcomments&post=4973"}],"version-history":[{"count":1,"href":"https:\/\/pasaenmendoza.com\/index.php?rest_route=\/wp\/v2\/posts\/4973\/revisions"}],"predecessor-version":[{"id":4979,"href":"https:\/\/pasaenmendoza.com\/index.php?rest_route=\/wp\/v2\/posts\/4973\/revisions\/4979"}],"wp:featuredmedia":[{"embeddable":true,"href":"https:\/\/pasaenmendoza.com\/index.php?rest_route=\/wp\/v2\/media\/4978"}],"wp:attachment":[{"href":"https:\/\/pasaenmendoza.com\/index.php?rest_route=%2Fwp%2Fv2%2Fmedia&parent=4973"}],"wp:term":[{"taxonomy":"category","embeddable":true,"href":"https:\/\/pasaenmendoza.com\/index.php?rest_route=%2Fwp%2Fv2%2Fcategories&post=4973"},{"taxonomy":"post_tag","embeddable":true,"href":"https:\/\/pasaenmendoza.com\/index.php?rest_route=%2Fwp%2Fv2%2Ftags&post=4973"}],"curies":[{"name":"wp","href":"https:\/\/api.w.org\/{rel}","templated":true}]}}