{"id":4975,"date":"2024-01-30T13:55:35","date_gmt":"2024-01-30T12:55:35","guid":{"rendered":"https:\/\/pasaenmendoza.com\/?p=4975"},"modified":"2024-01-30T13:55:36","modified_gmt":"2024-01-30T12:55:36","slug":"buscan-a-otro-joven-que-fue-arrastrado-por-el-rio-mendoza","status":"publish","type":"post","link":"https:\/\/pasaenmendoza.com\/?p=4975","title":{"rendered":"Buscan a otro joven que fue arrastrado por el R\u00edo Mendoza"},"content":{"rendered":"\n<p>A la b\u00fasqueda del<strong>&nbsp;joven de 16 a\u00f1os que cay\u00f3 al R\u00edo Mendoza en Las Compuertas, este domingo por la tarde, se le sum\u00f3 otro joven, de 19 a\u00f1os<\/strong>, que tambi\u00e9n fue arrastrado por la corriente del r\u00edo pero&nbsp;<strong>en la zona de Carril Chimbas<\/strong>, espec\u00edficamente en la Finca Caballero, Tres Porte\u00f1as.<\/p>\n\n\n\n<p>El segundo joven buscado, identificado como R. C, hab\u00eda estado nadando en el cauce cuando por la crecida del r\u00edo, lo perdieron de vista.\u00a0<strong>El cu\u00f1ado del joven avis\u00f3 a la polic\u00eda cerca de las 16 horas\u00a0<\/strong>de este domingo e inmediatamente comenz\u00f3 la b\u00fasqueda encabezada por los Bomberos de Polic\u00eda de Mendoza, el personal de Polic\u00eda Rural, y con la ayuda de veh\u00edculos a\u00e9reos no tripulados (VANT).\u00a0<\/p>\n\n\n\n<p>En tanto que la b\u00fasqueda del joven de 16 a\u00f1os que fue visto por \u00faltima vez a la altura de Las Compuertas, est\u00e1 a cargo de personal de Bomberos, de la Polic\u00eda de Mendoza y Bomberos Voluntarios de Luj\u00e1n, con gomones y Kayak.\u00a0<\/p>\n\n\n\n<p>El adolescente&nbsp;<strong>se estaba ba\u00f1ando a la altura del Dique Cipolletti cuando la corriente lo arrastr\u00f3&nbsp;<\/strong>y varios llamados llegaron al 911 para informar que una persona hab\u00eda ca\u00eddo al r\u00edo en zona de Las Compuertas, despu\u00e9s de pasar el Paso de los Arrieros.&nbsp;<\/p>\n\n\n\n<p>Polic\u00edas y bomberos se trasladaron hasta el lugar pasadas las 18 y desplegaron un operativo. Luego<strong>&nbsp;se sum\u00f3 el helic\u00f3ptero Policial para buscarlo por aire.<\/strong><\/p>\n\n\n\n<p>A pesar de los esfuerzos sostenidos durante la tarde y noche, hasta el momento,\u00a0<strong>no se ha logrado localizar a ninguno de los j\u00f3venes desaparecidos<\/strong>. Las condiciones del R\u00edo Mendoza, afectado por la crecida, han presentado desaf\u00edos adicionales para las labores de b\u00fasqueda y rescate.<\/p>\n\n\n\n<p><strong>Fuente: www.mendozapost.com<\/strong><\/p>\n","protected":false},"excerpt":{"rendered":"<p>A la b\u00fasqueda del&nbsp;joven de 16 a\u00f1os que cay\u00f3 al R\u00edo Mendoza en Las Compuertas, este domingo por la tarde, se le sum\u00f3 otro joven, de 19 a\u00f1os, que tambi\u00e9n fue arrastrado por la corriente del r\u00edo pero&nbsp;en la zona de Carril Chimbas, espec\u00edficamente en la Finca Caballero, Tres Porte\u00f1as. El segundo joven buscado, identificado [&hellip;]<\/p>\n","protected":false},"author":2,"featured_media":4976,"comment_status":"open","ping_status":"open","sticky":false,"template":"","format":"standard","meta":[],"categories":[48],"tags":[],"_links":{"self":[{"href":"https:\/\/pasaenmendoza.com\/index.php?rest_route=\/wp\/v2\/posts\/4975"}],"collection":[{"href":"https:\/\/pasaenmendoza.com\/index.php?rest_route=\/wp\/v2\/posts"}],"about":[{"href":"https:\/\/pasaenmendoza.com\/index.php?rest_route=\/wp\/v2\/types\/post"}],"author":[{"embeddable":true,"href":"https:\/\/pasaenmendoza.com\/index.php?rest_route=\/wp\/v2\/users\/2"}],"replies":[{"embeddable":true,"href":"https:\/\/pasaenmendoza.com\/index.php?rest_route=%2Fwp%2Fv2%2Fcomments&post=4975"}],"version-history":[{"count":1,"href":"https:\/\/pasaenmendoza.com\/index.php?rest_route=\/wp\/v2\/posts\/4975\/revisions"}],"predecessor-version":[{"id":4977,"href":"https:\/\/pasaenmendoza.com\/index.php?rest_route=\/wp\/v2\/posts\/4975\/revisions\/4977"}],"wp:featuredmedia":[{"embeddable":true,"href":"https:\/\/pasaenmendoza.com\/index.php?rest_route=\/wp\/v2\/media\/4976"}],"wp:attachment":[{"href":"https:\/\/pasaenmendoza.com\/index.php?rest_route=%2Fwp%2Fv2%2Fmedia&parent=4975"}],"wp:term":[{"taxonomy":"category","embeddable":true,"href":"https:\/\/pasaenmendoza.com\/index.php?rest_route=%2Fwp%2Fv2%2Fcategories&post=4975"},{"taxonomy":"post_tag","embeddable":true,"href":"https:\/\/pasaenmendoza.com\/index.php?rest_route=%2Fwp%2Fv2%2Ftags&post=4975"}],"curies":[{"name":"wp","href":"https:\/\/api.w.org\/{rel}","templated":true}]}}