{"id":4980,"date":"2024-01-30T14:01:31","date_gmt":"2024-01-30T13:01:31","guid":{"rendered":"https:\/\/pasaenmendoza.com\/?p=4980"},"modified":"2024-01-30T14:01:32","modified_gmt":"2024-01-30T13:01:32","slug":"quienes-son-los-tres-detenidos-por-el-asesinato-que-genero-una-pueblada-en-lujan","status":"publish","type":"post","link":"https:\/\/pasaenmendoza.com\/?p=4980","title":{"rendered":"Qui\u00e9nes son los tres detenidos por el asesinato que gener\u00f3 una pueblada en Luj\u00e1n"},"content":{"rendered":"\n<p>Pelea entre familias de Luj\u00e1n. Un hombre muerto a balazos, su hermano herido tambi\u00e9n por un proyectil de arma de fuego en una pierna y vecinos que buscaron venganza prendiendo fuego las propiedades de los sospechosos. Un combo explosivo que se prolong\u00f3 durante horas.<\/p>\n\n\n\n<p>El crimen de\u00a0<strong>N\u00e9stor Ezequiel Magallanes\u00a0<\/strong>(33) ocurri\u00f3 la noche del 24 de enero en el barrio Las Margaritas de Mayor Drummond y motiv\u00f3 una significativa investigaci\u00f3n en la Divisi\u00f3n Homicidios y la fiscal\u00eda de Claudia R\u00edos.<\/p>\n\n\n\n<p>Los resultados fueron positivos entre el viernes y este lunes, luego del an\u00e1lisis de las pruebas que se levantaron en la escena y la declaraci\u00f3n de testigos e informantes:&nbsp;<mark>efectivos capturaron al presunto autor de los disparos y a dos hermanos que tambi\u00e9n habr\u00edan participado del ataque. Las medidas se desarrollaron en las localidades de Coquimbito y El Carrizal de Maip\u00fa y Luj\u00e1n, respectivamente. &nbsp;<\/mark><\/p>\n\n\n\n<p>El primero fue identificado como\u00a0<strong>Agust\u00edn Germ\u00e1n Lucero<\/strong>, domiciliado en el barrio Pinar de Luj\u00e1n de Cuyo. Naci\u00f3 el 25 de febrero del 2004 y comenz\u00f3 a ser seguido por efectivos de la UID departamental luego de una informaci\u00f3n que revel\u00f3 su paradero. En la instrucci\u00f3n,<strong>\u00a0lo marcaron desde un inicio como autor de los disparos que terminaron con la vida de Magallanes<\/strong>, quien era llamado por sus m\u00e1s \u00edntimos como\u00a0<strong><em>Pelado.<\/em><\/strong><\/p>\n\n\n\n<p>Los polic\u00edas desarrollaron vigilancias en la propiedad, tipo finca y ubicada sobre calle Julio Argentino Roca de Coquimbito, y confirmaron las sospechas con respecto a este sujeto.<\/p>\n\n\n\n<p>Cre\u00edan que tambi\u00e9n permanec\u00edan ocultos en ese lugar los otros dos sospechosos de los ataques por una serie de indicios que se plasmaron en la causa, dos hermanos conocidos como&nbsp;<strong>Negro<\/strong>&nbsp;y&nbsp;<em>Bebe&nbsp;<\/em>e identificados como&nbsp;<strong>Jorge (26) y Antonio Palma (24),&nbsp;<\/strong>respectivamente (cu\u00f1ados de Lucero), pero esto no era as\u00ed.<\/p>\n\n\n\n<p>Lo cierto es que mientras trabajaban en la zona, observaron a un sujeto de iguales caracter\u00edsticas a Lucero y tambi\u00e9n a la madre de los hermanos Palma en el interior de la propiedad. R\u00e1pidamente, rodearon el inmueble y la mujer permiti\u00f3 el ingreso de los polic\u00edas. La expectativa era intensa por esos momentos.<\/p>\n\n\n\n<p><mark>Procedieron a la captura de Lucero y revisaron la propiedad con el objetivo de encontrar armas de fuego y tambi\u00e9n a los otros dos sujetos<\/mark>. Sin embargo, la medida result\u00f3 negativa con respecto a esto \u00faltimo.<\/p>\n\n\n\n<p>Con el paso de las horas, y gracias a aportes de personal uniformado del departamento, los efectivos de Homicidios llegaron este lunes por la ma\u00f1ana a un domicilio de calle El Remanso sin n\u00famero de El Carrizal.\u00a0<strong>Los pesquisas ten\u00edan el dato desde un d\u00eda antes sobre el posible lugar de ocultamiento de los hermanos Palma<\/strong>, una casa abandonada que estaba bajo la protecci\u00f3n de un tal\u00a0<em>\u201cMecha\u201d. \u00a0<\/em><\/p>\n\n\n\n<p>Efectivamente, en horas de la ma\u00f1ana, los vieron salir de la propiedad y procedieron a hacer efectiva la orden de detenci\u00f3n. Sin embargo, no fue una tarea sencilla:\u00a0<strong>se dieron a la fuga unos pocos metros y terminaron siendo reducidos.<\/strong><\/p>\n\n\n\n<p>Los identificaron y quedaron alojados preventivamente en la Oficina Fiscal N\u00ba11 a disposici\u00f3n de la fiscal Claudia R\u00edos, quien los iba a imputar por su presunta participaci\u00f3n en el hecho.<\/p>\n\n\n\n<p>Ambos tienen domicilio en la manzana E del\u00a0<strong>barrio Primavera<\/strong>\u00a0y fueron marcados por testigos del hecho ocurrido la noche del mi\u00e9rcoles 24. El mayor de ellos era conocido para algunos detectives policiales: supo vivir en el barrio 8 de Abril de Las Heras y lo ten\u00edan marcado como pareja de una prima de los\u00a0<strong>hermanos Saravia<\/strong>\u00a0(<mark>Alexander el\u00a0<em>Chinito\u00a0<\/em>y Agust\u00edn el\u00a0<em>Laucha<\/em><\/mark>), vinculados con asesinatos y disputas de territorialidad en ese departamento, tal como viene revelando este diario e informaron fuentes policiales y judiciales.<\/p>\n\n\n\n<p>As\u00ed las cosas, los tres sospechosos quedaron a disposici\u00f3n de la fiscal\u00a0<em>Claudia R\u00edos\u00a0<\/em>y los imputaron por el asesinato de Magallanes y las lesiones que sufri\u00f3 su hermano. Luego del acto procesal, ordenaron que pasen a la c\u00e1rcel.<\/p>\n\n\n\n<p><strong>C\u00f3mo fue el crimen en Luj\u00e1n<\/strong><\/p>\n\n\n\n<p>El asesinato ocurri\u00f3 hace menos de una semana en el barrio Las Margaritas de Luj\u00e1n.&nbsp;<mark>N\u00e9stor Magallanes y su hermano salieron de un domicilio cuando fueron atacados por \u2013al menos- tres sujetos<\/mark>. Uno portaba un arma de fuego. Las hip\u00f3tesis sobre el hecho no estaban demasiado claras pero apuntaban a&nbsp;<strong>conflictos barriales<\/strong>.<\/p>\n\n\n\n<p>El 911 tom\u00f3 conocimiento sobre un tiroteo en la manzana C del citado complejo y polic\u00edas fueron desplazados hasta la zona. Hab\u00eda dos heridos, los hermanos Magallanes.<\/p>\n\n\n\n<p>El m\u00e1s chico,&nbsp;<strong>Alexander&nbsp;<\/strong>(29) presentaba un disparo en la pierna izquierda y fue derivado al Centro de Salud N\u00ba31. El estado de salud de N\u00e9stor revest\u00eda gravedad por un impacto que hab\u00eda recibido en el pecho.<\/p>\n\n\n\n<p>El&nbsp;<strong><em>Pelado&nbsp;<\/em><\/strong>Magallanes muri\u00f3 a los pocos minutos. Polic\u00eda Cient\u00edfica trabaj\u00f3 en la escena y tambi\u00e9n lo hicieron los integrantes de Homicidios.<mark>&nbsp;Finalizadas las labores, vecinos y conocidos de las v\u00edctimas se dirigieron hasta el barrio Primavera y prendieron fuego tres domicilios de los Palma, adem\u00e1s de un Renault 12.<\/mark><\/p>\n\n\n\n<p>En medio de la pueblada, atacaron a Bomberos Voluntarios de Luj\u00e1n que hab\u00edan llegado hasta la escena para evitar el avance de las llamas.<\/p>\n\n\n\n<p><strong>Fuente: www.elsol.com.ar<\/strong><\/p>\n","protected":false},"excerpt":{"rendered":"<p>Pelea entre familias de Luj\u00e1n. Un hombre muerto a balazos, su hermano herido tambi\u00e9n por un proyectil de arma de fuego en una pierna y vecinos que buscaron venganza prendiendo fuego las propiedades de los sospechosos. Un combo explosivo que se prolong\u00f3 durante horas. El crimen de\u00a0N\u00e9stor Ezequiel Magallanes\u00a0(33) ocurri\u00f3 la noche del 24 de [&hellip;]<\/p>\n","protected":false},"author":2,"featured_media":4981,"comment_status":"open","ping_status":"open","sticky":false,"template":"","format":"standard","meta":[],"categories":[48],"tags":[],"_links":{"self":[{"href":"https:\/\/pasaenmendoza.com\/index.php?rest_route=\/wp\/v2\/posts\/4980"}],"collection":[{"href":"https:\/\/pasaenmendoza.com\/index.php?rest_route=\/wp\/v2\/posts"}],"about":[{"href":"https:\/\/pasaenmendoza.com\/index.php?rest_route=\/wp\/v2\/types\/post"}],"author":[{"embeddable":true,"href":"https:\/\/pasaenmendoza.com\/index.php?rest_route=\/wp\/v2\/users\/2"}],"replies":[{"embeddable":true,"href":"https:\/\/pasaenmendoza.com\/index.php?rest_route=%2Fwp%2Fv2%2Fcomments&post=4980"}],"version-history":[{"count":1,"href":"https:\/\/pasaenmendoza.com\/index.php?rest_route=\/wp\/v2\/posts\/4980\/revisions"}],"predecessor-version":[{"id":4982,"href":"https:\/\/pasaenmendoza.com\/index.php?rest_route=\/wp\/v2\/posts\/4980\/revisions\/4982"}],"wp:featuredmedia":[{"embeddable":true,"href":"https:\/\/pasaenmendoza.com\/index.php?rest_route=\/wp\/v2\/media\/4981"}],"wp:attachment":[{"href":"https:\/\/pasaenmendoza.com\/index.php?rest_route=%2Fwp%2Fv2%2Fmedia&parent=4980"}],"wp:term":[{"taxonomy":"category","embeddable":true,"href":"https:\/\/pasaenmendoza.com\/index.php?rest_route=%2Fwp%2Fv2%2Fcategories&post=4980"},{"taxonomy":"post_tag","embeddable":true,"href":"https:\/\/pasaenmendoza.com\/index.php?rest_route=%2Fwp%2Fv2%2Ftags&post=4980"}],"curies":[{"name":"wp","href":"https:\/\/api.w.org\/{rel}","templated":true}]}}