{"id":4996,"date":"2024-01-31T13:08:52","date_gmt":"2024-01-31T12:08:52","guid":{"rendered":"https:\/\/pasaenmendoza.com\/?p=4996"},"modified":"2024-01-31T13:08:53","modified_gmt":"2024-01-31T12:08:53","slug":"los-diputados-radicales-por-mendoza-justificaron-su-voto-positivo-a-la-ley-omnibus-de-milei","status":"publish","type":"post","link":"https:\/\/pasaenmendoza.com\/?p=4996","title":{"rendered":"Los diputados radicales por Mendoza justificaron su voto positivo a la Ley \u00d3mnibus de Milei"},"content":{"rendered":"\n<p>Lisandro Nieri, Pamela Verasay y Julio Cobos aceptaron dar qu\u00f3rum y aprobar en general el proyecto. Dijeron que marcaron sus l\u00edmites y que no los gu\u00eda el apoyo a personas sino el inter\u00e9s del pa\u00eds<\/p>\n\n\n\n<p>Como\u00a0<strong>ya lo hab\u00edan adelantado<\/strong>\u00a0cuando el ministro de Econom\u00eda Luis Caputo anunci\u00f3 que el Ejecutivo quit\u00f3 el cap\u00edtulo fiscal del\u00a0<strong>proyecto de Ley \u00d3mnibus,<\/strong>\u00a0Julio Cobos, Pamela Verasay y Lisandro Nieri, los\u00a0<strong>tres diputados radicales por Mendoza,<\/strong>\u00a0aseguraron que\u00a0<strong>van a apoyar el tratamiento en general de la iniciativa del Ejecutivo.<\/strong><\/p>\n\n\n\n<p>Nieri y Verasay explicaron lo que los motiv\u00f3 a tomar esta decisi\u00f3n, mientras que Cobos se limit\u00f3 a retuitear a Rodrigo De Loredo, presidente del bloque Evoluci\u00f3n Radical en la C\u00e1mara de Diputados.<\/p>\n\n\n\n<p><strong>Este mi\u00e9rcoles a la ma\u00f1ana arrancar\u00eda el marat\u00f3nico<\/strong>&nbsp;<strong>debate<\/strong>&nbsp;que podr\u00eda extenderse por unas 40 horas en la C\u00e1mara Baja.<\/p>\n\n\n\n<h2 class=\"wp-block-heading\">El voto positivo de los tres radicales mendocinos<\/h2>\n\n\n\n<p>El\u00a0<strong>cornejista Lisandro Nieri\u00a0<\/strong>manifest\u00f3 que\u00a0<strong>si bien apoyar\u00e1n el proyecto de Ley \u00d3mnibus, lo har\u00e1n &#8220;marcando los l\u00edmites<\/strong>\u00a0como los rojos de un sem\u00e1foro&#8221; y agreg\u00f3 que la intenci\u00f3n es darle el apoyo a un gobierno que reci\u00e9n comienza y que recibi\u00f3 un pa\u00eds en p\u00e9simas condiciones.<\/p>\n\n\n\n<p>Por su parte,\u00a0<strong>Verasay tambi\u00e9n justific\u00f3 su voto positivo,<\/strong>\u00a0<strong>apoy\u00e1ndose en el tuit de De Loredo,\u00a0<\/strong>pero tambi\u00e9n agregando que la UCR entiende la responsabilidad del gobierno y las urgencias del pa\u00eds.<\/p>\n\n\n\n<p>En tanto,&nbsp;<strong>Julio Cobos se limit\u00f3 a retuitear la publicaci\u00f3n de De Loredo.<\/strong><\/p>\n\n\n\n<p>Hay que aclarar que, en la C\u00e1mara de Diputados de la Naci\u00f3n, son 10 los legisladores por Mendoza. De estos, 7 van a votar acorde al oficialismo: los dem\u00f3cratas &#8211; mile\u00edstas Facundo Correa Llano y Mercedes Llano, Lourdes Arrieta (LLA), \u00c1lvaro Mart\u00ednez del PRO y los tres radicales mencionados.<\/p>\n\n\n\n<p><strong>Solo los justicialistas Mart\u00edn Aveiro, Liliana Paponet y Adolfo Bermejo no acompa\u00f1ar\u00e1n el proyecto de Ley \u00d3mnibus.<\/strong><\/p>\n\n\n\n<h2 class=\"wp-block-heading\">El comunicado de la UCR nacional sobre el apoyo a Milei<\/h2>\n\n\n\n<p>El jefe de bloque de la Uni\u00f3n C\u00edvica Radical (UCR) en la C\u00e1mara de Diputados, Rodrigo de Loredo, adelant\u00f3 este martes que el radicalismo dar\u00e1 qu\u00f3rum y acompa\u00f1ar\u00e1 el proyecto de Ley \u00d3mnibus que impulsa el oficialismo en el Congreso de la Naci\u00f3n.<\/p>\n\n\n\n<p>&#8220;En una extensa reuni\u00f3n de nuestro bloque, adelantamos que desde el conjunto del radicalismo daremos qu\u00f3rum para habilitar el debate parlamentario de la Ley \u00d3mnibus este mi\u00e9rcoles y acompa\u00f1aremos en general la ley. Entendemos la responsabilidad de la hora y las urgencias del pa\u00eds&#8221;, afirm\u00f3 el legislador a trav\u00e9s de un posteo en la red social X.<\/p>\n\n\n\n<p>En el<strong>&nbsp;comunicado<\/strong>, presidente del bloque de la&nbsp;<strong>UCR<\/strong>&nbsp;asegur\u00f3 que la&nbsp;<strong>negociaci\u00f3n se realiz\u00f3 en &#8220;tiempo r\u00e9cord<\/strong>&nbsp;para mejorar la propuesta del gobierno y marcar los l\u00edmites necesarios&#8221;.<\/p>\n\n\n\n<p>&#8220;Desde un primer momento lo hicimos de forma cooperativa, con posicionamientos sensatos y equilibrados&#8221;, se\u00f1al\u00f3 el diputado, y enfatiz\u00f3: &#8220;Exigimos una sesi\u00f3n razonable en su proceder. Circos romanos, no&#8221;.<\/p>\n\n\n\n<p>A su vez,&nbsp;<strong>en la misma l\u00ednea que otros dirigentes de la oposici\u00f3n dialoguista<\/strong>,&nbsp;<strong>De Loredo manifest\u00f3 que el radicalismo le otorgar\u00e1 al Ejecutivo &#8220;herramientas&#8221; para que &#8220;un gobierno que reci\u00e9n inicia<\/strong>&#8221; pueda &#8220;llevar adelante su gesti\u00f3n&#8221;.<\/p>\n\n\n\n<p>&#8220;<strong>A pesar de la desorganizaci\u00f3n con la que el Ejecutivo<\/strong>&nbsp;encar\u00f3 el tratamiento, los agravios vertidos, no nos gu\u00edan cuestiones personales, ni el apoyo a personas.&nbsp;<strong>Defendemos ideas y el inter\u00e9s del pa\u00eds. Argentina necesita estabilizar su econom\u00eda y dar certidumbre&#8221;<\/strong>, consider\u00f3.<\/p>\n\n\n\n<p>El proyecto de Ley \u00d3mnibus comenzar\u00e1 a ser tratada este mi\u00e9rcoles 31 de enero en el recinto de la C\u00e1mara de Diputados en una sesi\u00f3n convocada para las 10 y que se prev\u00e9 que durar\u00e1 m\u00e1s de 24 horas.<\/p>\n\n\n\n<p>FUENTE: Diariouno.com.ar <\/p>\n","protected":false},"excerpt":{"rendered":"<p>Lisandro Nieri, Pamela Verasay y Julio Cobos aceptaron dar qu\u00f3rum y aprobar en general el proyecto. Dijeron que marcaron sus l\u00edmites y que no los gu\u00eda el apoyo a personas sino el inter\u00e9s del pa\u00eds Como\u00a0ya lo hab\u00edan adelantado\u00a0cuando el ministro de Econom\u00eda Luis Caputo anunci\u00f3 que el Ejecutivo quit\u00f3 el cap\u00edtulo fiscal del\u00a0proyecto de [&hellip;]<\/p>\n","protected":false},"author":2,"featured_media":4997,"comment_status":"open","ping_status":"open","sticky":true,"template":"","format":"standard","meta":[],"categories":[47],"tags":[],"_links":{"self":[{"href":"https:\/\/pasaenmendoza.com\/index.php?rest_route=\/wp\/v2\/posts\/4996"}],"collection":[{"href":"https:\/\/pasaenmendoza.com\/index.php?rest_route=\/wp\/v2\/posts"}],"about":[{"href":"https:\/\/pasaenmendoza.com\/index.php?rest_route=\/wp\/v2\/types\/post"}],"author":[{"embeddable":true,"href":"https:\/\/pasaenmendoza.com\/index.php?rest_route=\/wp\/v2\/users\/2"}],"replies":[{"embeddable":true,"href":"https:\/\/pasaenmendoza.com\/index.php?rest_route=%2Fwp%2Fv2%2Fcomments&post=4996"}],"version-history":[{"count":1,"href":"https:\/\/pasaenmendoza.com\/index.php?rest_route=\/wp\/v2\/posts\/4996\/revisions"}],"predecessor-version":[{"id":4998,"href":"https:\/\/pasaenmendoza.com\/index.php?rest_route=\/wp\/v2\/posts\/4996\/revisions\/4998"}],"wp:featuredmedia":[{"embeddable":true,"href":"https:\/\/pasaenmendoza.com\/index.php?rest_route=\/wp\/v2\/media\/4997"}],"wp:attachment":[{"href":"https:\/\/pasaenmendoza.com\/index.php?rest_route=%2Fwp%2Fv2%2Fmedia&parent=4996"}],"wp:term":[{"taxonomy":"category","embeddable":true,"href":"https:\/\/pasaenmendoza.com\/index.php?rest_route=%2Fwp%2Fv2%2Fcategories&post=4996"},{"taxonomy":"post_tag","embeddable":true,"href":"https:\/\/pasaenmendoza.com\/index.php?rest_route=%2Fwp%2Fv2%2Ftags&post=4996"}],"curies":[{"name":"wp","href":"https:\/\/api.w.org\/{rel}","templated":true}]}}