{"id":5008,"date":"2024-01-31T13:47:50","date_gmt":"2024-01-31T12:47:50","guid":{"rendered":"https:\/\/pasaenmendoza.com\/?p=5008"},"modified":"2024-01-31T13:47:51","modified_gmt":"2024-01-31T12:47:51","slug":"robaron-cables-de-fibra-optica-y-dejaron-sin-internet-a-12-000-usuarios-en-godoy-cruz","status":"publish","type":"post","link":"https:\/\/pasaenmendoza.com\/?p=5008","title":{"rendered":"Robaron cables de fibra \u00f3ptica y dejaron sin internet a 12.000 usuarios en Godoy Cruz"},"content":{"rendered":"\n<p>En la madrugada de este martes, delincuentes efectuaron cortes y robos m\u00faltiples en redes de varias operadoras de telecomunicaciones en&nbsp;<strong>Godoy Cruz<\/strong>.&nbsp;<em>\u201cLos involucrados, en b\u00fasqueda de cobre, confundieron las tecnolog\u00edas y cortaron tambi\u00e9n el tendido de Fibra \u00d3ptica de Claro\u201d<\/em>, informaron desde la empresa.<\/p>\n\n\n\n<p>En hecho ocurri\u00f3 en calle Las Heras al 300. Al cortar tres cables troncales de la red de fibra \u00f3ptica,&nbsp;<strong>que no cuenta con cobre<\/strong>, se vieron afectados alrededor de 12.000 clientes que sufrieron la interrupci\u00f3n masiva de servicios de telecomunicaciones residenciales (internet, TV y telefon\u00eda fija).&nbsp;<\/p>\n\n\n\n<p><em>\u201cClaro realizar\u00e1 la denuncia penal ante las autoridades para que se investigue y detenga a el o los responsables de estos delitos que se han repetido en la zona contra las distintas operadoras\u201d<\/em>, agregaron voceros de la compa\u00f1\u00eda, que destacaron que un mes atr\u00e1s ocurri\u00f3 un hecho similar.<\/p>\n\n\n\n<p>En tal sentido, desde Claro solicitaron\u00a0<em>\u201cla m\u00e1xima colaboraci\u00f3n e intervenci\u00f3n de las autoridades de las fuerzas de seguridad para que investiguen la cadena de personas involucradas en la compraventa de cobre en la zona y materiales de redes de telecomunicaciones\u201d<\/em>.<\/p>\n\n\n\n<p><strong>Fuente: www.elsol.com.ar<\/strong><\/p>\n","protected":false},"excerpt":{"rendered":"<p>En la madrugada de este martes, delincuentes efectuaron cortes y robos m\u00faltiples en redes de varias operadoras de telecomunicaciones en&nbsp;Godoy Cruz.&nbsp;\u201cLos involucrados, en b\u00fasqueda de cobre, confundieron las tecnolog\u00edas y cortaron tambi\u00e9n el tendido de Fibra \u00d3ptica de Claro\u201d, informaron desde la empresa. En hecho ocurri\u00f3 en calle Las Heras al 300. Al cortar tres [&hellip;]<\/p>\n","protected":false},"author":2,"featured_media":5009,"comment_status":"open","ping_status":"open","sticky":false,"template":"","format":"standard","meta":[],"categories":[48],"tags":[],"_links":{"self":[{"href":"https:\/\/pasaenmendoza.com\/index.php?rest_route=\/wp\/v2\/posts\/5008"}],"collection":[{"href":"https:\/\/pasaenmendoza.com\/index.php?rest_route=\/wp\/v2\/posts"}],"about":[{"href":"https:\/\/pasaenmendoza.com\/index.php?rest_route=\/wp\/v2\/types\/post"}],"author":[{"embeddable":true,"href":"https:\/\/pasaenmendoza.com\/index.php?rest_route=\/wp\/v2\/users\/2"}],"replies":[{"embeddable":true,"href":"https:\/\/pasaenmendoza.com\/index.php?rest_route=%2Fwp%2Fv2%2Fcomments&post=5008"}],"version-history":[{"count":1,"href":"https:\/\/pasaenmendoza.com\/index.php?rest_route=\/wp\/v2\/posts\/5008\/revisions"}],"predecessor-version":[{"id":5010,"href":"https:\/\/pasaenmendoza.com\/index.php?rest_route=\/wp\/v2\/posts\/5008\/revisions\/5010"}],"wp:featuredmedia":[{"embeddable":true,"href":"https:\/\/pasaenmendoza.com\/index.php?rest_route=\/wp\/v2\/media\/5009"}],"wp:attachment":[{"href":"https:\/\/pasaenmendoza.com\/index.php?rest_route=%2Fwp%2Fv2%2Fmedia&parent=5008"}],"wp:term":[{"taxonomy":"category","embeddable":true,"href":"https:\/\/pasaenmendoza.com\/index.php?rest_route=%2Fwp%2Fv2%2Fcategories&post=5008"},{"taxonomy":"post_tag","embeddable":true,"href":"https:\/\/pasaenmendoza.com\/index.php?rest_route=%2Fwp%2Fv2%2Ftags&post=5008"}],"curies":[{"name":"wp","href":"https:\/\/api.w.org\/{rel}","templated":true}]}}