{"id":5014,"date":"2024-01-31T14:16:33","date_gmt":"2024-01-31T13:16:33","guid":{"rendered":"https:\/\/pasaenmendoza.com\/?p=5014"},"modified":"2024-01-31T14:16:35","modified_gmt":"2024-01-31T13:16:35","slug":"largas-filas-y-espera-en-las-estaciones-de-servicio-para-cargar-combustible-antes-del-posible-aumento","status":"publish","type":"post","link":"https:\/\/pasaenmendoza.com\/?p=5014","title":{"rendered":"Largas filas y espera en las estaciones de servicio para cargar combustible antes del posible aumento"},"content":{"rendered":"\n<p>Muchos mendocinos\u00a0<strong>se apresuraron a cargar<\/strong>\u00a0<strong>combustible<\/strong>\u00a0antes del<strong>\u00a0posible aumento<\/strong>\u00a0que entrar\u00eda en vigencia desde el<strong>\u00a01 de febrero<\/strong>. A pesar del calor, casi todas las\u00a0<strong>estaciones de servicio<\/strong>\u00a0del Gran Mendoza ten\u00edan en la ma\u00f1ana de este mi\u00e9rcoles\u00a0<strong>filas de autos<\/strong>\u00a0que esperaban cargar, pero aseguraron que no todos llenan el tanque y que<strong>\u00a0hay mucho malestar en la gente.<\/strong><\/p>\n\n\n\n<p>&#8220;A los dos minutos que sale en las noticias que va a aumentar el combustible,&nbsp;<strong>vienen todos juntos y se arman filas<\/strong>&#8220;, indic\u00f3 en la ma\u00f1ana de este mi\u00e9rcoles&nbsp;<strong>Marcela<\/strong>, encargada de una estaci\u00f3n de servicio de Godoy Cruz y agreg\u00f3: &#8220;<strong>Nosotros nos enteramos de los aumentos por la gente<\/strong>&#8220;.<\/p>\n\n\n\n<p>La\u00a0<strong>demanda\u00a0<\/strong>de combustible comenz\u00f3 hace dos d\u00edas, cuando circul\u00f3 la\u00a0<strong>posibilidad de un aumento en los precios del 11%<\/strong>. Durante el martes la situaci\u00f3n se complic\u00f3 aun m\u00e1s por los<strong>\u00a0cortes de luz<\/strong>\u00a0que hubo por las altas temperaturas y demanda de energ\u00eda, lo que provoc\u00f3\u00a0<strong>largos per\u00edodos en los que no pudieron trabajar<\/strong>.<\/p>\n\n\n\n<p>El panorama era notorio en todas las estaciones de servicio en general. Cuando volvi\u00f3 la energ\u00eda y recuperaron la capacidad operativa,&nbsp;<strong>los veh\u00edculos llegaban y se armaban largas filas.<\/strong><\/p>\n\n\n\n<h2 class=\"wp-block-heading\">Aumentos de precio y enojo de la gente<\/h2>\n\n\n\n<p>Marcela sostuvo: &#8220;Veo a la gente mal, enojada, se hacen filas, m\u00e1s el calor y&nbsp;<strong>el cargar antes no es la soluci\u00f3n<\/strong>. Especulan que cargar antes del aumento les va a durar m\u00e1s y&nbsp;<strong>es la misma gente que vemos volver a cargar a los dos d\u00edas.&nbsp;<\/strong>Quiz\u00e1s si logran llenar el tanque te ahorraste un poco, pero si no no tiene sentido&#8221;.<\/p>\n\n\n\n<p>La encargada de la estaci\u00f3n de Acceso Sur y Rawson, de Godoy Cruz, se\u00f1al\u00f3 que &#8220;<strong>la mayor\u00eda no lo llena el tanque, hace filas de horas y cargan $3.000 o $2.000\u00a0<\/strong>que quiz\u00e1s es todo lo que la gente tiene, pero cu\u00e1nto se perdi\u00f3 con el auto andando&#8221;.<\/p>\n\n\n\n<p>Indic\u00f3 que desde la tarde del lunes tuvieron un importante aumento en la demanda ante el&nbsp;<strong>posible incremento de precios el jueves 1 de febrero.<\/strong><\/p>\n\n\n\n<p>&#8220;La gente\u00a0<strong>se enoja<\/strong>\u00a0no solo antes del aumento, sino tambi\u00e9n despu\u00e9s. Para los empleados es peor porque\u00a0<strong>nos culpan de que nosotros aumentamos el combustible; o cuando de tanta demanda se termina un combustible nos acusan que lo estamos guardando<\/strong>&#8220;.<\/p>\n\n\n\n<p><strong>Fuente: www.diariouno.com.ar<\/strong><\/p>\n","protected":false},"excerpt":{"rendered":"<p>Muchos mendocinos\u00a0se apresuraron a cargar\u00a0combustible\u00a0antes del\u00a0posible aumento\u00a0que entrar\u00eda en vigencia desde el\u00a01 de febrero. A pesar del calor, casi todas las\u00a0estaciones de servicio\u00a0del Gran Mendoza ten\u00edan en la ma\u00f1ana de este mi\u00e9rcoles\u00a0filas de autos\u00a0que esperaban cargar, pero aseguraron que no todos llenan el tanque y que\u00a0hay mucho malestar en la gente. &#8220;A los dos minutos [&hellip;]<\/p>\n","protected":false},"author":2,"featured_media":5015,"comment_status":"open","ping_status":"open","sticky":false,"template":"","format":"standard","meta":[],"categories":[79],"tags":[],"_links":{"self":[{"href":"https:\/\/pasaenmendoza.com\/index.php?rest_route=\/wp\/v2\/posts\/5014"}],"collection":[{"href":"https:\/\/pasaenmendoza.com\/index.php?rest_route=\/wp\/v2\/posts"}],"about":[{"href":"https:\/\/pasaenmendoza.com\/index.php?rest_route=\/wp\/v2\/types\/post"}],"author":[{"embeddable":true,"href":"https:\/\/pasaenmendoza.com\/index.php?rest_route=\/wp\/v2\/users\/2"}],"replies":[{"embeddable":true,"href":"https:\/\/pasaenmendoza.com\/index.php?rest_route=%2Fwp%2Fv2%2Fcomments&post=5014"}],"version-history":[{"count":1,"href":"https:\/\/pasaenmendoza.com\/index.php?rest_route=\/wp\/v2\/posts\/5014\/revisions"}],"predecessor-version":[{"id":5016,"href":"https:\/\/pasaenmendoza.com\/index.php?rest_route=\/wp\/v2\/posts\/5014\/revisions\/5016"}],"wp:featuredmedia":[{"embeddable":true,"href":"https:\/\/pasaenmendoza.com\/index.php?rest_route=\/wp\/v2\/media\/5015"}],"wp:attachment":[{"href":"https:\/\/pasaenmendoza.com\/index.php?rest_route=%2Fwp%2Fv2%2Fmedia&parent=5014"}],"wp:term":[{"taxonomy":"category","embeddable":true,"href":"https:\/\/pasaenmendoza.com\/index.php?rest_route=%2Fwp%2Fv2%2Fcategories&post=5014"},{"taxonomy":"post_tag","embeddable":true,"href":"https:\/\/pasaenmendoza.com\/index.php?rest_route=%2Fwp%2Fv2%2Ftags&post=5014"}],"curies":[{"name":"wp","href":"https:\/\/api.w.org\/{rel}","templated":true}]}}