{"id":502,"date":"2023-08-08T15:30:43","date_gmt":"2023-08-08T13:30:43","guid":{"rendered":"https:\/\/pasaenmendoza.com\/?p=502"},"modified":"2023-08-08T15:30:44","modified_gmt":"2023-08-08T13:30:44","slug":"alerta-de-viento-zonda-en-mendoza-enterate-cuando","status":"publish","type":"post","link":"https:\/\/pasaenmendoza.com\/?p=502","title":{"rendered":"Alerta de viento Zonda en Mendoza: enterate cu\u00e1ndo"},"content":{"rendered":"\n<p>El&nbsp;<a href=\"https:\/\/www.smn.gob.ar\/\" target=\"_blank\" rel=\"noreferrer noopener\"><strong>Servicio Meteorol\u00f3gico Nacional&nbsp;(SMN)<\/strong><\/a>&nbsp;anticip\u00f3 a trav\u00e9s de su p\u00e1gina oficial que el d\u00eda jueves se registrar\u00e1n r\u00e1fagas de&nbsp;<a href=\"https:\/\/www.mdzol.com\/temas\/viento-zonda-3647.html\" target=\"_blank\" rel=\"noreferrer noopener\"><strong>viento Zonda<\/strong><\/a>&nbsp;en algunas zonas de Mendoza.&nbsp;Sumado a este fen\u00f3meno, el&nbsp;sistema nacional&nbsp;emiti\u00f3 una&nbsp;<strong>alerta<\/strong>&nbsp;amarilla por&nbsp;nevadas&nbsp;intensas en la Cordillera de los Andes que pueden provocar&nbsp;da\u00f1os o interrupci\u00f3n de actividades en la provincia de Mendoza.<\/p>\n\n\n\n<p>El&nbsp;<strong>pron\u00f3stico<\/strong>&nbsp;para el jueves indica cielo algo nublado y ascenso de la temperatura. La temperatura m\u00ednima esperada ser\u00e1 de 7\u00b0 y la m\u00e1xima de 23\u00ba. Ser\u00e1 una jornada marcada por la inestabilidad en&nbsp;gran parte del territorio ya que se registrar\u00e1n&nbsp;fuertes r\u00e1fagas de&nbsp;<strong>viento Zonda<\/strong>&nbsp;en los departamentos del sur, Valle de Uco y Gran Mendoza.<\/p>\n","protected":false},"excerpt":{"rendered":"<p>El&nbsp;Servicio Meteorol\u00f3gico Nacional&nbsp;(SMN)&nbsp;anticip\u00f3 a trav\u00e9s de su p\u00e1gina oficial que el d\u00eda jueves se registrar\u00e1n r\u00e1fagas de&nbsp;viento Zonda&nbsp;en algunas zonas de Mendoza.&nbsp;Sumado a este fen\u00f3meno, el&nbsp;sistema nacional&nbsp;emiti\u00f3 una&nbsp;alerta&nbsp;amarilla por&nbsp;nevadas&nbsp;intensas en la Cordillera de los Andes que pueden provocar&nbsp;da\u00f1os o interrupci\u00f3n de actividades en la provincia de Mendoza. El&nbsp;pron\u00f3stico&nbsp;para el jueves indica cielo algo nublado y [&hellip;]<\/p>\n","protected":false},"author":1,"featured_media":501,"comment_status":"open","ping_status":"open","sticky":false,"template":"","format":"standard","meta":[],"categories":[46],"tags":[],"_links":{"self":[{"href":"https:\/\/pasaenmendoza.com\/index.php?rest_route=\/wp\/v2\/posts\/502"}],"collection":[{"href":"https:\/\/pasaenmendoza.com\/index.php?rest_route=\/wp\/v2\/posts"}],"about":[{"href":"https:\/\/pasaenmendoza.com\/index.php?rest_route=\/wp\/v2\/types\/post"}],"author":[{"embeddable":true,"href":"https:\/\/pasaenmendoza.com\/index.php?rest_route=\/wp\/v2\/users\/1"}],"replies":[{"embeddable":true,"href":"https:\/\/pasaenmendoza.com\/index.php?rest_route=%2Fwp%2Fv2%2Fcomments&post=502"}],"version-history":[{"count":1,"href":"https:\/\/pasaenmendoza.com\/index.php?rest_route=\/wp\/v2\/posts\/502\/revisions"}],"predecessor-version":[{"id":503,"href":"https:\/\/pasaenmendoza.com\/index.php?rest_route=\/wp\/v2\/posts\/502\/revisions\/503"}],"wp:featuredmedia":[{"embeddable":true,"href":"https:\/\/pasaenmendoza.com\/index.php?rest_route=\/wp\/v2\/media\/501"}],"wp:attachment":[{"href":"https:\/\/pasaenmendoza.com\/index.php?rest_route=%2Fwp%2Fv2%2Fmedia&parent=502"}],"wp:term":[{"taxonomy":"category","embeddable":true,"href":"https:\/\/pasaenmendoza.com\/index.php?rest_route=%2Fwp%2Fv2%2Fcategories&post=502"},{"taxonomy":"post_tag","embeddable":true,"href":"https:\/\/pasaenmendoza.com\/index.php?rest_route=%2Fwp%2Fv2%2Ftags&post=502"}],"curies":[{"name":"wp","href":"https:\/\/api.w.org\/{rel}","templated":true}]}}