{"id":5036,"date":"2024-02-01T13:32:09","date_gmt":"2024-02-01T12:32:09","guid":{"rendered":"https:\/\/pasaenmendoza.com\/?p=5036"},"modified":"2024-02-01T13:32:10","modified_gmt":"2024-02-01T12:32:10","slug":"termino-la-feria-fecovita-la-corte-bento-y-los-amparos-contra-milei-en-la-agenda-de-tribunales","status":"publish","type":"post","link":"https:\/\/pasaenmendoza.com\/?p=5036","title":{"rendered":"Termin\u00f3 la feria: Fecovita, la Corte, Bento y los amparos contra Milei en la agenda de Tribunales"},"content":{"rendered":"\n<p>Termin\u00f3 la feria de enero y este jueves el\u00a0<strong>Poder Judicial de Mendoza<\/strong>\u00a0y los Tribunales Federales retoman la actividad con varios casos y asuntos pendientes de resoluci\u00f3n y organizaci\u00f3n interna y la firme posibilidad de\u00a0<strong>paros y movilizaciones de los empleados y funcionarios<\/strong>\u00a0por reclamos salariales.<\/p>\n\n\n\n<p>En el fuero provincial, la\u00a0<strong>Unidad Fiscal de Delitos Econ\u00f3micos<\/strong>\u00a0deber\u00e1 tomar una decisi\u00f3n sobre el pedido de\u00a0<strong>intervenci\u00f3n de Fecovita<\/strong>\u00a0que present\u00f3 la espa\u00f1ola Iberte en la primera semana de enero.<\/p>\n\n\n\n<p>Dicha petici\u00f3n no fue tratada durante el receso&nbsp;<strong>porque la jueza penal Eleonora Arenas no habilit\u00f3 esa posibilidad<\/strong>. Ahora, el expediente volver\u00e1 a manos del&nbsp;<strong>fiscal natural, Flavio D&#8217;Amore<\/strong>, que hab\u00eda sido reemplazado por su colega&nbsp;<strong>Santiago Garay, a quien Arenas le rechaz\u00f3 la habilitaci\u00f3n<\/strong>.<\/p>\n\n\n\n<p>D&#8217;Amore tambi\u00e9n deber\u00e1 avanzar sobre un caso que\u00a0<strong>sacudi\u00f3 el ambiente pol\u00edtico-judicial de Mendoza en 2023<\/strong>: las acusaciones penales contra\u00a0<strong>Daniel Orozco<\/strong>, ex intendente de Las Heras, y su esposa, la diputada provincial\u00a0<strong>Janina Ortiz<\/strong>, quien fue despojada de los fueros para someterse a la Justicia,\u00a0<strong>obligaci\u00f3n que ha esquivado exitosa y sostenidamente a fuerza de planteos recursivos<\/strong>.<\/p>\n\n\n\n<p>\u00c9l, alejado de la vida p\u00fablica hace casi dos meses,&nbsp;<strong>est\u00e1 imputado junto con un exfuncionario, el yerno de este y un particular por fraude a la administraci\u00f3n p\u00fablica de Las Heras<\/strong>&nbsp;y es investigado, como ella, por haber otorgado -en calidad de jefe comunal y funcionaria respectivamente- al menos&nbsp;<strong>$35 millones a una cooperativa de trabajo<\/strong>.<\/p>\n\n\n\n<p><strong>El funcionamiento de otras tres instituciones est\u00e1 en la mira y podr\u00eda complicar a\u00fan m\u00e1s al matrimonio.<\/strong><\/p>\n\n\n\n<p>La legisladora demarchista no ha sido imputada porque no se presenta en el Polo Judicial, desaguisado pol\u00edtico-judicial que comenz\u00f3 hace casi un a\u00f1o cuando Ortiz estuvo a punto de ser acusada, en el comienzo del caso de las cooperativas,\u00a0<strong>por coacciones agravadas en perjuicio de una empleada municipal<\/strong>. Pero como nunca se present\u00f3, todo qued\u00f3 en proceso.<\/p>\n\n\n\n<h2 class=\"wp-block-heading\">C\u00f3mo trabajar\u00e1n los agentes encubiertos digitales<\/h2>\n\n\n\n<p>El\u00a0<strong>Ministerio P\u00fablico Fiscal<\/strong>, responsable del funcionamiento de las fiscal\u00edas investigadoras, enfrentar\u00e1 en los pr\u00f3ximos d\u00edas un importante desaf\u00edo: llevar a la pr\u00e1ctica\u00a0la ley que esta semana habilit\u00f3 la\u00a0<strong>figura del agente encubierto digital<\/strong>\u00a0para participar de la investigaci\u00f3n, recolecci\u00f3n de pruebas y prevenci\u00f3n de delitos a trav\u00e9s de las redes.\u00a0<strong>Especialmente los de tipo sexual, que tienen a los menores de edad como principales y potenciales v\u00edctimas.<\/strong><\/p>\n\n\n\n<p>La puesta en marcha del sistema de agentes encubiertos digitales tambi\u00e9n involucra a los\u00a0<strong>Jueces Penales<\/strong>, quienes, a pedido de los fiscales, podr\u00e1n o no autorizar la intervenci\u00f3n en cada caso puntual, previo explicitar los fundamentos puntuales.<\/p>\n\n\n\n<h2 class=\"wp-block-heading\">El nuevo funcionamiento de la Suprema Corte<\/h2>\n\n\n\n<p>La\u00a0<strong>Suprema Corte de Justicia<\/strong>\u00a0reanuda este jueves su actividades dejando atr\u00e1s el hist\u00f3rico mecanismo de Salas I y II para tratar los asuntos Penales, Laborales, Civiles, Comerciales y de Familia y<strong>\u00a0dando paso al sistema de sorteo<\/strong>\u00a0de Colegios de Jueces para tratar y resolver cada nuevo expediente ingresado desde el 2 de enero \u00faltimo.<\/p>\n\n\n\n<p>La prueba de fuego ya tiene fecha:&nbsp;<strong>el viernes 9 de febrero se har\u00e1 el primer sorteo<\/strong>&nbsp;para designar de a tres jueces de entre los 7 ministros del m\u00e1ximo tribunal, incluido el&nbsp;<strong>presidente<\/strong>, que nunca antes de la reforma hab\u00eda tenido que intervenir en fallos jur\u00eddicos.<\/p>\n\n\n\n<p>Ya eliminada la especializaci\u00f3n por fueros, donde cada supremo ten\u00eda su propio equipo de trabajo,\u00a0<strong>la Corte debe organizar la nueva interacci\u00f3n entre esos magistrados y los relatores, indispensable para redactar los fallos en Casaci\u00f3n<\/strong>.<\/p>\n\n\n\n<h2 class=\"wp-block-heading\">Bento y los amparos locales contra el DNU de Javier Milei<\/h2>\n\n\n\n<p>Tambi\u00e9n los Tribunales Federales retoman la actividad con mucho por hacer.<\/p>\n\n\n\n<p>Por ejemplo,&nbsp;<strong>resolver los 3 amparos presentados en el Juzgado Federal Civil y Comercial, en la primera semana del a\u00f1o, contra distintos puntos del DNU de Javier Milei.<\/strong><\/p>\n\n\n\n<p>Para todos ellos,\u00a0<strong>la jueza Susana Pravata<\/strong>\u00a0tuvo la misma respuesta: no a la habilitaci\u00f3n de feria para ser tratados y resueltos en enero, ya que ninguno de los planteos revest\u00eda la urgencia invocada por los amparistas.<\/p>\n\n\n\n<p>Entre otros, la\u00a0<strong>Cooperativa Farmac\u00e9utica de Mendoza (Cofam) y la C\u00e1mara de Farmacias de Mendoza<\/strong>\u00a0contra la venta libre de medicamentos.<\/p>\n\n\n\n<p>El plato fuerte de los&nbsp;<strong>Tribunales Federales de Mendoza&nbsp;<\/strong>para este comienzo del a\u00f1o judicial est\u00e1 previsto para el mi\u00e9rcoles 7 de febrero.<\/p>\n\n\n\n<p><strong>A partir de las 9, el Tribunal Oral Federal 2 reanudar\u00e1 el juicio oral y p\u00fablico<\/strong>\u00a0contra el ex juez federal de Mendoza\u00a0<strong>Walter Bento<\/strong>, quien est\u00e1 preso en Campo Cacheuta desde noviembre, por asociaci\u00f3n il\u00edcita, lavado de dinero y otros delitos de corrupci\u00f3n mientras estaba al frente del Juzgado Federal 1.<\/p>\n\n\n\n<p>Adem\u00e1s de Bento,\u00a0<strong>en el banquillo est\u00e1n la esposa, dos hijos y una veintena de abogados, particulares y ex miembros de las fuerzas de seguridad<\/strong>\u00a0considerados por la Fiscal\u00eda Especial integrantes de una organizaci\u00f3n delictiva que vend\u00eda resoluciones judiciales a medida de imputados y procesados en causas que pasaron por el despacho del ex magistrado.<\/p>\n\n\n\n<p><strong>Fuente: www.diariouno.com.ar<\/strong><\/p>\n","protected":false},"excerpt":{"rendered":"<p>Termin\u00f3 la feria de enero y este jueves el\u00a0Poder Judicial de Mendoza\u00a0y los Tribunales Federales retoman la actividad con varios casos y asuntos pendientes de resoluci\u00f3n y organizaci\u00f3n interna y la firme posibilidad de\u00a0paros y movilizaciones de los empleados y funcionarios\u00a0por reclamos salariales. En el fuero provincial, la\u00a0Unidad Fiscal de Delitos Econ\u00f3micos\u00a0deber\u00e1 tomar una decisi\u00f3n [&hellip;]<\/p>\n","protected":false},"author":2,"featured_media":5037,"comment_status":"open","ping_status":"open","sticky":false,"template":"","format":"standard","meta":[],"categories":[51],"tags":[],"_links":{"self":[{"href":"https:\/\/pasaenmendoza.com\/index.php?rest_route=\/wp\/v2\/posts\/5036"}],"collection":[{"href":"https:\/\/pasaenmendoza.com\/index.php?rest_route=\/wp\/v2\/posts"}],"about":[{"href":"https:\/\/pasaenmendoza.com\/index.php?rest_route=\/wp\/v2\/types\/post"}],"author":[{"embeddable":true,"href":"https:\/\/pasaenmendoza.com\/index.php?rest_route=\/wp\/v2\/users\/2"}],"replies":[{"embeddable":true,"href":"https:\/\/pasaenmendoza.com\/index.php?rest_route=%2Fwp%2Fv2%2Fcomments&post=5036"}],"version-history":[{"count":1,"href":"https:\/\/pasaenmendoza.com\/index.php?rest_route=\/wp\/v2\/posts\/5036\/revisions"}],"predecessor-version":[{"id":5043,"href":"https:\/\/pasaenmendoza.com\/index.php?rest_route=\/wp\/v2\/posts\/5036\/revisions\/5043"}],"wp:featuredmedia":[{"embeddable":true,"href":"https:\/\/pasaenmendoza.com\/index.php?rest_route=\/wp\/v2\/media\/5037"}],"wp:attachment":[{"href":"https:\/\/pasaenmendoza.com\/index.php?rest_route=%2Fwp%2Fv2%2Fmedia&parent=5036"}],"wp:term":[{"taxonomy":"category","embeddable":true,"href":"https:\/\/pasaenmendoza.com\/index.php?rest_route=%2Fwp%2Fv2%2Fcategories&post=5036"},{"taxonomy":"post_tag","embeddable":true,"href":"https:\/\/pasaenmendoza.com\/index.php?rest_route=%2Fwp%2Fv2%2Ftags&post=5036"}],"curies":[{"name":"wp","href":"https:\/\/api.w.org\/{rel}","templated":true}]}}