{"id":5045,"date":"2024-02-01T13:39:27","date_gmt":"2024-02-01T12:39:27","guid":{"rendered":"https:\/\/pasaenmendoza.com\/?p=5045"},"modified":"2024-02-01T13:39:29","modified_gmt":"2024-02-01T12:39:29","slug":"un-asesinato-tiroteos-y-una-guerra-narco-cada-vez-mas-violenta-en-el-oeste-de-mendoza","status":"publish","type":"post","link":"https:\/\/pasaenmendoza.com\/?p=5045","title":{"rendered":"Un asesinato, tiroteos y una guerra narco cada vez m\u00e1s violenta en el oeste de Mendoza"},"content":{"rendered":"\n<p>Los apodos de los personajes son demasiados y pueden generar confusi\u00f3n. Sin embargo, la mayor\u00eda de ellos est\u00e1n identificados con nombre, apellido, domicilio y parentescos. Se mueven en manada por sectores marginales ubicados en lugar de dif\u00edcil acceso para la polic\u00eda y portan armas de grueso calibre. Esconden sus siluetas gran parte de la ma\u00f1ana y la siesta pero<mark>&nbsp;salen de los refugios por las noches mostrando pistolas calibre 9mm, ametralladoras policiales FMK3 y tambi\u00e9n las llamadas tumberas de fabricaci\u00f3n casera<\/mark>&nbsp;o adaptada para marcar presencia.<\/p>\n\n\n\n<p>Son j\u00f3venes que<strong>\u00a0est\u00e1n en guerra por la venta de drogas<\/strong>\u00a0y no temen subir im\u00e1genes armados en sus perfiles de redes sociales.\u00a0<strong>Ya no se potencian tanto por Facebook como hace una d\u00e9cada; ahora es Instagram<\/strong>. \u00a0<em>\u201cLos tiroteos son intensos y duran hasta una hora. Llamamos a la polic\u00eda pero casi nunca no entran\u201d<\/em>, revelaron los vecinos consultados por\u00a0<em><strong>El Sol.<\/strong><\/em><\/p>\n\n\n\n<p>Como hace m\u00e1s de 12 a\u00f1os, cuando se transform\u00f3 en el centro de la escena delictiva por la cantidad de tiroteos motivados por el creciente narcomenudeo en diferentes \u201cquiosquitos\u201d, el<strong>&nbsp;Campo Papa del oeste de Godoy Cruz&nbsp;<\/strong>volvi\u00f3 a presentar en \u00faltimos dos meses enfrentamientos armados de territorialidad entre grupos que disputan las l\u00edneas de comercializaci\u00f3n de coca\u00edna y marihuana en peque\u00f1as cantidades.<\/p>\n\n\n\n<p>De acuerdo con relatos de vecinos e informantes y denuncias al CEO,&nbsp;<mark>los cruces llegaron al punto extremo de ser casi uno por d\u00eda.<\/mark>&nbsp;Otras zonas aleda\u00f1as tambi\u00e9n han presentado escenas de sangre.<\/p>\n\n\n\n<p>Hubo ataques contra viviendas y la humanidad de algunos sujetos y hasta se registraron v\u00edctimas inocentes, como\u00a0<strong>una ni\u00f1a de no m\u00e1s de 10 a\u00f1os que recibi\u00f3 un balazo el 19 de diciembre cerca de la capilla<\/strong>\u00a0del barrio.<\/p>\n\n\n\n<p>El asesinato de&nbsp;<strong>Kevin Nicol\u00e1s Mu\u00f1oz<\/strong>&nbsp;(27), un d\u00eda antes (a las 23 del 18 de noviembre) marc\u00f3 momentos tensi\u00f3n en la barriada. Desde ese hecho, todo se potenci\u00f3n. La pesquisa tiene como hip\u00f3tesis una pelea de bandas por la venta de drogas.<\/p>\n\n\n\n<p>Mu\u00f1oz, quien recibi\u00f3 cinco balazos, ten\u00eda antecedentes y pedido de captura. Y por el hecho fue detenido\u00a0<strong>Juan Jos\u00e9 Pi\u00f1a\u00a0<\/strong>(44). El barrido electr\u00f3nico lo complic\u00f3 en la instrucci\u00f3n y termin\u00f3 imputado por homicidio agravado. Sin embargo, en la zona aseguran que otra persona con\u00a0<em>\u201cmayor protecci\u00f3n\u201d\u00a0<\/em>tambi\u00e9n accion\u00f3 un arma de fuego.<\/p>\n\n\n\n<p>A pesar del paso del tiempo, las investigaciones con detenciones y secuestros de drogas y las condenas federales y provinciales, un reconocido sobrenombre no para de retumbar en cada esquina del oeste godoicruce\u00f1o cada vez que las balas impactan en las casas o los j\u00f3venes marcan presencia:&nbsp;<em><strong>Yaqui<\/strong><\/em>.<\/p>\n\n\n\n<p>Algunos sujetos que siguen respondiendo por relaci\u00f3n de amistad o familiar a la jefa narco\u00a0<strong>Sandra Jaquelina Vargas (47),\u00a0<\/strong>condenada en mayo del 2016 a 15 a\u00f1os de c\u00e1rcel comercio de drogas (en la Justicia provincial reconoci\u00f3 ese mismo a\u00f1o que era l\u00edder de una asociaci\u00f3n il\u00edcita y recibi\u00f3 3 a\u00f1os de encierro),\u00a0<mark>como su hijo Mauro\u00a0<\/mark>(20) y sus amigos que se mueven en manada, tienen a maltraer al sector.\u00a0<strong>Casi todos son \u201cpichones\u201d<\/strong>.<\/p>\n\n\n\n<p><strong>Mauro Jes\u00fas Gelvez<\/strong>, hijo de la\u00a0<strong>Yaqui Vargas<\/strong>\u00a0y del reconocido delincuente\u00a0<strong>Cristian Mauricio Gelvez (40),\u00a0<\/strong>asesinado de varios disparos a principios de 2014 en el citado asentamiento, cuando los cruces armados por el narcomenudeo se encontraban en su punto de ebullici\u00f3n y potenciaron la guerra narco,\u00a0<mark>fue baleado durante la madrugada de este \u00faltimo lunes mientras circulaba en una moto 150cc por el barrio Los Para\u00edsos, ubicado hacia el noreste del Papa, cerca de la rotonda Carola Lorenzini<\/mark>,\u00a0tal como revel\u00f3 este diario.<\/p>\n\n\n\n<p>Horas antes, dos hermanos tambi\u00e9n fueron heridos de bala en el mismo complejo. Se trata de&nbsp;<strong>Gast\u00f3n y Enzo Z\u00e1rate<\/strong>. Uno recibi\u00f3 un proyectil en el abdomen y el otro en una pierna. Se cree que hubo un tiroteo previo y que uno de ellos intent\u00f3 vergarse pero no lo consigui\u00f3.<\/p>\n\n\n\n<p>Estas tres causas, que podr\u00edan tener relaci\u00f3n por estos y otros protagonistas del mundillo de estas bandas,&nbsp;<strong>se encontraban \u201csin rumbo\u201d en la fiscal\u00eda Correccional de Juan Carlos Alessandra<\/strong>. No hubo avances de importancia porque primero buscaban analizar si se trataba de casos de abuso de arma o si realmente estaban en riesgo la vida de las v\u00edctimas.<\/p>\n\n\n\n<p><strong>Dos de las ellas recibieron disparos en el abdomen<\/strong>, por lo que no hubo mucho m\u00e1s que discutir. Debido a esto,\u00a0<mark>en las \u00faltimas horas pasaron a la \u00f3rbita de la fiscal de Homicidios Claudia R\u00edos<\/mark>.<\/p>\n\n\n\n<p>Los efectivos de la divisi\u00f3n de Investigaciones que trabajan este tipo de hechos de sangre estaban a la espera directivas para avanzar en la incorporaci\u00f3n de pruebas y reci\u00e9n este mi\u00e9rcoles comenzaron a elaborar los primeros informes para ir en b\u00fasqueda de los autores, una vez que R\u00edos analiz\u00f3 las pocas fojas que hay en los expedientes. Un sujeto conocido con el alias de&nbsp;<em><strong>\u201cLeprosito\u201d&nbsp;<\/strong><\/em>y oriundo del complejo La Favorita de Ciudad (por c\u00f3mo figura con su nombre en Facebook), era<strong>&nbsp;mencionado como posible autor de los disparos contra el hijo de la&nbsp;<em>Yaqui.<\/em><\/strong><\/p>\n\n\n\n<p>Existen algunos antecedentes recientes de instrucciones judiciales por los tiroteos en el Campo Papa y alrededores.\u00a0<strong>El 25 de enero, la Justicia autoriz\u00f3 9 allanamientos<\/strong>\u00a0(de un total de 20 solicitados) en los barrios Campo Papa, Parque Oeste, Puesta del Sol, La Esperanza I y II, Los Toneles y Granja Lomas de Chacras (estos dos \u00faltimos, vinculados a la\u00a0<em><strong>Yaqui<\/strong><\/em>\u00a0y su familia) y el San Mart\u00edn de Ciudad.<\/p>\n\n\n\n<p><strong>Mauro Gelvez&nbsp;<\/strong>y sus aliados estaban sindicados como autores de tiroteos contra viviendas y rivales y por subir im\u00e1genes armados a su perfil de&nbsp;<strong>Instagram<\/strong>. Es m\u00e1s,&nbsp;<mark>un par de fotos fueron determinantes para identificarlo con una pistola en su mano, ya que presentaba en comparaci\u00f3n las mismas zapatillas y un morral verde.<\/mark><\/p>\n\n\n\n<p><strong>Las medidas, motivadas por los videos y fotos de j\u00f3venes con armas autom\u00e1ticas y balaceras constantes, no arrojaron los resultados esperados<\/strong>\u00a0pero evidenciaron que hay algunos sujetos que est\u00e1n pasando de mano en mano importantes cantidades de dinero producto del narcomenudeo.<\/p>\n\n\n\n<p>Los efectivos de Investigaciones, en una causa que lidera el\u00a0<strong>fiscal de Delitos No Especializados Juan Ticheli<\/strong>\u00a0(en averiguaci\u00f3n de tenencia ilegal de arma de fuego -por los tiroteos-), secuestraron un cuatriciclo solicitado por robo agravado desde el 29 de junio del a\u00f1o pasado, una carabina 22 largo con ca\u00f1o recortado con seis cartuchos en su interior, seis plantas de cannabis sativa y\u00a0<strong>4.981.170 pesos.<\/strong><\/p>\n\n\n\n<p><mark>Esos billetes estaban en poder de un sujeto conocido como&nbsp;<em><strong>Farolito<\/strong><\/em><\/mark>, identificado como&nbsp;<strong>Alan Forquera<\/strong>, amigo de los hermanos&nbsp;<strong>Miguel \u00c1ngel<\/strong>&nbsp;y&nbsp;<strong>Mariano Valdivia Ortiz<\/strong>&nbsp;(hijos de&nbsp;<strong>Miguel \u00c1ngel Valdivia<\/strong>, ex cu\u00f1ado de la jefa narco y fallecido en enero del 2021 en el Hospital Central, dos a\u00f1os despu\u00e9s de ser baleado en el Papa) y enfrentados con la gente que responder\u00eda a la&nbsp;<strong><em>Yaqui<\/em><\/strong>.<\/p>\n\n\n\n<p>Por los millones de pesos que ten\u00eda en su poder, el Farolito permaneci\u00f3 aprehendido algunas horas en una dependencia policial pero recuper\u00f3 la libertad. Comprobar que ese dinero proven\u00eda de la comercializaci\u00f3n de sustancias ilegales se transform\u00f3 en una tarea complicada porque en la vivienda no le hallaron rastros de estupefacientes ni elementos para el fraccionamiento.\u00a0<em>\u201cSe infiere que ten\u00eda ese dinero por venta de drogas. Pero lo tuvimos que soltar\u201d,<\/em>\u00a0describi\u00f3 un pesquisa consultado por\u00a0<em><strong>El Sol.<\/strong><\/em><\/p>\n\n\n\n<p><strong>El Campo Papa, un ambiente complicado<\/strong><\/p>\n\n\n\n<p>Como el&nbsp;<strong><em>Farolito<\/em><\/strong>, est\u00e1n&nbsp;<em><strong>Maurito<\/strong><\/em>,&nbsp;<em><strong>Tatotito<\/strong><\/em>,&nbsp;<em><strong>Bebo<\/strong><\/em>,&nbsp;<em><strong>Perita<\/strong><\/em>&nbsp;(sobrino de la jefa narco y condenado en el 2016 por abuso de armas),&nbsp;<em><strong>Pitu<\/strong><\/em>,&nbsp;<em><strong>Negro<\/strong><\/em>, entre otros.&nbsp;<mark>Algunos son aliados. Otros se odian<\/mark>. Muchos son mayores de edad, pero casi todos no superan los 21 a\u00f1os.<\/p>\n\n\n\n<p>Tambi\u00e9n se encuentran los\u00a0<em>\u201cpesos pesados\u201d<\/em>\u00a0manejando a una parte de los soldaditos, como la\u00a0<em><strong>Gorda Celeste<\/strong><\/em>, pareja de un presunto homicida identificado como\u00a0<strong>Alexis Alcaraz<\/strong>, quien cay\u00f3 a principios del a\u00f1o pasado por el crimen de<strong>\u00a0Pablo Dami\u00e1n Cataldo<\/strong>\u00a0en el distrito Vertientes del Pedemonte, en Luj\u00e1n, perpetrado la noche del mi\u00e9rcoles 14 de diciembre del 2022.<\/p>\n\n\n\n<p>Esta mujer, quien es mencionada como referente del sector, fue allanada durante las medidas y est\u00e1 marcada en investigaciones federales y provinciales pero los efectivos de&nbsp;<strong>Investigaciones&nbsp;<\/strong>la buscaron sin \u00e9xito por los estrechos pasillos de la vivienda donde tiene base. Su identidad se reserva porque no ha sido detenida. Pero muchos vecinos la marcan como&nbsp;<em>\u201camiga de la Yaqui\u201d.<\/em><\/p>\n\n\n\n<p>Lo cierto es que en sus perfiles de redes sociales,\u00a0<mark>la jefa narco en prisi\u00f3n le dio \u201cme gusta\u201d a algunas de sus publicaciones a mediados del 2021<\/mark>. Algunas cuentas ya no existen o dejaron de presentar movimiento pero las capturas son prueba que confirman la relaci\u00f3n entre ambas mujeres.<\/p>\n\n\n\n<p><strong>Una de las facciones, complicada<\/strong><\/p>\n\n\n\n<p><mark>Miguel \u00c1ngel Valdivia Ortiz y su hermano Mariano son marcados en las investigaciones policiales y judiciales como vendedores de drogas y relacionarse con el citado\u00a0<strong>Farolito<\/strong><\/mark>. Estos j\u00f3venes,\u00a0<strong>hijos del ex cu\u00f1ado de la Yaqui<\/strong>\u00a0(estuvo en pareja con\u00a0<strong>Silvana Natal\u00ed Vargas<\/strong>, condenada con su hermana en la megacausa iniciada hace una d\u00e9cada), vienen siendo noticia desde hace a\u00f1os luego de la muerte de su progenitor.<\/p>\n\n\n\n<p><strong>Miguel \u00c1ngel Valdivia, conocido como el\u00a0<em>Cabez\u00f3n<\/em><\/strong>, fue atacado a balazos por uno de los yernos de la\u00a0<strong>Yaqui<\/strong>,\u00a0<strong>Patricio el\u00a0<em>Negro\u00a0<\/em>Garrido<\/strong>, el 11 de noviembre del 2018 en el Campo Papa. Recibi\u00f3 cinco balazos y salv\u00f3 su vida de milagro. Pero su salud empeor\u00f3 con el paso del tiempo. En enero del 2021,\u00a0<mark>el\u00a0<em><strong>Cabez\u00f3n\u00a0<\/strong><\/em>muri\u00f3 en el Hospital Central<\/mark>. Su familia estaba convencida que las heridas que sufri\u00f3 en diferentes partes del cuerpo provocaron el fallecimiento porque nunca logr\u00f3 recuperarse, pero la Justicia no lo pudo comprobar luego de analizar su hist\u00f3rica cl\u00ednica.\u00a0<strong>Su hijo Mariano tambi\u00e9n sufri\u00f3 una agresi\u00f3n armada cuando intent\u00f3 defenderlo ese d\u00eda.<\/strong><\/p>\n\n\n\n<p><mark>Lo que s\u00ed se confirm\u00f3 en una instrucci\u00f3n de la fiscal de Homicidios Andrea Lazo<\/mark>, es que el&nbsp;<strong><em>Negro&nbsp;<\/em>Garrido hab\u00eda sido el autor de los disparos contra los Valdivia<\/strong>. El yerno de la&nbsp;<strong><em>Yaqui<\/em><\/strong>, pareja de la hija m\u00e1s grande de la jefa narco, reconoci\u00f3 esos hechos y un asesinato en un juicio abreviado y recibi\u00f3 15 a\u00f1os de c\u00e1rcel a principios de agosto del a\u00f1o pasado.<\/p>\n\n\n\n<p>Llegar a resolver esa causa no fue una tarea sencilla. En el medio de los trabajos investigativos, los testigos eran amenazados y baleados.\u00a0<mark>Miguel \u00c1ngel Valdivia hijo, testigo clave en las causas que ten\u00edan a su padre como v\u00edctima, fue baleado el 9 de noviembre del 2021 en el Campo Papa<\/mark>\u00a0mientras caminaba con un amigo.<\/p>\n\n\n\n<p>Producto de las lesiones que le causaron los plomos, pasa sus d\u00edas en silla de ruedas.<mark>&nbsp;Un video que lleg\u00f3 a los investigadores en diciembre del a\u00f1o pasado, lo muestra sin remera (evidenciando sus tatuajes) participando del encuentro de una banda mientras arman cientos de dosis de coca\u00edna en el popular asentamiento godoicruce\u00f1o.<\/mark><\/p>\n\n\n\n<p>En las \u00faltimas semanas, mientras se encontraba internado en el Hospital Central (por sus problemas de salud) su casa blanco de ataques armados. No hubo heridos pero los proyectiles marcaron el ingreso de la propiedad.<\/p>\n\n\n\n<p><strong>La relaci\u00f3n de los Valdivia con la droga termin\u00f3 de confirmarse hace pocas horas, este martes,<\/strong>\u00a0cuando la\u00a0<mark>Polic\u00eda contra el Narcotr\u00e1fico (PCN) realiz\u00f3 un allanamiento y captur\u00f3 a Mariano, de 20 a\u00f1os.<\/mark>\u00a0El joven dijo ser empleado y est\u00e1 domiciliado en la manzana F del Papa.<\/p>\n\n\n\n<p>Una denuncia por narcomenudeo motiv\u00f3 a los pesquisas a solicitar la medida al Juzgado Federal N\u00ba1.\u00a0<strong>Secuestraron 33 dosis de coca\u00edna y 268.500 pesos<\/strong>\u00a0que ser\u00edan producto de la comercializaci\u00f3n de las sustancias. Fue derivado a la U-32 e iba a ser imputado por la comercializaci\u00f3n de la sustancia.<\/p>\n\n\n\n<p><strong>Fuente: www.elsol.com.ar<\/strong><\/p>\n","protected":false},"excerpt":{"rendered":"<p>Los apodos de los personajes son demasiados y pueden generar confusi\u00f3n. Sin embargo, la mayor\u00eda de ellos est\u00e1n identificados con nombre, apellido, domicilio y parentescos. Se mueven en manada por sectores marginales ubicados en lugar de dif\u00edcil acceso para la polic\u00eda y portan armas de grueso calibre. Esconden sus siluetas gran parte de la ma\u00f1ana [&hellip;]<\/p>\n","protected":false},"author":2,"featured_media":5053,"comment_status":"open","ping_status":"open","sticky":false,"template":"","format":"standard","meta":[],"categories":[48],"tags":[],"_links":{"self":[{"href":"https:\/\/pasaenmendoza.com\/index.php?rest_route=\/wp\/v2\/posts\/5045"}],"collection":[{"href":"https:\/\/pasaenmendoza.com\/index.php?rest_route=\/wp\/v2\/posts"}],"about":[{"href":"https:\/\/pasaenmendoza.com\/index.php?rest_route=\/wp\/v2\/types\/post"}],"author":[{"embeddable":true,"href":"https:\/\/pasaenmendoza.com\/index.php?rest_route=\/wp\/v2\/users\/2"}],"replies":[{"embeddable":true,"href":"https:\/\/pasaenmendoza.com\/index.php?rest_route=%2Fwp%2Fv2%2Fcomments&post=5045"}],"version-history":[{"count":1,"href":"https:\/\/pasaenmendoza.com\/index.php?rest_route=\/wp\/v2\/posts\/5045\/revisions"}],"predecessor-version":[{"id":5054,"href":"https:\/\/pasaenmendoza.com\/index.php?rest_route=\/wp\/v2\/posts\/5045\/revisions\/5054"}],"wp:featuredmedia":[{"embeddable":true,"href":"https:\/\/pasaenmendoza.com\/index.php?rest_route=\/wp\/v2\/media\/5053"}],"wp:attachment":[{"href":"https:\/\/pasaenmendoza.com\/index.php?rest_route=%2Fwp%2Fv2%2Fmedia&parent=5045"}],"wp:term":[{"taxonomy":"category","embeddable":true,"href":"https:\/\/pasaenmendoza.com\/index.php?rest_route=%2Fwp%2Fv2%2Fcategories&post=5045"},{"taxonomy":"post_tag","embeddable":true,"href":"https:\/\/pasaenmendoza.com\/index.php?rest_route=%2Fwp%2Fv2%2Ftags&post=5045"}],"curies":[{"name":"wp","href":"https:\/\/api.w.org\/{rel}","templated":true}]}}