{"id":505,"date":"2023-08-08T22:16:09","date_gmt":"2023-08-08T20:16:09","guid":{"rendered":"https:\/\/pasaenmendoza.com\/?p=505"},"modified":"2023-08-08T22:17:08","modified_gmt":"2023-08-08T20:17:08","slug":"el-pj-tiene-listo-su-proyecto-de-emergencia-habitacional-y-planea-presentarlo-el-martes-15","status":"publish","type":"post","link":"https:\/\/pasaenmendoza.com\/?p=505","title":{"rendered":"El PJ tiene listo su proyecto de emergencia habitacional y planea presentarlo el martes 15"},"content":{"rendered":"\n<p>El&nbsp;<strong>peronismo&nbsp;<\/strong>local est\u00e1 trabajando en su propuesta para declarar la<strong>&nbsp;emergencia&nbsp;<\/strong>habitacional en Mendoza. Se trata de un proyecto del senador Lucas Ilardo al que pretenden presentar el pr\u00f3ximo martes en la Legislatura, apenas dos d\u00edas despu\u00e9s de las<strong>&nbsp;PASO nacionales<\/strong>. El acceso a la vivienda es uno de los<a rel=\"noreferrer noopener\" href=\"https:\/\/www.diariouno.com.ar\/politica\/omar-parisi-llevo-su-propuesta-construir-viviendas-san-carlos-y-malargue-n1181117\" target=\"_blank\">&nbsp;ejes centrales en la campa\u00f1a de Omar Parisi&nbsp;<\/a>a la gobernaci\u00f3n, y de esta manera podr\u00edan motorizarlo aprovechando las bancas del justicialismo. Monotributistas e inquilinos, las claves.<br><br><\/p>\n\n\n\n<p>La intenci\u00f3n del bloque que tiene el&nbsp;<strong>Frente Eleg\u00ed&nbsp;<\/strong>es aterrizar con la propuesta en la&nbsp;<strong>primera sesi\u00f3n de la C\u00e1mara Alta post elecciones.<\/strong>&nbsp;Es decir, el<strong>&nbsp;martes 15 de agosto&nbsp;<\/strong>pr\u00f3ximo. Esto responde a que todav\u00eda ven el&nbsp;<strong>panorama demasiado dominado por los temas nacionales<\/strong>&nbsp;y por eso van a esperar que pasen las promesas, los cierres de&nbsp;<strong>campa\u00f1a<\/strong>&nbsp;y, por supuesto, los<strong>&nbsp;an\u00e1lisis del &#8220;d\u00eda despu\u00e9s&#8221;<\/strong>&nbsp;de que los argentinos vayan a las urnas.<\/p>\n\n\n\n<p>En calle Espa\u00f1a todav\u00eda son muy<strong>&nbsp;herm\u00e9ticos respecto al contenido de la norma<\/strong>. Al frente est\u00e1&nbsp;<strong>Ilardo&nbsp;<\/strong>con apoyo de los equipos del justicialismo y se sabe que contar\u00eda con al menos tres ejes esenciales: la creaci\u00f3n de un<strong>&nbsp;consejo en el que participar\u00edan los 18 departamentos;&nbsp;<\/strong>la creaci\u00f3n de un juzgado de regularizaci\u00f3n dominial, y la<strong>&nbsp;creaci\u00f3n de un &#8220;Banco de Tierras&#8221;<\/strong>: un&nbsp;<strong>fideicomiso<\/strong>&nbsp;p\u00fablico-privado, cuyos fondos garantizar\u00edan la provisi\u00f3n de lotes y -probablemente- de cr\u00e9ditos para quienes&nbsp;<strong>busquen construir&nbsp;<\/strong>o refaccionar un inmueble.<br><br>Como ha destacado la&nbsp;<strong>f\u00f3rmula para la gobernaci\u00f3n<\/strong>, las personas que actualmente&nbsp;<strong>alquilan y los monotributistas<\/strong>&nbsp;a los que se les imposibilita el acceso al hogar propio ser\u00edan los principales destinatarios del proyecto. Asimismo, han manifestado que no se trata de una propuesta&nbsp;<strong>&#8220;incumplible&#8221;,&nbsp;<\/strong>como se\u00f1alan&nbsp;<strong>detractores (y esc\u00e9pticos o incr\u00e9dulos) en torno a su plan.<\/strong><br><br><\/p>\n\n\n\n<h2 class=\"wp-block-heading\">La respuesta del oficialismo<\/h2>\n\n\n\n<p>En las presentaciones que el PJ ha hecho sobre el&nbsp;<strong>embri\u00f3n de la norma,&nbsp;<\/strong>ha habido<strong>&nbsp;fuertes cr\u00edticas al gobierno provincial<\/strong>&nbsp;y tambi\u00e9n a la gesti\u00f3n que lo antecedi\u00f3, de Alfredo Cornejo. Seg\u00fan ellos, en los ocho a\u00f1os de conducci\u00f3n que lleva&nbsp;<strong>Cambia Mendoza<\/strong>&nbsp;en el Ejecutivo,<strong>&nbsp;&#8220;se ha mirado para otro lado&#8221;<\/strong>&nbsp;en el asunto habitacional.<\/p>\n\n\n\n<p><strong>&#8220;Estamos ante el gobierno que menos viviendas ha construido.<\/strong>&nbsp;En nuestro caso,&nbsp;<strong>no es un slogan<\/strong>&nbsp;de campa\u00f1a, sino el abordaje para un problema real que padecen decenas de miles de familias mendocinas. Hay que dar&nbsp;<strong>certidumbre&nbsp;<\/strong>a todos ellos\u201d, fue el discurso de&nbsp;<strong>Parisi&nbsp;<\/strong>d\u00edas atr\u00e1s en una de las&nbsp;<strong>presentaciones&nbsp;<\/strong>hechas en las comunas.<br><br><\/p>\n\n\n\n<p>En las veredas&nbsp;<strong>oficialistas<\/strong>, la respuesta es que tales acusaciones&nbsp;<strong>no son ciertas, y defienden con n\u00fameros<\/strong>&nbsp;su tarea en torno a la creaci\u00f3n de posibilidades para que los mendocinos puedan&nbsp;<strong>tener su casa propia,&nbsp;<\/strong>o bien mejoren las&nbsp;<strong>condiciones&nbsp;<\/strong>de aquellas en las que ya residen. Cerca de&nbsp;<strong>Infraestructura<\/strong>, los datos que han aportado a&nbsp;<strong>Diario UNO<\/strong>&nbsp;indican que, hasta hace d\u00edas, se hab\u00edan otorgado m\u00e1s de&nbsp;<strong>1.007 soluciones habitacionales, s\u00f3lo en lo que va de 2023. Es decir, en 7 meses.<\/strong><\/p>\n\n\n\n<p>En los datos oficiales,&nbsp;<strong>a la gesti\u00f3n de Rodolfo Suarez se le atribuyen 8 mil soluciones habitacionales<\/strong>&nbsp;entregadas. Estos n\u00fameros incluyen los programas Mendoza Activa de 2020 y 2021. Adem\u00e1s, marcaron &#8211;<strong>consultados por este diario<\/strong>&#8211; que si se suman los siete a\u00f1os y medio del sancarlino&nbsp;<strong>junto a Cornejo,<\/strong>&nbsp;deber\u00eda hablarse de&nbsp;<strong>17 mil soluciones.<\/strong><\/p>\n\n\n\n<p><strong>&#8220;A eso se agrega que hay unas 3.500 en proceso de licitaci\u00f3n<\/strong>&nbsp;y unas<strong>&nbsp;4.500<\/strong>&nbsp;que est\u00e1n en obra&#8221;, explicaron desde los pasillos de&nbsp;<strong>Casa de Gobierno.<\/strong>&nbsp;El propio mandatario hizo distintas&nbsp;<strong>entregas&nbsp;<\/strong>en los d\u00edas pasados. A principios de mes se otorgaron&nbsp;<strong>29 unidades en General Alvear,<\/strong>&nbsp;y se dio una de las \u00faltimas definiciones del Ejecutivo al respecto,<strong>&nbsp;en clave de campa\u00f1a:&nbsp;<\/strong>&#8220;Tenemos que&nbsp;<strong>seguir&nbsp;<\/strong>construyendo viviendas. Para eso no hay que gastar en lo que no hay que gastar. Hay que&nbsp;<strong>gastar bien&nbsp;<\/strong>hay que ser ordenado en las cuentas.&nbsp;<strong>Y eso lo tenemos que defender<\/strong>&#8220;, apunt\u00f3.<br><br><\/p>\n\n\n\n<p>En cuanto a comisiones, est\u00e1 casi descontado que vaya al amplio \u00f3rgano de&nbsp;<strong>Ambiente,<\/strong>&nbsp;cambio clim\u00e1tico, riesgo de desastre, asuntos territoriales y&nbsp;<strong>vivienda<\/strong>. All\u00ed hay nueve miembros, y el frente de Gobierno s\u00f3lo tiene tres representantes: las senadores Gabriela Testa J\u00e9sica Laferte, del radicalismo, y&nbsp;<strong>Ernesto Mancinelli&nbsp;<\/strong>-quien adem\u00e1s preside la comisi\u00f3n- de&nbsp;<strong>Libres del Sur.<\/strong><\/p>\n\n\n\n<p>Por su parte, los otros seis pertenecen a la oposici\u00f3n y est\u00e1n repartidos entre el<strong>&nbsp;PRO cercano a Omar De Marchi&nbsp;<\/strong>(hoy precandidato por La Uni\u00f3n Mendocina) y el peronismo. Son<strong>&nbsp;Florencia Canali, Bartolom\u00e9 Robles, Gerardo Vaquer y Mercedes Derrache&nbsp;<\/strong>por el PJ; junto a y&nbsp;<strong>Germ\u00e1n Vicchi y Rolando Baldasso<\/strong>&nbsp;de las filas amarillas, pero no alineados con el&nbsp;<strong>Ejecutivo&nbsp;<\/strong>provincial.<br><br><br>FUENTE: DIARIOUNO.COM.AR<\/p>\n\n\n\n<p><br><br><\/p>\n","protected":false},"excerpt":{"rendered":"<p>El&nbsp;peronismo&nbsp;local est\u00e1 trabajando en su propuesta para declarar la&nbsp;emergencia&nbsp;habitacional en Mendoza. Se trata de un proyecto del senador Lucas Ilardo al que pretenden presentar el pr\u00f3ximo martes en la Legislatura, apenas dos d\u00edas despu\u00e9s de las&nbsp;PASO nacionales. El acceso a la vivienda es uno de los&nbsp;ejes centrales en la campa\u00f1a de Omar Parisi&nbsp;a la gobernaci\u00f3n, [&hellip;]<\/p>\n","protected":false},"author":2,"featured_media":506,"comment_status":"open","ping_status":"open","sticky":false,"template":"","format":"standard","meta":[],"categories":[47],"tags":[],"_links":{"self":[{"href":"https:\/\/pasaenmendoza.com\/index.php?rest_route=\/wp\/v2\/posts\/505"}],"collection":[{"href":"https:\/\/pasaenmendoza.com\/index.php?rest_route=\/wp\/v2\/posts"}],"about":[{"href":"https:\/\/pasaenmendoza.com\/index.php?rest_route=\/wp\/v2\/types\/post"}],"author":[{"embeddable":true,"href":"https:\/\/pasaenmendoza.com\/index.php?rest_route=\/wp\/v2\/users\/2"}],"replies":[{"embeddable":true,"href":"https:\/\/pasaenmendoza.com\/index.php?rest_route=%2Fwp%2Fv2%2Fcomments&post=505"}],"version-history":[{"count":2,"href":"https:\/\/pasaenmendoza.com\/index.php?rest_route=\/wp\/v2\/posts\/505\/revisions"}],"predecessor-version":[{"id":508,"href":"https:\/\/pasaenmendoza.com\/index.php?rest_route=\/wp\/v2\/posts\/505\/revisions\/508"}],"wp:featuredmedia":[{"embeddable":true,"href":"https:\/\/pasaenmendoza.com\/index.php?rest_route=\/wp\/v2\/media\/506"}],"wp:attachment":[{"href":"https:\/\/pasaenmendoza.com\/index.php?rest_route=%2Fwp%2Fv2%2Fmedia&parent=505"}],"wp:term":[{"taxonomy":"category","embeddable":true,"href":"https:\/\/pasaenmendoza.com\/index.php?rest_route=%2Fwp%2Fv2%2Fcategories&post=505"},{"taxonomy":"post_tag","embeddable":true,"href":"https:\/\/pasaenmendoza.com\/index.php?rest_route=%2Fwp%2Fv2%2Ftags&post=505"}],"curies":[{"name":"wp","href":"https:\/\/api.w.org\/{rel}","templated":true}]}}