{"id":5052,"date":"2024-02-01T13:41:12","date_gmt":"2024-02-01T12:41:12","guid":{"rendered":"https:\/\/pasaenmendoza.com\/?p=5052"},"modified":"2024-02-01T13:41:13","modified_gmt":"2024-02-01T12:41:13","slug":"como-votaran-los-diputados-mendocinos-en-la-ley-bases","status":"publish","type":"post","link":"https:\/\/pasaenmendoza.com\/?p=5052","title":{"rendered":"Como votar\u00e1n los diputados mendocinos en la Ley Bases"},"content":{"rendered":"\n<p>\u00a0Este mi\u00e9rcoles comenz\u00f3 el debate por la<strong>\u00a0Ley \u00d3mnibus<\/strong>\u00a0impulsada por el presidente\u00a0<strong>Javier Milei<\/strong>. Se espera que la sesi\u00f3n dure unas 35 horas y se termine votando durante este jueves despu\u00e9s del mediod\u00eda.<\/p>\n\n\n\n<p>En ese marco,&nbsp;<strong>distintos legisladores mendocinos adelantaron c\u00f3mo ser\u00e1 su voto y fueron contando sus pareceres<\/strong>. Se esperan cuatro votos mendocinos sin condicionamientos,&nbsp;<strong>los tres diputados nacionales de La Libertad Avanza, Lourdes Arrieta, Mercedes Llano y Facundo Correa Llano<\/strong>, mientras que se sumar\u00eda el&nbsp;<strong>voto de \u00c1lvaro Mart\u00ednez, legislador de La Uni\u00f3n Mendocina<\/strong>.<\/p>\n\n\n\n<p>Dos de las legisladoras libertarias se expresaron en sus redes sociales para dar cuenta de sus sensaciones ante una sesi\u00f3n que consideran hist\u00f3rica.\u00a0<strong>Mientras que Arrieta cont\u00f3 una an\u00e9cdota en torno al izamiento de bandera -del cual estuvo a cargo-, Llano subray\u00f3 que &#8220;una Argentina distinta ya est\u00e1 en marcha&#8221;<\/strong>.<\/p>\n\n\n\n<p><strong>El radicalismo, a diferencia del PRO, marc\u00f3 algunas diferencias en torno al proyecto<\/strong>. Si bien expresaron su voluntad de dar qu\u00f3rum y de apoyar en grandes l\u00edneas al proyecto, marcaron algunas diferencias con el oficialismo-.\u00a0<strong>La postura acordada entre los radicales Julio Cobos, Lisandro Nieri y Pamela Verasay fue dar qu\u00f3rum y aprobar en general el proyecto<\/strong>.<\/p>\n\n\n\n<p>Desde sus redes sociales, tanto Cobos como Nieri se hab\u00edan expresado al respecto. Mientras el ex vicepresidente asegur\u00f3 que &#8220;continuamos con nuestra buena predisposici\u00f3n para el di\u00e1logo y el acuerdo, en las leyes necesarias para mejorar la situaci\u00f3n de los argentinos&#8221;, el otrora ministro mendocino apunt\u00f3 que &#8220;trabajamos en mejorar la propuesta oficial, se\u00f1alamos nuestros l\u00edmites como los rojos de un sem\u00e1foro&#8221;.<\/p>\n\n\n\n<p><strong>Los tres legisladores peronistas por Mendoza, Adolfo Bermejo, Liliana Paponet y Mart\u00edn Aveiro&nbsp;adelantaron que se opondr\u00e1n al proyecto.<\/strong>&nbsp;Horas antes del inicio del debate de la Ley \u00d3mnibus, los diputados junto a la senadora Fern\u00e1ndez Sagasti se reunieron con investigadores del Conicet.<\/p>\n\n\n\n<p>&#8220;Tuvimos la oportunidad de escuchar a cient\u00edfica\/os e investigadora\/es del CONICET Mendoza. Alertan sobre la gravedad de algunos art\u00edculos en este proyecto del ejecutivo y su impacto en la ciencia y tecnolog\u00eda del pa\u00eds&#8221;, se\u00f1al\u00f3 Adolfo Bermejo en sus redes.<\/p>\n\n\n\n<p>Mientras que desde el bloque de Uni\u00f3n por la Patria consideraron que &#8220;la Ley \u00d3mnibus avasalla al Congreso, vulnera derechos y perjudica a la producci\u00f3n y al trabajo&#8221;.<\/p>\n\n\n\n<p>FUENTE: Mendozapost <\/p>\n","protected":false},"excerpt":{"rendered":"<p>\u00a0Este mi\u00e9rcoles comenz\u00f3 el debate por la\u00a0Ley \u00d3mnibus\u00a0impulsada por el presidente\u00a0Javier Milei. Se espera que la sesi\u00f3n dure unas 35 horas y se termine votando durante este jueves despu\u00e9s del mediod\u00eda. En ese marco,&nbsp;distintos legisladores mendocinos adelantaron c\u00f3mo ser\u00e1 su voto y fueron contando sus pareceres. Se esperan cuatro votos mendocinos sin condicionamientos,&nbsp;los tres diputados [&hellip;]<\/p>\n","protected":false},"author":2,"featured_media":5055,"comment_status":"open","ping_status":"open","sticky":true,"template":"","format":"standard","meta":[],"categories":[47],"tags":[],"_links":{"self":[{"href":"https:\/\/pasaenmendoza.com\/index.php?rest_route=\/wp\/v2\/posts\/5052"}],"collection":[{"href":"https:\/\/pasaenmendoza.com\/index.php?rest_route=\/wp\/v2\/posts"}],"about":[{"href":"https:\/\/pasaenmendoza.com\/index.php?rest_route=\/wp\/v2\/types\/post"}],"author":[{"embeddable":true,"href":"https:\/\/pasaenmendoza.com\/index.php?rest_route=\/wp\/v2\/users\/2"}],"replies":[{"embeddable":true,"href":"https:\/\/pasaenmendoza.com\/index.php?rest_route=%2Fwp%2Fv2%2Fcomments&post=5052"}],"version-history":[{"count":1,"href":"https:\/\/pasaenmendoza.com\/index.php?rest_route=\/wp\/v2\/posts\/5052\/revisions"}],"predecessor-version":[{"id":5056,"href":"https:\/\/pasaenmendoza.com\/index.php?rest_route=\/wp\/v2\/posts\/5052\/revisions\/5056"}],"wp:featuredmedia":[{"embeddable":true,"href":"https:\/\/pasaenmendoza.com\/index.php?rest_route=\/wp\/v2\/media\/5055"}],"wp:attachment":[{"href":"https:\/\/pasaenmendoza.com\/index.php?rest_route=%2Fwp%2Fv2%2Fmedia&parent=5052"}],"wp:term":[{"taxonomy":"category","embeddable":true,"href":"https:\/\/pasaenmendoza.com\/index.php?rest_route=%2Fwp%2Fv2%2Fcategories&post=5052"},{"taxonomy":"post_tag","embeddable":true,"href":"https:\/\/pasaenmendoza.com\/index.php?rest_route=%2Fwp%2Fv2%2Ftags&post=5052"}],"curies":[{"name":"wp","href":"https:\/\/api.w.org\/{rel}","templated":true}]}}