{"id":5057,"date":"2024-02-01T13:45:27","date_gmt":"2024-02-01T12:45:27","guid":{"rendered":"https:\/\/pasaenmendoza.com\/?p=5057"},"modified":"2024-02-01T13:45:28","modified_gmt":"2024-02-01T12:45:28","slug":"siete-diputados-mendocinos-faltaron-a-la-primera-sesion-del-ano-y-una-de-ellas-se-mostro-de-vacaciones","status":"publish","type":"post","link":"https:\/\/pasaenmendoza.com\/?p=5057","title":{"rendered":"Siete diputados mendocinos faltaron a la primera sesi\u00f3n del a\u00f1o y una de ellas se mostr\u00f3 de vacaciones"},"content":{"rendered":"\n<p>Un referente del FIT denunci\u00f3 por las redes que los legisladores provinciales cobran 1,2 millones de pesos y faltan a su trabajo. Tambi\u00e9n asegur\u00f3 que una joven legisladora radical se fotografi\u00f3 en la Costa Atl\u00e1ntica<\/p>\n\n\n\n<p>Despu\u00e9s de un mes de receso veraniego, este mi\u00e9rcoles volvi\u00f3 a sesionar la\u00a0<strong>C\u00e1mara de Diputados de\u00a0Mendoza<\/strong>. Sin embargo,<strong>\u00a0siete de los cuarenta y ocho legisladores no estuvieron presentes.<\/strong><\/p>\n\n\n\n<p>Si bien no se sabe realmente cu\u00e1les fueron los motivos por los que no asistieron -solo se registra el pedido de licencia- s\u00ed\u00a0<strong>hubo una legisladora radical que<\/strong>\u00a0<strong>dej\u00f3 indicios en las redes sociales<\/strong>. Al menos es lo que denunci\u00f3 el exlegislador del FIT Lautaro Jim\u00e9nez.<\/p>\n\n\n\n<p>Se trata de\u00a0<strong>Giuliana D\u00edaz, joven maipucina\u00a0<\/strong>que lleg\u00f3 a la Legislatura en el 2021, est\u00e1 ligada pol\u00edticamente a N\u00e9stor Majul y -seg\u00fan acus\u00f3 Jim\u00e9nez-\u00a0<strong>se mostr\u00f3 de vacaciones<\/strong>.<\/p>\n\n\n\n<h2 class=\"wp-block-heading\">La diputada radical que se fotografi\u00f3 en la playa<\/h2>\n\n\n\n<p>Jim\u00e9nez denunci\u00f3 la situaci\u00f3n en su perfil de X y la noticia trascendi\u00f3 r\u00e1pidamente.<\/p>\n\n\n\n<p>Los dem\u00e1s<strong>\u00a0legisladores que faltaron\u00a0<\/strong>a trabajar fueron<strong>\u00a0Ver\u00f3nica Valverde, Gustavo Perret y Roxana Escudero del PJ, Gabriela Lizana del Frente Renovador, Julio Villafa\u00f1e del Partido Renovador y Jorge L\u00f3pez de la UCR.<\/strong><\/p>\n\n\n\n<h2 class=\"wp-block-heading\">Pedir\u00e1n que no se den licencias para vacaciones<\/h2>\n\n\n\n<p>El&nbsp;<strong>punto en el que se concentr\u00f3 la denuncia p\u00fablica de Jim\u00e9nez<\/strong>&nbsp;es que l<strong>os legisladores cobran un sueldo de 1.270.000 pesos<\/strong>&nbsp;-algo que difiere enormemente del sueldo promedio de un trabajador en Argentina- y adem\u00e1s, poseen&nbsp;<strong>un mes y medio de vacaciones en el a\u00f1o&nbsp;<\/strong>(los 30 d\u00edas de enero y 15 d\u00edas en temporada invernal).<\/p>\n\n\n\n<p>Por este motivo, el dirigente de izquierda puso de relieve que&nbsp;<strong>van a pedir que fuera de ese periodo ning\u00fan legislador se tome licencia para vacaciones.<\/strong><\/p>\n\n\n\n<h2 class=\"wp-block-heading\">El antecedente de Ronco sesionando desde el Caribe<\/h2>\n\n\n\n<p>La&nbsp;<strong>\u00faltima semana de diciembre<\/strong>&nbsp;y a solo d\u00edas de haber asumido como legislador,&nbsp;<strong>el exintendente de Rivadavia, Miguel Ronco (UCR) se fue de vacaciones al Caribe, puntualmente a Playa del Carmen (M\u00e9xico).<\/strong><\/p>\n\n\n\n<p>Como es trabajador,&nbsp;<strong>el hombre pidi\u00f3 sesionar desde su estad\u00eda en el exterior<\/strong>, en forma virtual. Pero de todas maneras, el esc\u00e1ndalo fue mayor.<\/p>\n\n\n\n<p>Esta vez, es D\u00edaz la que mostr\u00f3 su descanso, pero en un lugar m\u00e1s gasolero. De todas formas, sus cr\u00edticos recalcan que\u00a0<strong>lo hizo fuera del receso veraniego<\/strong>.<\/p>\n\n\n\n<p>FUENTE: Diariouno.com.ar<\/p>\n","protected":false},"excerpt":{"rendered":"<p>Un referente del FIT denunci\u00f3 por las redes que los legisladores provinciales cobran 1,2 millones de pesos y faltan a su trabajo. Tambi\u00e9n asegur\u00f3 que una joven legisladora radical se fotografi\u00f3 en la Costa Atl\u00e1ntica Despu\u00e9s de un mes de receso veraniego, este mi\u00e9rcoles volvi\u00f3 a sesionar la\u00a0C\u00e1mara de Diputados de\u00a0Mendoza. Sin embargo,\u00a0siete de los [&hellip;]<\/p>\n","protected":false},"author":2,"featured_media":5061,"comment_status":"open","ping_status":"open","sticky":true,"template":"","format":"standard","meta":[],"categories":[47],"tags":[],"_links":{"self":[{"href":"https:\/\/pasaenmendoza.com\/index.php?rest_route=\/wp\/v2\/posts\/5057"}],"collection":[{"href":"https:\/\/pasaenmendoza.com\/index.php?rest_route=\/wp\/v2\/posts"}],"about":[{"href":"https:\/\/pasaenmendoza.com\/index.php?rest_route=\/wp\/v2\/types\/post"}],"author":[{"embeddable":true,"href":"https:\/\/pasaenmendoza.com\/index.php?rest_route=\/wp\/v2\/users\/2"}],"replies":[{"embeddable":true,"href":"https:\/\/pasaenmendoza.com\/index.php?rest_route=%2Fwp%2Fv2%2Fcomments&post=5057"}],"version-history":[{"count":1,"href":"https:\/\/pasaenmendoza.com\/index.php?rest_route=\/wp\/v2\/posts\/5057\/revisions"}],"predecessor-version":[{"id":5062,"href":"https:\/\/pasaenmendoza.com\/index.php?rest_route=\/wp\/v2\/posts\/5057\/revisions\/5062"}],"wp:featuredmedia":[{"embeddable":true,"href":"https:\/\/pasaenmendoza.com\/index.php?rest_route=\/wp\/v2\/media\/5061"}],"wp:attachment":[{"href":"https:\/\/pasaenmendoza.com\/index.php?rest_route=%2Fwp%2Fv2%2Fmedia&parent=5057"}],"wp:term":[{"taxonomy":"category","embeddable":true,"href":"https:\/\/pasaenmendoza.com\/index.php?rest_route=%2Fwp%2Fv2%2Fcategories&post=5057"},{"taxonomy":"post_tag","embeddable":true,"href":"https:\/\/pasaenmendoza.com\/index.php?rest_route=%2Fwp%2Fv2%2Ftags&post=5057"}],"curies":[{"name":"wp","href":"https:\/\/api.w.org\/{rel}","templated":true}]}}