{"id":5063,"date":"2024-02-01T14:00:59","date_gmt":"2024-02-01T13:00:59","guid":{"rendered":"https:\/\/pasaenmendoza.com\/?p=5063"},"modified":"2024-02-01T14:01:00","modified_gmt":"2024-02-01T13:01:00","slug":"alivio-para-mendoza-mantienen-beneficios-del-gas-por-zona-fria","status":"publish","type":"post","link":"https:\/\/pasaenmendoza.com\/?p=5063","title":{"rendered":"Alivio para Mendoza: mantienen beneficios del gas por Zona Fr\u00eda"},"content":{"rendered":"\n<p>En el inicio de la extensa sesi\u00f3n del Congreso para debatir la\u00a0<strong>Ley \u00d3mnibus<\/strong>, el secretario parlamentario de la C\u00e1mara de Diputados,\u00a0<strong>Tom\u00e1s<\/strong>\u00a0<strong>Figueroa<\/strong>, destac\u00f3 que uno de los ajustes realizados al dictamen de mayor\u00eda beneficia significativamente a la provincia de\u00a0<strong>Mendoza<\/strong>.<\/p>\n\n\n\n<p>Este martes, se confirm\u00f3 la eliminaci\u00f3n del art\u00edculo relacionado con la Ley de Zona Fr\u00eda, asegurando as\u00ed la continuidad de los beneficios de dicha normativa para Mendoza.<\/p>\n\n\n\n<p>La modificaci\u00f3n gener\u00f3 un ambiente de alivio entre los representantes de&nbsp;<strong>Mendoza<\/strong>, La Pampa, Buenos Aires y la Patagonia.<\/p>\n\n\n\n<p>El art\u00edculo 292, que otorgaba facultades para alterar los fondos fiduciarios de zonas fr\u00edas para usuarios residenciales de gas, fue removido. La senadora Anabel Fern\u00e1ndez Sagasti (PJ) resalt\u00f3 que m\u00e1s de 400,000 mendocinos se ver\u00edan beneficiados con esta medida.<\/p>\n\n\n\n<p>Anteriormente, dicho art\u00edculo facultaba al&nbsp;<strong>Poder Ejecutivo Nacional&nbsp;<\/strong>a intervenir en los fondos fiduciarios del sector energ\u00e9tico, incluso aquellos destinados a subsidios, con el objetivo de mejorar la asignaci\u00f3n eficiente de recursos y controlar su implementaci\u00f3n.<\/p>\n\n\n\n<p>La eliminaci\u00f3n de este art\u00edculo asegura la preservaci\u00f3n de los beneficios por zona fr\u00eda, evitando que las tarifas para los usuarios residenciales de gas en Mendoza se disparen, lo que habr\u00eda resultado en facturas impagables para muchas familias.<\/p>\n\n\n\n<h2 class=\"wp-block-heading\">Otras modificacionen&nbsp;<\/h2>\n\n\n\n<p>Adem\u00e1s de este cambio, se realizaron otras modificaciones al dictamen de mayor\u00eda de la Ley \u00d3mnibus. Entre ellas, se elimin\u00f3 la aclaraci\u00f3n sobre el plazo de vigencia del impuesto PAIS, cuya continuidad ser\u00e1 objeto de negociaci\u00f3n con los gobernadores.<\/p>\n\n\n\n<p>Asimismo, se retiraron los art\u00edculos que alteraban el financiamiento de las leyes de Bosques Nativos y Glaciares, proporcionando alivio a las organizaciones ambientalistas.<\/p>\n\n\n\n<p>La supresi\u00f3n del art\u00edculo 303 excluy\u00f3 las multas m\u00e1ximas como sanci\u00f3n para organizadores de manifestaciones sociales, anulando las sanciones m\u00e1s severas.<\/p>\n\n\n\n<p>Estos cambios representan una serie de ajustes significativos que han generado reacciones positivas tanto en los representantes provinciales como en las organizaciones civiles.<\/p>\n\n\n\n<p><strong>Fuente: jornadaonline.com<\/strong><\/p>\n","protected":false},"excerpt":{"rendered":"<p>En el inicio de la extensa sesi\u00f3n del Congreso para debatir la\u00a0Ley \u00d3mnibus, el secretario parlamentario de la C\u00e1mara de Diputados,\u00a0Tom\u00e1s\u00a0Figueroa, destac\u00f3 que uno de los ajustes realizados al dictamen de mayor\u00eda beneficia significativamente a la provincia de\u00a0Mendoza. Este martes, se confirm\u00f3 la eliminaci\u00f3n del art\u00edculo relacionado con la Ley de Zona Fr\u00eda, asegurando as\u00ed [&hellip;]<\/p>\n","protected":false},"author":2,"featured_media":5064,"comment_status":"open","ping_status":"open","sticky":false,"template":"","format":"standard","meta":[],"categories":[92],"tags":[],"_links":{"self":[{"href":"https:\/\/pasaenmendoza.com\/index.php?rest_route=\/wp\/v2\/posts\/5063"}],"collection":[{"href":"https:\/\/pasaenmendoza.com\/index.php?rest_route=\/wp\/v2\/posts"}],"about":[{"href":"https:\/\/pasaenmendoza.com\/index.php?rest_route=\/wp\/v2\/types\/post"}],"author":[{"embeddable":true,"href":"https:\/\/pasaenmendoza.com\/index.php?rest_route=\/wp\/v2\/users\/2"}],"replies":[{"embeddable":true,"href":"https:\/\/pasaenmendoza.com\/index.php?rest_route=%2Fwp%2Fv2%2Fcomments&post=5063"}],"version-history":[{"count":1,"href":"https:\/\/pasaenmendoza.com\/index.php?rest_route=\/wp\/v2\/posts\/5063\/revisions"}],"predecessor-version":[{"id":5065,"href":"https:\/\/pasaenmendoza.com\/index.php?rest_route=\/wp\/v2\/posts\/5063\/revisions\/5065"}],"wp:featuredmedia":[{"embeddable":true,"href":"https:\/\/pasaenmendoza.com\/index.php?rest_route=\/wp\/v2\/media\/5064"}],"wp:attachment":[{"href":"https:\/\/pasaenmendoza.com\/index.php?rest_route=%2Fwp%2Fv2%2Fmedia&parent=5063"}],"wp:term":[{"taxonomy":"category","embeddable":true,"href":"https:\/\/pasaenmendoza.com\/index.php?rest_route=%2Fwp%2Fv2%2Fcategories&post=5063"},{"taxonomy":"post_tag","embeddable":true,"href":"https:\/\/pasaenmendoza.com\/index.php?rest_route=%2Fwp%2Fv2%2Ftags&post=5063"}],"curies":[{"name":"wp","href":"https:\/\/api.w.org\/{rel}","templated":true}]}}