{"id":5066,"date":"2024-02-02T13:30:16","date_gmt":"2024-02-02T12:30:16","guid":{"rendered":"https:\/\/pasaenmendoza.com\/?p=5066"},"modified":"2024-02-02T13:30:18","modified_gmt":"2024-02-02T12:30:18","slug":"ley-omnibus-como-votaran-los-10-diputados-mendocinos-este-viernes","status":"publish","type":"post","link":"https:\/\/pasaenmendoza.com\/?p=5066","title":{"rendered":"Ley \u00f3mnibus: c\u00f3mo votar\u00e1n los 10 diputados mendocinos este viernes"},"content":{"rendered":"\n<p>La C\u00e1mara baja debate el paquete de leyes que impulsa el gobierno de Javier Milei. Tendr\u00eda garantizada su aprobaci\u00f3n en general, pero hay dudas en art\u00edculos en particular. C\u00f3mo piensan los mendocinos.<\/p>\n\n\n\n<p>La provincia de&nbsp;Mendoza&nbsp;tiene diez diputados nacionales y este viernes deber\u00e1n votar si est\u00e1n a favor o en contra de la&nbsp;<strong>ley \u00f3mnibus&nbsp;<\/strong>que impulsa el presidente de la Naci\u00f3n, Javier Milei. Sin embargo, todo indica que algunos de ellos votar\u00e1n de forma positiva, pero luego tendr\u00e1n disidencias en art\u00edculos puntuales, por lo que a\u00fan es un misterio c\u00f3mo quedar\u00e1 finalmente la legislaci\u00f3n.<\/p>\n\n\n\n<p>A priori, hay tres diputados mendocinos que votar\u00edan todo el paquete de forma afirmativa. Se trata de los tres legisladores que llegaron al Congreso de la mano de la lista de La Libertad Avanza: Mercedes Llano, Facundo Correa Llano y Lourdes Arrieta, que incluso lo confirmaron a la hora de tomar el micr\u00f3fono en sus intervenciones.<\/p>\n\n\n\n<p>A ellos se suma un cuarto diputado que si bien no forma parte de La Libertad Avanza, tiene un monobloque que est\u00e1 muy cerca del oficialismo. Se trata de \u00c1lvaro Mart\u00ednez, diputado de La Uni\u00f3n Mendocina que responde al lujanino Omar De Marchi, funcionario del gobierno de Javier Milei en la Secretar\u00eda de Relaciones Parlamentarias. Mart\u00ednez tambi\u00e9n dej\u00f3 en claro su respaldo al hablar frente a sus pares de la C\u00e1mara baja.<\/p>\n\n\n\n<p>Luego, aparecen los tres diputados radicales, quienes estar\u00edan dispuestos a acompa\u00f1ar la\u00a0ley \u00f3mnibus\u00a0en general, pero luego rechazar algunos art\u00edculos en particular. Es decir, pondr\u00e1n reparos a ciertos temas y si esos art\u00edculos no cuentan con los votos de la mayor\u00eda de los diputados, quedar\u00e1n fuera de la ley. En esa lista est\u00e1n Pamela Verasay, Lisandro Nieri y Julio Cobos. Desde el radicalismo han negociado modificaciones al proyecto y Nieri destac\u00f3 que lograron mejorar la redacci\u00f3n final, pero a\u00fan quedar\u00edan matices que se expresar\u00edan en art\u00edculos puntuales. En el caso de Cobos,\u00a0el exvicepresidente ha dejado en claro sus preocupaciones respecto de la ley.<\/p>\n\n\n\n<p>Por \u00faltimo, los diputados de Uni\u00f3n por la Patria manifestaron su rechazo al proyecto del oficialismo y votar\u00e1n en contra de la\u00a0ley \u00f3mnibus. En total, son tres los legisladores mendocinos que integran ese bloque y que se opondr\u00e1n con su voto: Mart\u00edn Aveiro, Adolfo Bermejo y Liliana Paponet.<\/p>\n\n\n\n<p>FUENTE: Mdzonline.<\/p>\n","protected":false},"excerpt":{"rendered":"<p>La C\u00e1mara baja debate el paquete de leyes que impulsa el gobierno de Javier Milei. Tendr\u00eda garantizada su aprobaci\u00f3n en general, pero hay dudas en art\u00edculos en particular. C\u00f3mo piensan los mendocinos. La provincia de&nbsp;Mendoza&nbsp;tiene diez diputados nacionales y este viernes deber\u00e1n votar si est\u00e1n a favor o en contra de la&nbsp;ley \u00f3mnibus&nbsp;que impulsa el [&hellip;]<\/p>\n","protected":false},"author":2,"featured_media":5067,"comment_status":"open","ping_status":"open","sticky":true,"template":"","format":"standard","meta":[],"categories":[47],"tags":[],"_links":{"self":[{"href":"https:\/\/pasaenmendoza.com\/index.php?rest_route=\/wp\/v2\/posts\/5066"}],"collection":[{"href":"https:\/\/pasaenmendoza.com\/index.php?rest_route=\/wp\/v2\/posts"}],"about":[{"href":"https:\/\/pasaenmendoza.com\/index.php?rest_route=\/wp\/v2\/types\/post"}],"author":[{"embeddable":true,"href":"https:\/\/pasaenmendoza.com\/index.php?rest_route=\/wp\/v2\/users\/2"}],"replies":[{"embeddable":true,"href":"https:\/\/pasaenmendoza.com\/index.php?rest_route=%2Fwp%2Fv2%2Fcomments&post=5066"}],"version-history":[{"count":1,"href":"https:\/\/pasaenmendoza.com\/index.php?rest_route=\/wp\/v2\/posts\/5066\/revisions"}],"predecessor-version":[{"id":5068,"href":"https:\/\/pasaenmendoza.com\/index.php?rest_route=\/wp\/v2\/posts\/5066\/revisions\/5068"}],"wp:featuredmedia":[{"embeddable":true,"href":"https:\/\/pasaenmendoza.com\/index.php?rest_route=\/wp\/v2\/media\/5067"}],"wp:attachment":[{"href":"https:\/\/pasaenmendoza.com\/index.php?rest_route=%2Fwp%2Fv2%2Fmedia&parent=5066"}],"wp:term":[{"taxonomy":"category","embeddable":true,"href":"https:\/\/pasaenmendoza.com\/index.php?rest_route=%2Fwp%2Fv2%2Fcategories&post=5066"},{"taxonomy":"post_tag","embeddable":true,"href":"https:\/\/pasaenmendoza.com\/index.php?rest_route=%2Fwp%2Fv2%2Ftags&post=5066"}],"curies":[{"name":"wp","href":"https:\/\/api.w.org\/{rel}","templated":true}]}}