{"id":5069,"date":"2024-02-02T13:33:49","date_gmt":"2024-02-02T12:33:49","guid":{"rendered":"https:\/\/pasaenmendoza.com\/?p=5069"},"modified":"2024-02-02T13:33:50","modified_gmt":"2024-02-02T12:33:50","slug":"las-heras-los-sumarios-a-empleados-municipales-abrieron-diferencias-en-cambia-mendoza","status":"publish","type":"post","link":"https:\/\/pasaenmendoza.com\/?p=5069","title":{"rendered":"Las Heras: los sumarios a empleados municipales abrieron diferencias en Cambia Mendoza"},"content":{"rendered":"\n<p>Se trata de ediles que, mantienen contacto con el exintendente Daniel Orozco Y pertenec\u00edan a La Uni\u00f3n Mendocina, pero tras la derrota electoral decidieron volver al oficialismo.<\/p>\n\n\n\n<p><strong>Francisco Lo Presti&nbsp;<\/strong>asumi\u00f3 como intendente de Las Heras el pasado 11 de diciembre y en su primer mes al mando del municipio&nbsp;<mark>dio de baja cerca de 700 contratos<\/mark>. En su intento por reconstruir econ\u00f3mica y administrativamente la comuna, detect\u00f3 que&nbsp;<mark>m\u00e1s de 200 empleados de planta permanente no asistieron a trabajar&nbsp;<\/mark>desde que comenz\u00f3 su gesti\u00f3n&nbsp;<mark>sin presentar ning\u00fan tipo justificaci\u00f3n<\/mark>&nbsp;y, por ende, orden\u00f3 la apertura de sumario a estas personas.<\/p>\n\n\n\n<p>Sin embargo, la medida gener\u00f3 una reacci\u00f3n adversa de algunos dirigentes de&nbsp;<strong>Cambia Mendoza<\/strong>&nbsp;de ese departamento, que le solicitaron al jefe comunal que no contin\u00fae con el proceso administrativo de algunos empleados.<\/p>\n\n\n\n<p>El pedido viene de parte de algunos de los concejales que pertenec\u00edan a\u00a0<strong>La Uni\u00f3n Mendocina<\/strong>\u00a0y que volvieron a CM por de las diferencias que mantuvieron con el exitendente\u00a0<strong>Daniel Orozco<\/strong>\u00a0y la actual diputada provincial\u00a0<strong>Janina Ortiz<\/strong>. A pesar de los encontronazos, algunos ediles siguen manteniendo contactos con la pareja.<\/p>\n\n\n\n<p>En su momento, los concejales&nbsp;<strong>Laura&nbsp;Fern\u00e1ndez<\/strong>,&nbsp;<strong>Miguel Ju\u00e1rez<\/strong>,&nbsp;<strong>Viviana Riquelme<\/strong>,&nbsp;<strong>Priscila Maturano<\/strong>,&nbsp;<strong>Eduardo Gonz\u00e1lez<\/strong>&nbsp;y&nbsp;<strong>Alberto Guajardo<\/strong>&nbsp;decidieron acompa\u00f1ar a Orozco en su aventura de ser el compa\u00f1ero de f\u00f3rmula de&nbsp;<strong>Omar De Marchi&nbsp;<\/strong>para la gobernaci\u00f3n.<\/p>\n\n\n\n<p>Pero d\u00edas previos a las elecciones departamentales y provinciales, Fern\u00e1ndez fue la primera en pegar el portazo y decidi\u00f3 volver a CM. Ya con la victoria de Lo Presti en Las Heras y de&nbsp;<strong>Alfredo Cornejo&nbsp;<\/strong>en la provincia, el resto de los concejales decidieron que no quer\u00edan ser \u201coposici\u00f3n\u201d y prefirieron mantenerse en el nuevo \u201coficialismo\u201d.<\/p>\n\n\n\n<p>La convivencia entre los dirigentes de CM y los \u201cexs\u201d LAUM se encuentra en buenos t\u00e9rminos, pero por pedidos de esta \u00edndole se han producido algunas diferencias dentro del oficialismo municipal. En el radicalismo, sospechan que quienes estar\u00edan detr\u00e1s de estas peticiones son el mismo Orozco y Ortiz.<\/p>\n\n\n\n<p>\u201c<em>Cuando asumimos vimos que la situaci\u00f3n de personal municipal era grav\u00edsimo. Hay gente que nunca ven\u00eda a cumplir funciones y gente fantasma que cobraba contratos y nadie la conoc\u00eda. Tambi\u00e9n encontramos irregularidades en decenas de contrataciones o en pases a plantas<\/em>\u201d, afirm\u00f3 en reserva un funcionario de Las Heras.<\/p>\n\n\n\n<p>Retomando con las m\u00e1s de 200 aperturas de sumarios,&nbsp;<mark>se trata de personas que comenzaron a trabajar durante el primer y segundo mandato de Orozco al frente de la comuna. Pero desde que asumi\u00f3 Lo Presti,&nbsp;<\/mark>no se han presentado a trabajar.<\/p>\n\n\n\n<p>Algunos de los empleados&nbsp;<mark>cuentan con m\u00e1s de 20 faltas consecutivas injustificadas y hay casos en los que llegan hasta 40<\/mark>. Casi en su totalidad pertenec\u00edan a la Secretar\u00eda de Gobierno que estaba a cargo de Ortiz. Otros casos corresponden a la secretar\u00eda de Obras P\u00fablica, que tuvo a&nbsp;<strong>Mart\u00edn Bustos<\/strong>&nbsp;como responsable en el \u00faltimo tramo de la gesti\u00f3n, antes de que se alejara de su \u201cpadre pol\u00edtico\u201d, Orozco.<\/p>\n\n\n\n<p>\u201c<em>La respuesta que hemos tenido es que \u2018no sab\u00edamos que ten\u00edamos que volver a trabajar\u00b4 o que nosotros los ten\u00edamos que llamar para que vinieran a cumplir con sus horas laborales<\/em>\u201d, deslizaron desde la comuna.<\/p>\n\n\n\n<p>En cuanto a los pedidos, desde el municipio detallaron que algunos sumariados son familiares, personas cercanas o que por tener un problema econ\u00f3mico o familiar, miembros \u201c<em>oficialistas<\/em>\u201d han solicitado que se detenga el sumario administrativo.<\/p>\n\n\n\n<p>\u201c<em>Nosotros estamos firmes en que no vamos a ceder ante ning\u00fan pedido. Ya lo dijimos en campa\u00f1a que venimos a ordenar el municipio y a devolverle los servicios de Las Heras. Voy a parafrasear un dirigente nacional, dentro de la ley, todo por fuera nada<\/em>\u201d, enfatiz\u00f3 el funcionario.<\/p>\n\n\n\n<p>La apertura de sumario se aplica solamente a empleados de planta permanente que cometan alguna causa que lleve a realizar este tr\u00e1mite administrativo, en esta ocasi\u00f3n, faltas consecutivas injustificadas. En caso de que el equipo de Legal y T\u00e9cnica crea que el empleador no pueda justificar su accionar, se inicia el proceso de sumario y tiene que estar avalado por el intendente.<\/p>\n\n\n\n<p>En caso de que el Legal y T\u00e9cnica justifique el incumplimiento laboral del empleado, la causa pasa a la Justicia provincial, quien tendr\u00e1 la \u00faltima palabra. Durante todo el proceso administrativo, los \u201csumariados\u201d podr\u00e1n presentar pruebas y defenderse.<\/p>\n\n\n\n<p>FUENTE: Elsol.com.ar <\/p>\n","protected":false},"excerpt":{"rendered":"<p>Se trata de ediles que, mantienen contacto con el exintendente Daniel Orozco Y pertenec\u00edan a La Uni\u00f3n Mendocina, pero tras la derrota electoral decidieron volver al oficialismo. Francisco Lo Presti&nbsp;asumi\u00f3 como intendente de Las Heras el pasado 11 de diciembre y en su primer mes al mando del municipio&nbsp;dio de baja cerca de 700 contratos. [&hellip;]<\/p>\n","protected":false},"author":2,"featured_media":5070,"comment_status":"open","ping_status":"open","sticky":true,"template":"","format":"standard","meta":[],"categories":[47],"tags":[],"_links":{"self":[{"href":"https:\/\/pasaenmendoza.com\/index.php?rest_route=\/wp\/v2\/posts\/5069"}],"collection":[{"href":"https:\/\/pasaenmendoza.com\/index.php?rest_route=\/wp\/v2\/posts"}],"about":[{"href":"https:\/\/pasaenmendoza.com\/index.php?rest_route=\/wp\/v2\/types\/post"}],"author":[{"embeddable":true,"href":"https:\/\/pasaenmendoza.com\/index.php?rest_route=\/wp\/v2\/users\/2"}],"replies":[{"embeddable":true,"href":"https:\/\/pasaenmendoza.com\/index.php?rest_route=%2Fwp%2Fv2%2Fcomments&post=5069"}],"version-history":[{"count":1,"href":"https:\/\/pasaenmendoza.com\/index.php?rest_route=\/wp\/v2\/posts\/5069\/revisions"}],"predecessor-version":[{"id":5071,"href":"https:\/\/pasaenmendoza.com\/index.php?rest_route=\/wp\/v2\/posts\/5069\/revisions\/5071"}],"wp:featuredmedia":[{"embeddable":true,"href":"https:\/\/pasaenmendoza.com\/index.php?rest_route=\/wp\/v2\/media\/5070"}],"wp:attachment":[{"href":"https:\/\/pasaenmendoza.com\/index.php?rest_route=%2Fwp%2Fv2%2Fmedia&parent=5069"}],"wp:term":[{"taxonomy":"category","embeddable":true,"href":"https:\/\/pasaenmendoza.com\/index.php?rest_route=%2Fwp%2Fv2%2Fcategories&post=5069"},{"taxonomy":"post_tag","embeddable":true,"href":"https:\/\/pasaenmendoza.com\/index.php?rest_route=%2Fwp%2Fv2%2Ftags&post=5069"}],"curies":[{"name":"wp","href":"https:\/\/api.w.org\/{rel}","templated":true}]}}