{"id":5072,"date":"2024-02-02T13:36:56","date_gmt":"2024-02-02T12:36:56","guid":{"rendered":"https:\/\/pasaenmendoza.com\/?p=5072"},"modified":"2024-02-02T13:36:58","modified_gmt":"2024-02-02T12:36:58","slug":"paritarias-que-propone-el-gobierno-a-los-gremios-de-mendoza","status":"publish","type":"post","link":"https:\/\/pasaenmendoza.com\/?p=5072","title":{"rendered":"Paritarias: qu\u00e9 propone el Gobierno a los gremios de Mendoza"},"content":{"rendered":"\n<p><strong>Este jueves concluy\u00f3 el cronograma de reapertura de paritarias<\/strong>. En medio de un contexto de aceleraci\u00f3n inflacionaria,&nbsp;<strong>el gobierno de Mendoza adelant\u00f3 60 d\u00edas las paritarias con los distintos gremios estatales<\/strong>.<\/p>\n\n\n\n<p>En medio de un contexto pol\u00edtico con ajustes a nivel nacional y la duda sobre los fondos con relaci\u00f3n al Impuesto a las Ganancias, que la provincia dej\u00f3 percibir al no cobrarse la 4ta categor\u00eda a los trabajadores, el gobierno intenta llegar a un acuerdo con los distintos sectores estatales.<\/p>\n\n\n\n<p>Cabe recordar que, al momento de su asunci\u00f3n, el gobernador&nbsp;<strong>Alfredo Cornejo asegur\u00f3 que la austeridad ser\u00eda la marca distintiva de su gesti\u00f3n<\/strong>. Pero, ante este panorama, desde el gobierno pusieron en valor su voluntad de di\u00e1logo.<\/p>\n\n\n\n<p>En las \u00faltimas paritarias qued\u00f3 establecida una cl\u00e1usula de garant\u00eda seg\u00fan la cual el Ejecutivo provincial se compromet\u00eda a reunirse con los representantes de los trabajadores en abril. Sin embargo, el Ejecutivo adelant\u00f3 la discusi\u00f3n por un per\u00edodo superior a 60 d\u00edas.<\/p>\n\n\n\n<p>La propuesta salarial ofrecida por el gobierno de Mendoza fue igual para todos los gremios.&nbsp;<strong>La misma tomaba como base diciembre de 2023, se sumaba a lo ya percibido durante enero 2024 y comprend\u00eda un 12% en febrero, un 12% en marzo y una suma fija de $60.000 para pagar en febrero no remunerativa y no bonificable.<\/strong><\/p>\n\n\n\n<p>C\u00f3mo fue el cronograma y cu\u00e1ndo son las nuevas reuniones<\/p>\n\n\n\n<p>El\u00a0<strong>SUTE<\/strong>\u00a0fue el primer gremio en reunirse con el gobierno el\u00a0<strong>29 de enero<\/strong>. Tras no llegar a un acuerdo, pas\u00f3 a un\u00a0<strong>cuarto intermedio hasta el pr\u00f3ximo lunes 5 de febrero<\/strong>.<\/p>\n\n\n\n<p>En esa misma jornada, y luego de haberse reunido con el SUTE, fue el turno de la&nbsp;<strong>Asociaci\u00f3n de Trabajadores del Estado (ATE): Administraci\u00f3n Central, r\u00e9gimen 15 (no profesionales de la Salud), 35 (del \u00e1rea de Ambiente) y 13 de Parques<\/strong>, con la que tampoco se lleg\u00f3 a un acuerdo, la<strong>&nbsp;nueva reuni\u00f3n paritaria ser\u00e1 el martes 6 de febrero<\/strong>.<\/p>\n\n\n\n<p>El&nbsp;<strong>martes 30<\/strong>, el gobierno tuvo un encuentro con&nbsp;<strong>Ampros<\/strong>&nbsp;y tras la reuni\u00f3n con los profesionales de la salud, el cuerpo paritario central se reuni\u00f3 con los referentes sindicales de&nbsp;<strong>Direcci\u00f3n Provincial de Vialidad y del Instituto Provincial de Juegos y Casinos<\/strong>.<\/p>\n\n\n\n<p>A la finalizaci\u00f3n de la reuni\u00f3n, desde el cuerpo paritario advirtieron que &#8220;la entidad gremial que representa a los profesionales de la salud realiz\u00f3 diversos planteos que ser\u00e1n analizados por nuestros equipos t\u00e9cnicos y\u00a0<strong>nos reuniremos nuevamente el pr\u00f3ximo lunes, 5 de febrero<\/strong>&#8220;.<\/p>\n\n\n\n<p>Luego, el<strong>&nbsp;mi\u00e9rcoles 31<\/strong>, fue el turno de los referentes gremiales de&nbsp;<strong>APOC (Asociaci\u00f3n del Personal de los Organismos de Control)<\/strong>, que representan a los agentes p\u00fablicos de Tesorer\u00eda General, Contadur\u00eda General, Tribunal de Cuentas, Subsecretar\u00eda de Trabajo y Empleo y Fiscal\u00eda de Estado. En ese caso tampoco se lleg\u00f3 a un acuerdo y acordaron la fecha del&nbsp;<strong>cuarto intermedio para el viernes 9 de febrero<\/strong>.<\/p>\n\n\n\n<p>Finalmente, este jueves 1, el cuerpo paritario central se reuni\u00f3 con los referentes gremiales de&nbsp;<strong>Empleados y Funcionarios Judiciales<\/strong>. Este sector tampoco lleg\u00f3 a un acuerdo y se espera un cuarto intermedio.<\/p>\n\n\n\n<p>En todos los casos, es importante se\u00f1alar que,\u00a0<strong>si bien se acordaron las distintas fechas de los respectivos retornos a las reuniones tras los cuartos intermedios, previo a ello, habr\u00e1 reuniones t\u00e9cnicas<\/strong>\u00a0durante la semana en curso con cada uno de los gremios.<\/p>\n\n\n\n<p>FUENTE: Mendozapost.<\/p>\n","protected":false},"excerpt":{"rendered":"<p>Este jueves concluy\u00f3 el cronograma de reapertura de paritarias. En medio de un contexto de aceleraci\u00f3n inflacionaria,&nbsp;el gobierno de Mendoza adelant\u00f3 60 d\u00edas las paritarias con los distintos gremios estatales. En medio de un contexto pol\u00edtico con ajustes a nivel nacional y la duda sobre los fondos con relaci\u00f3n al Impuesto a las Ganancias, que [&hellip;]<\/p>\n","protected":false},"author":2,"featured_media":5073,"comment_status":"open","ping_status":"open","sticky":true,"template":"","format":"standard","meta":[],"categories":[47],"tags":[],"_links":{"self":[{"href":"https:\/\/pasaenmendoza.com\/index.php?rest_route=\/wp\/v2\/posts\/5072"}],"collection":[{"href":"https:\/\/pasaenmendoza.com\/index.php?rest_route=\/wp\/v2\/posts"}],"about":[{"href":"https:\/\/pasaenmendoza.com\/index.php?rest_route=\/wp\/v2\/types\/post"}],"author":[{"embeddable":true,"href":"https:\/\/pasaenmendoza.com\/index.php?rest_route=\/wp\/v2\/users\/2"}],"replies":[{"embeddable":true,"href":"https:\/\/pasaenmendoza.com\/index.php?rest_route=%2Fwp%2Fv2%2Fcomments&post=5072"}],"version-history":[{"count":1,"href":"https:\/\/pasaenmendoza.com\/index.php?rest_route=\/wp\/v2\/posts\/5072\/revisions"}],"predecessor-version":[{"id":5074,"href":"https:\/\/pasaenmendoza.com\/index.php?rest_route=\/wp\/v2\/posts\/5072\/revisions\/5074"}],"wp:featuredmedia":[{"embeddable":true,"href":"https:\/\/pasaenmendoza.com\/index.php?rest_route=\/wp\/v2\/media\/5073"}],"wp:attachment":[{"href":"https:\/\/pasaenmendoza.com\/index.php?rest_route=%2Fwp%2Fv2%2Fmedia&parent=5072"}],"wp:term":[{"taxonomy":"category","embeddable":true,"href":"https:\/\/pasaenmendoza.com\/index.php?rest_route=%2Fwp%2Fv2%2Fcategories&post=5072"},{"taxonomy":"post_tag","embeddable":true,"href":"https:\/\/pasaenmendoza.com\/index.php?rest_route=%2Fwp%2Fv2%2Ftags&post=5072"}],"curies":[{"name":"wp","href":"https:\/\/api.w.org\/{rel}","templated":true}]}}