{"id":5075,"date":"2024-02-02T13:41:45","date_gmt":"2024-02-02T12:41:45","guid":{"rendered":"https:\/\/pasaenmendoza.com\/?p=5075"},"modified":"2024-02-02T13:41:46","modified_gmt":"2024-02-02T12:41:46","slug":"cornejo-eligio-a-dos-ex-legisladores-radicales-para-dirigir-dos-entidades-claves-en-la-provincia","status":"publish","type":"post","link":"https:\/\/pasaenmendoza.com\/?p=5075","title":{"rendered":"Cornejo eligi\u00f3 a dos ex legisladores radicales para dirigir dos entidades claves en la provincia"},"content":{"rendered":"\n<p>Jos\u00e9 Orts y Jorge Teves son los nombres que propuso el Gobernador para dirigir el Iscamen y el Ente de la Movilidad P\u00fablica (EMOP). Necesitan aval del Senado<\/p>\n\n\n\n<p>Dos<strong>\u00a0ex legisladores radicales fueron postulados<\/strong>\u00a0por el\u00a0<strong>Gobernador Alfredo Cornejo<\/strong>\u00a0para dirigir el\u00a0<strong>Ente de la Movilidad P\u00fablica (EMOP)<\/strong>\u00a0Y el del\u00a0<strong>Instituto de Sanidad y Calidad Agropecuaria de Mendoza (Iscamen)<\/strong>.<\/p>\n\n\n\n<p>Se trata de&nbsp;<strong>Jorge Teves<\/strong>, que comenzar\u00eda su segundo periodo en el EMOP; y de&nbsp;<strong>Jos\u00e9 Orts<\/strong>, quien no ha estado a\u00fan en la funci\u00f3n p\u00fablica.<\/p>\n\n\n\n<p>Los<strong>\u00a0pliegos ingresaron al Senado la semana pasada<\/strong>. A partir de su ingreso, los senadores<strong>\u00a0tienen 30 d\u00edas para avalar o rechazar<\/strong>\u00a0las candidaturas.<\/p>\n\n\n\n<h2 class=\"wp-block-heading\">De qu\u00e9 se ocupan el EMOP y el Iscamen<\/h2>\n\n\n\n<p>Si obtiene el visto bueno del Senado,&nbsp;<strong>Jorge Teves asumir\u00eda su segundo mandato en el EMOP<\/strong>. Fue elegido por primera vez por el ex gobernador Rodolfo Suarez.<\/p>\n\n\n\n<p>El<strong>&nbsp;EMOP<\/strong>&nbsp;lleva adelante las siguientes funciones:<\/p>\n\n\n\n<ul>\n<li><strong>Regulaci\u00f3n y fiscalizaci\u00f3n del transporte en todos sus modos y medios, abarcando concesionarios, permisionarios y habilitados.<\/strong><\/li>\n\n\n\n<li>Asesoramiento para fijar el precio de las tarifas de todos los servicios que funcionan en su competencia, garantizando una prestaci\u00f3n segura, operativa, confiable, igualitaria y de uso universal.<\/li>\n\n\n\n<li>Propone la extensi\u00f3n y modificaci\u00f3n de los servicios regulados, velando por la calidad y protecci\u00f3n ambiental.<\/li>\n<\/ul>\n\n\n\n<ul>\n<li>&nbsp;A trav\u00e9s de convenios con autoridades nacionales e internacionales, busca mejorar el Sistema de Movilidad Provincial.<\/li>\n\n\n\n<li>El ente fija normas para los prestadores de servicios, realiza auditor\u00edas y controles t\u00e9cnicos para verificar tarifas y costos de funcionamiento.<\/li>\n\n\n\n<li>Puede aplicar sanciones por incumplimiento de contratos y normativas, incluso aconsejando la caducidad de concesiones al Poder Ejecutivo<\/li>\n\n\n\n<li>Cobro de tasas de fiscalizaci\u00f3n en todas las formas y modalidades de transporte de pasajeros.<\/li>\n<\/ul>\n\n\n\n<p>En cuanto a la&nbsp;<strong>funci\u00f3n del Iscamen, se trata de un ente aut\u00e1rquico&nbsp;<\/strong>con personer\u00eda jur\u00eddica y capacidad para actuar en el \u00e1mbito del derecho p\u00fablico y privado. Posee incumbencias en el&nbsp;<strong>control y fiscalizaci\u00f3n de semillas; sanidad vegetal, sanidad animal en barreras y uso racional de agroqu\u00edmicos<\/strong>, entre otros temas.<\/p>\n\n\n\n<p>Durante la gesti\u00f3n de Suarez, estuvo dirigido por<strong>&nbsp;Alejandro Molero<\/strong>, quien actualmente es el intendente de General Alvear.<\/p>\n\n\n\n<h2 class=\"wp-block-heading\">El perfil de los elegidos por Cornejo<\/h2>\n\n\n\n<p><strong>Jos\u00e9 Orts<\/strong>&nbsp;es oriundo del este de la provincia y pertenece al mundo del vino, de hecho es propietario de una bodega (La Herminia) y tambi\u00e9n se desempe\u00f1a como miembro de la Comisi\u00f3n de Difusi\u00f3n y Evaluaci\u00f3n de Vinos (Codevin) y del Centro de Bodegueros y Vi\u00f1ateros del Este.<\/p>\n\n\n\n<p><strong>Orts<\/strong>&nbsp;es t\u00e9cnico en Relaciones Institucionales y fue diputado y senador provincial por el segundo distrito electoral.<\/p>\n\n\n\n<p>En cuanto a Teves, ha sido durante a\u00f1os dirigente radical, fue funcionario y concejal de Godoy Cruz.<\/p>\n\n\n\n<h2 class=\"wp-block-heading\">C\u00f3mo es el proceso legislativo para nombramiento de funcionarios<\/h2>\n\n\n\n<p>Seg\u00fan lo indica la Constituci\u00f3n de Mendoza, algunos cargos de la funci\u00f3n p\u00fablica necesitan aval del Senado.<\/p>\n\n\n\n<p>Seg\u00fan la normativa,&nbsp;<strong>el Senado tiene 30 d\u00edas para prestar o negar su acuerdo al Poder Ejecutivo<\/strong>&nbsp;desde que el expediente entra en Secretar\u00eda y siempre que la C\u00e1mara est\u00e9 en funciones.<\/p>\n\n\n\n<p>En caso del&nbsp;<strong>rechazo de un candidato, el Poder Ejecutivo no puede insistir en su nominaci\u00f3n durante dos a\u00f1os.<\/strong>&nbsp;Deber\u00e1 proponer un nuevo candidato en los siguientes 30 d\u00edas, con la condici\u00f3n de que la propuesta sea tratada en sesi\u00f3n p\u00fablica con al menos dos d\u00edas de intervalo.<\/p>\n\n\n\n<p>El&nbsp;<strong>expediente<\/strong>&nbsp;debe incluir todos los&nbsp;<strong>antecedentes personales y profesionales del candidato<\/strong>, as\u00ed como la&nbsp;<strong>evidencia de su capacidad legal, ciudadan\u00eda en ejercicio y otros requisitos constitucionales y legales<\/strong>. Tras el ingreso del expediente al \u00e1mbito parlamentario, se le informa a la Oficina de Prensa del Senado, para que esta difunda la informaci\u00f3n en los medios gr\u00e1ficos provinciales de mayor circulaci\u00f3n y en medios electr\u00f3nicos y p\u00e1ginas web oficiales, dando a los ciudadanos el derecho de hacer observaciones y denuncias.<\/p>\n\n\n\n<p>En un&nbsp;<strong>plazo de 7 d\u00edas, los ciudadanos podr\u00e1n presentar adhesiones o impugnaciones por escrito, acompa\u00f1adas de documentaci\u00f3n respaldatoria,<\/strong>&nbsp;a trav\u00e9s de Mesa de Entradas del Senado. La comisi\u00f3n de&nbsp;<strong>Legislaci\u00f3n y Asuntos Constitucionales evaluar\u00e1 estas presentaciones,<\/strong>&nbsp;remiti\u00e9ndolas al expediente respectivo.<\/p>\n\n\n\n<p>Cerrado el per\u00edodo de presentaciones,&nbsp;<strong>la comisi\u00f3n entregar\u00e1 copias a los postulantes, quienes tendr\u00e1n 3 d\u00edas para evaluarlas y, de ser necesario, preparar su defensa<\/strong>. El Presidente de la comisi\u00f3n, en este caso el senador&nbsp;<strong>Walther Marcolini<\/strong>, puede desestimar impugnaciones centradas en aspectos de la vida privada del postulante.<\/p>\n\n\n\n<p>Finalmente,<strong>&nbsp;vencido el plazo para la defensa, se convocar\u00e1 a una audiencia p\u00fablica donde solo podr\u00e1n expresarse aquellos que se hubieran inscripto inicialmente<\/strong>&nbsp;<strong>o presentado impugnaciones o adhesiones<\/strong>.<\/p>\n\n\n\n<p>Es importante destacar que\u00a0<strong>estas audiencias p\u00fablicas no son vinculantes<\/strong>, seg\u00fan el Reglamento Interno del Senado. El proceso refleja un compromiso con la transparencia y la participaci\u00f3n ciudadana en la designaci\u00f3n de funcionarios p\u00fablicos en toda la provincia.<\/p>\n\n\n\n<p>FUENTE: Diariouno.com.ar <\/p>\n","protected":false},"excerpt":{"rendered":"<p>Jos\u00e9 Orts y Jorge Teves son los nombres que propuso el Gobernador para dirigir el Iscamen y el Ente de la Movilidad P\u00fablica (EMOP). Necesitan aval del Senado Dos\u00a0ex legisladores radicales fueron postulados\u00a0por el\u00a0Gobernador Alfredo Cornejo\u00a0para dirigir el\u00a0Ente de la Movilidad P\u00fablica (EMOP)\u00a0Y el del\u00a0Instituto de Sanidad y Calidad Agropecuaria de Mendoza (Iscamen). Se trata [&hellip;]<\/p>\n","protected":false},"author":2,"featured_media":5076,"comment_status":"open","ping_status":"open","sticky":true,"template":"","format":"standard","meta":[],"categories":[47],"tags":[],"_links":{"self":[{"href":"https:\/\/pasaenmendoza.com\/index.php?rest_route=\/wp\/v2\/posts\/5075"}],"collection":[{"href":"https:\/\/pasaenmendoza.com\/index.php?rest_route=\/wp\/v2\/posts"}],"about":[{"href":"https:\/\/pasaenmendoza.com\/index.php?rest_route=\/wp\/v2\/types\/post"}],"author":[{"embeddable":true,"href":"https:\/\/pasaenmendoza.com\/index.php?rest_route=\/wp\/v2\/users\/2"}],"replies":[{"embeddable":true,"href":"https:\/\/pasaenmendoza.com\/index.php?rest_route=%2Fwp%2Fv2%2Fcomments&post=5075"}],"version-history":[{"count":1,"href":"https:\/\/pasaenmendoza.com\/index.php?rest_route=\/wp\/v2\/posts\/5075\/revisions"}],"predecessor-version":[{"id":5077,"href":"https:\/\/pasaenmendoza.com\/index.php?rest_route=\/wp\/v2\/posts\/5075\/revisions\/5077"}],"wp:featuredmedia":[{"embeddable":true,"href":"https:\/\/pasaenmendoza.com\/index.php?rest_route=\/wp\/v2\/media\/5076"}],"wp:attachment":[{"href":"https:\/\/pasaenmendoza.com\/index.php?rest_route=%2Fwp%2Fv2%2Fmedia&parent=5075"}],"wp:term":[{"taxonomy":"category","embeddable":true,"href":"https:\/\/pasaenmendoza.com\/index.php?rest_route=%2Fwp%2Fv2%2Fcategories&post=5075"},{"taxonomy":"post_tag","embeddable":true,"href":"https:\/\/pasaenmendoza.com\/index.php?rest_route=%2Fwp%2Fv2%2Ftags&post=5075"}],"curies":[{"name":"wp","href":"https:\/\/api.w.org\/{rel}","templated":true}]}}