{"id":5081,"date":"2024-02-02T13:59:59","date_gmt":"2024-02-02T12:59:59","guid":{"rendered":"https:\/\/pasaenmendoza.com\/?p=5081"},"modified":"2024-02-02T14:00:00","modified_gmt":"2024-02-02T13:00:00","slug":"un-perro-le-fracturo-el-craneo-a-un-chico-de-2-anos-en-maipu","status":"publish","type":"post","link":"https:\/\/pasaenmendoza.com\/?p=5081","title":{"rendered":"Un perro le fractur\u00f3 el cr\u00e1neo a un chico de 2 a\u00f1os en Maip\u00fa"},"content":{"rendered":"\n<p><strong>Un chico de 2 a\u00f1os<\/strong>&nbsp;est\u00e1 en grave estado en el Hospital Notti tras haber sido&nbsp;<strong>atacado por un perro<\/strong>&nbsp;de raza boxer.<\/p>\n\n\n\n<p>Eran cerca de las 23 horas cuando el peque\u00f1o estaba en su casa de la calle Las Chacras, en el departamento de Maip\u00fa. El ni\u00f1o jugaba con una pelota junto a unos primos, quiso patearla y el animal, que pertenece a la familia, lo mordi\u00f3 brutalmente.<\/p>\n\n\n\n<p>El chico fue llevado al Hospital Metraux, pero por sus heridas fue derivado al Notti. En el nosocomio de Guaymall\u00e9n ingres\u00f3 a terapia intensiva con una fractura en su cr\u00e1neo. Su estado es reservado.<\/p>\n\n\n\n<p><strong>Fuente: www.mendozapost.com<\/strong><\/p>\n","protected":false},"excerpt":{"rendered":"<p>Un chico de 2 a\u00f1os&nbsp;est\u00e1 en grave estado en el Hospital Notti tras haber sido&nbsp;atacado por un perro&nbsp;de raza boxer. Eran cerca de las 23 horas cuando el peque\u00f1o estaba en su casa de la calle Las Chacras, en el departamento de Maip\u00fa. El ni\u00f1o jugaba con una pelota junto a unos primos, quiso patearla [&hellip;]<\/p>\n","protected":false},"author":2,"featured_media":5082,"comment_status":"open","ping_status":"open","sticky":false,"template":"","format":"standard","meta":[],"categories":[48],"tags":[],"_links":{"self":[{"href":"https:\/\/pasaenmendoza.com\/index.php?rest_route=\/wp\/v2\/posts\/5081"}],"collection":[{"href":"https:\/\/pasaenmendoza.com\/index.php?rest_route=\/wp\/v2\/posts"}],"about":[{"href":"https:\/\/pasaenmendoza.com\/index.php?rest_route=\/wp\/v2\/types\/post"}],"author":[{"embeddable":true,"href":"https:\/\/pasaenmendoza.com\/index.php?rest_route=\/wp\/v2\/users\/2"}],"replies":[{"embeddable":true,"href":"https:\/\/pasaenmendoza.com\/index.php?rest_route=%2Fwp%2Fv2%2Fcomments&post=5081"}],"version-history":[{"count":1,"href":"https:\/\/pasaenmendoza.com\/index.php?rest_route=\/wp\/v2\/posts\/5081\/revisions"}],"predecessor-version":[{"id":5083,"href":"https:\/\/pasaenmendoza.com\/index.php?rest_route=\/wp\/v2\/posts\/5081\/revisions\/5083"}],"wp:featuredmedia":[{"embeddable":true,"href":"https:\/\/pasaenmendoza.com\/index.php?rest_route=\/wp\/v2\/media\/5082"}],"wp:attachment":[{"href":"https:\/\/pasaenmendoza.com\/index.php?rest_route=%2Fwp%2Fv2%2Fmedia&parent=5081"}],"wp:term":[{"taxonomy":"category","embeddable":true,"href":"https:\/\/pasaenmendoza.com\/index.php?rest_route=%2Fwp%2Fv2%2Fcategories&post=5081"},{"taxonomy":"post_tag","embeddable":true,"href":"https:\/\/pasaenmendoza.com\/index.php?rest_route=%2Fwp%2Fv2%2Ftags&post=5081"}],"curies":[{"name":"wp","href":"https:\/\/api.w.org\/{rel}","templated":true}]}}