{"id":5090,"date":"2024-02-02T14:09:23","date_gmt":"2024-02-02T13:09:23","guid":{"rendered":"https:\/\/pasaenmendoza.com\/?p=5090"},"modified":"2024-02-02T14:09:24","modified_gmt":"2024-02-02T13:09:24","slug":"economia-de-guerra-que-cosas-deja-de-consumir-la-clase-media-por-la-crisis","status":"publish","type":"post","link":"https:\/\/pasaenmendoza.com\/?p=5090","title":{"rendered":"Econom\u00eda de guerra: qu\u00e9 cosas deja de consumir la clase media por la crisis"},"content":{"rendered":"\n<p>Tanto el Gobierno como las consultoras privadas aseguran que la\u00a0<strong>inflaci\u00f3n\u00a0<\/strong>de enero super\u00f3 la barrera del 20%.\u00a0Con la asunci\u00f3n de\u00a0<strong>Javier Milei,<\/strong>\u00a0la\u00a0<strong>crisis\u00a0<\/strong>se profundiz\u00f3 y los precios se dispararon tanto en bienes como en servicios.<\/p>\n\n\n\n<p>Los sectores informales perdieron casi el 34% de capacidad de compra en un a\u00f1o y los sectores formales el 26%.\u00a0Pese a las actualizaciones salariales, el desplome del poder adquisitivo hizo que los argentinos empiecen a recortar el\u00a0<strong>consumo\u00a0<\/strong>e implementen diversas estrategias para controlar el gasto.<\/p>\n\n\n\n<h2 class=\"wp-block-heading\">Adi\u00f3s a &#8220;los gustitos&#8221;<\/h2>\n\n\n\n<p>Lo primero que los argentinos cortan\u00a0son las salidas, actividades de entretenimiento y plataformas de streaming. Tambi\u00e9n hay servicios que no son de primera necesidad, pero ante la falta de liquidez, se decide cambiar a un plan m\u00e1s econ\u00f3mico\u00a0o darlo de baja.<\/p>\n\n\n\n<p>&#8220;Se est\u00e1n registrando ca\u00eddas en el rubro de indumentaria;\u00a0en bienes durables, en general; se retrajo mucho\u00a0la matriculaci\u00f3n en escuelas privadas, de hecho, es un problema porque no hay vacantes\u00a0disponibles en el sistema educativo estatal; tambi\u00e9n hubo mucha migraci\u00f3n a la salud p\u00fablica o a prepagas m\u00e1s econ\u00f3micas. En el caso de los seguros de autos,\u00a0hubo\u00a0un aumento muy fuerte en\u00a0la ampliaci\u00f3n de franquicias&#8221;, detall\u00f3\u00a0Miguel Calvete, vicepresidente de la Confederaci\u00f3n de Comercios y Servicios de la Rep\u00fablica Argentina, y presidente del Instituto de Estudios de Consumo Masivo (INDECOM).<\/p>\n\n\n\n<h2 class=\"wp-block-heading\">Qu\u00e9 pasa con los productos de primera necesidad<\/h2>\n\n\n\n<p>Tambi\u00e9n se hacen ajustes en los productos de primera necesidad. En este sentido, repuntan con fuerza las segundas y terceras marcas.&nbsp;Si bien ya hace bastante tiempo las primeras marcas vienen perdiendo terreno, con la&nbsp;<strong>crisis&nbsp;<\/strong>este fen\u00f3meno se acent\u00faa. Hist\u00f3ricamente, rozaban el 70% de participaci\u00f3n las primeras marcas versus el resto. Desde hace tres a\u00f1os, un poquito m\u00e1s, tal vez, est\u00e1n en el orden del 60% y es com\u00fan en estos canales.<\/p>\n\n\n\n<p>Adem\u00e1s, en momentos de bolsillos flacos, las primeras marcas quedan relegadas a un target m\u00e1s espec\u00edfico. As\u00ed lo explic\u00f3 Osvaldo Del R\u00edo, el director de la consultora Scentia: &#8220;Solo tienen un peso un poco m\u00e1s importante en las ventas e-commerce, que obviamente son ventas que segmentan por nivel de ingresos, porque es la gente con mayor poder adquisitivo la que generalmente compra bajo esa modalidad&#8221;.<\/p>\n\n\n\n<p>Lo que tambi\u00e9n se est\u00e1 dando mucho en&nbsp;las zonas urbanas del conurbano bonaerense, Gran Rosario, Gran Tucum\u00e1n y en el interior, justamente el tema de la venta fraccionada. &#8220;Este fen\u00f3meno ya se ven\u00eda dando&nbsp;en lo referente a productos&nbsp;de limpieza, primero. Y ahora, se agregaron productos secos de almac\u00e9n&nbsp;no perecederos&#8221;, explic\u00f3, por su parte, Miguel Calvete.<\/p>\n\n\n\n<p>Otro recurso que vuelve es el tan utilizado durante la&nbsp;<strong>crisis&nbsp;<\/strong>del 2002: las compras diarias en negocios de barrios. &#8220;Lo que se empieza&nbsp;a notar es que los consumidores&nbsp;antes se stockeaban para proteger sus ingresos. Ahora, para proteger sus ingresos, van muchas veces a comprar poca cantidad. Y as\u00ed, controlar el gasto en lugar de ir y comprar mucho&#8221;, agreg\u00f3 Osvaldo Del R\u00edo.<\/p>\n\n\n\n<figure class=\"wp-block-image\"><img decoding=\"async\" src=\"https:\/\/www.mdzol.com\/u\/fotografias\/m\/2023\/12\/13\/f768x431-1522296_1569600_4845.jpg\" alt=\"\"\/><figcaption class=\"wp-element-caption\">Otro recurso que vuelve es el tan utilizado durante la crisis del 2002: las peque\u00f1as compras diarias en negocios de barrios.<\/figcaption><\/figure>\n\n\n\n<h2 class=\"wp-block-heading\">\u00bfCrisis sin fin?<\/h2>\n\n\n\n<p>El balance 2023 termin\u00f3 con n\u00fameros positivos en lo que a ventas respecta. Sin embargo, tras la asunci\u00f3n de&nbsp;<strong>Milei&nbsp;<\/strong>y la devaluaci\u00f3n de diciembre, en la \u00faltima semana del a\u00f1o, la tendencia cambi\u00f3. Fue el fin del fen\u00f3meno de &#8220;los pesos queman&#8221;, la gente dej\u00f3 de stockearse para ganarle a la&nbsp;<strong>inflaci\u00f3n&nbsp;<\/strong>y el&nbsp;<strong>consumo&nbsp;<\/strong>cay\u00f3 estrepitosamente.<\/p>\n\n\n\n<p>&#8220;Es fundamental resaltar que el 2023 fue positivo por el empuje del supermercadismo;&nbsp;pero&nbsp;este canal, que ven\u00eda bien de ventas, cay\u00f3 en la \u00faltima semana de diciembre y dio negativo. Algo que no pasaba hac\u00eda mucho tiempo. En enero, en las tres primeras semanas&nbsp;se vio en los supermercados una retracci\u00f3n del 12%. Por lo tanto, ya te puede ver una tendencia y es que el&nbsp;<strong>consumo&nbsp;<\/strong>va a ser negativo&nbsp;para primer mes del a\u00f1o y probablemente un poco m\u00e1s&#8221;, analiz\u00f3 el director de la consultora Scentia.<\/p>\n\n\n\n<p>Y concluy\u00f3: &#8220;Ahora, para este a\u00f1o, se pronostica una retracci\u00f3n del orden del 7%. Esto es posible porque la&nbsp;<strong>inflaci\u00f3n&nbsp;<\/strong>va a viajar a una velocidad superior a la que viajen los ingresos.&nbsp;Cada vez que la&nbsp;<strong>inflaci\u00f3n&nbsp;<\/strong>le saca ventaja a los ingresos, el&nbsp;<strong>consumo&nbsp;<\/strong>se retrae. Cuando los ingresos empatan o le ganan a por un poquito, el&nbsp;<strong>consumo&nbsp;<\/strong>se recupera&#8221;.<\/p>\n\n\n\n<p><strong>Fuente: www.mdzol.com<\/strong><\/p>\n","protected":false},"excerpt":{"rendered":"<p>Tanto el Gobierno como las consultoras privadas aseguran que la\u00a0inflaci\u00f3n\u00a0de enero super\u00f3 la barrera del 20%.\u00a0Con la asunci\u00f3n de\u00a0Javier Milei,\u00a0la\u00a0crisis\u00a0se profundiz\u00f3 y los precios se dispararon tanto en bienes como en servicios. Los sectores informales perdieron casi el 34% de capacidad de compra en un a\u00f1o y los sectores formales el 26%.\u00a0Pese a las actualizaciones [&hellip;]<\/p>\n","protected":false},"author":2,"featured_media":5094,"comment_status":"open","ping_status":"open","sticky":false,"template":"","format":"standard","meta":[],"categories":[73],"tags":[],"_links":{"self":[{"href":"https:\/\/pasaenmendoza.com\/index.php?rest_route=\/wp\/v2\/posts\/5090"}],"collection":[{"href":"https:\/\/pasaenmendoza.com\/index.php?rest_route=\/wp\/v2\/posts"}],"about":[{"href":"https:\/\/pasaenmendoza.com\/index.php?rest_route=\/wp\/v2\/types\/post"}],"author":[{"embeddable":true,"href":"https:\/\/pasaenmendoza.com\/index.php?rest_route=\/wp\/v2\/users\/2"}],"replies":[{"embeddable":true,"href":"https:\/\/pasaenmendoza.com\/index.php?rest_route=%2Fwp%2Fv2%2Fcomments&post=5090"}],"version-history":[{"count":1,"href":"https:\/\/pasaenmendoza.com\/index.php?rest_route=\/wp\/v2\/posts\/5090\/revisions"}],"predecessor-version":[{"id":5095,"href":"https:\/\/pasaenmendoza.com\/index.php?rest_route=\/wp\/v2\/posts\/5090\/revisions\/5095"}],"wp:featuredmedia":[{"embeddable":true,"href":"https:\/\/pasaenmendoza.com\/index.php?rest_route=\/wp\/v2\/media\/5094"}],"wp:attachment":[{"href":"https:\/\/pasaenmendoza.com\/index.php?rest_route=%2Fwp%2Fv2%2Fmedia&parent=5090"}],"wp:term":[{"taxonomy":"category","embeddable":true,"href":"https:\/\/pasaenmendoza.com\/index.php?rest_route=%2Fwp%2Fv2%2Fcategories&post=5090"},{"taxonomy":"post_tag","embeddable":true,"href":"https:\/\/pasaenmendoza.com\/index.php?rest_route=%2Fwp%2Fv2%2Ftags&post=5090"}],"curies":[{"name":"wp","href":"https:\/\/api.w.org\/{rel}","templated":true}]}}