{"id":5091,"date":"2024-02-02T14:08:47","date_gmt":"2024-02-02T13:08:47","guid":{"rendered":"https:\/\/pasaenmendoza.com\/?p=5091"},"modified":"2024-02-02T14:08:49","modified_gmt":"2024-02-02T13:08:49","slug":"el-gobierno-pagara-una-indemnizacion-millonaria-por-una-golpiza-policial","status":"publish","type":"post","link":"https:\/\/pasaenmendoza.com\/?p=5091","title":{"rendered":"El Gobierno pagar\u00e1 una indemnizaci\u00f3n millonaria por una golpiza policial"},"content":{"rendered":"\n<p>Tras una modificaci\u00f3n en la sentencia, el Gobierno provincial se enfrenta a una<strong>&nbsp;indemnizaci\u00f3n superior a los 10 millones de pesos,<\/strong>&nbsp;sin contar los intereses, a favor de dos j\u00f3venes,<strong>&nbsp;Mart\u00edn Castro y Felipe Mes\u00edas, quienes fueron v\u00edctimas de una salvaje golpiza perpetrada por tres polic\u00edas.<\/strong><\/p>\n\n\n\n<p>La C\u00e1mara de Apelaciones acept\u00f3 el planteo de los denunciantes, quienes narraron los terribles hechos ocurridos en mayo de 2018 en la rotonda de ingreso al barrio Champagnat. Seg\u00fan las v\u00edctimas, fueron\u00a0<strong>abordados sin motivo aparente por los polic\u00edas Mario Molina, Jonathan Bracamonte y Gisel Torres, quienes los golpearon y balearon.<\/strong><\/p>\n\n\n\n<p>En la denuncia, se detalla que Bracamonte, uno de los uniformados, estaba &#8220;exaltado&#8221; y comenz\u00f3 a maltratar a los j\u00f3venes.\u00a0<strong>Amenazas, requisas violentas y golpizas\u00a0<\/strong>fueron el desenlace de un encuentro que termin\u00f3 con disparos de balas de goma.\u00a0<strong>Castro recibi\u00f3 impactos de 13 balas de goma, mientras que Mes\u00edas sufri\u00f3 heridas de consideraci\u00f3n.<\/strong><\/p>\n\n\n\n<p>La investigaci\u00f3n, a cargo de la\u00a0<strong>Unidad Fiscal de Homicidios y Violencia Institucional<\/strong>, respald\u00f3 las acusaciones de las v\u00edctimas, se\u00f1alando que hubo violencia institucional por parte de los agentes. En junio de 2023, la Justicia determin\u00f3 una<strong>\u00a0indemnizaci\u00f3n de 10.182.400 pesos<\/strong>, una cifra que fue apelada tanto por los denunciados como por el Estado.<\/p>\n\n\n\n<p>En una reciente resoluci\u00f3n, la C\u00e1mara de Apelaciones rechaz\u00f3 el planteo de la fiscal\u00eda de estado y, en cambio, decidi\u00f3 modificar la cantidad de la indemnizaci\u00f3n, que se mantiene en 10.182.400 pesos, pero que\u00a0<strong>deber\u00e1 ser ajustado con los intereses correspondientes.<\/strong><\/p>\n\n\n\n<p><strong>Fuente: www.mendozapost.com<\/strong><\/p>\n","protected":false},"excerpt":{"rendered":"<p>Tras una modificaci\u00f3n en la sentencia, el Gobierno provincial se enfrenta a una&nbsp;indemnizaci\u00f3n superior a los 10 millones de pesos,&nbsp;sin contar los intereses, a favor de dos j\u00f3venes,&nbsp;Mart\u00edn Castro y Felipe Mes\u00edas, quienes fueron v\u00edctimas de una salvaje golpiza perpetrada por tres polic\u00edas. La C\u00e1mara de Apelaciones acept\u00f3 el planteo de los denunciantes, quienes narraron [&hellip;]<\/p>\n","protected":false},"author":2,"featured_media":5092,"comment_status":"open","ping_status":"open","sticky":false,"template":"","format":"standard","meta":[],"categories":[48],"tags":[],"_links":{"self":[{"href":"https:\/\/pasaenmendoza.com\/index.php?rest_route=\/wp\/v2\/posts\/5091"}],"collection":[{"href":"https:\/\/pasaenmendoza.com\/index.php?rest_route=\/wp\/v2\/posts"}],"about":[{"href":"https:\/\/pasaenmendoza.com\/index.php?rest_route=\/wp\/v2\/types\/post"}],"author":[{"embeddable":true,"href":"https:\/\/pasaenmendoza.com\/index.php?rest_route=\/wp\/v2\/users\/2"}],"replies":[{"embeddable":true,"href":"https:\/\/pasaenmendoza.com\/index.php?rest_route=%2Fwp%2Fv2%2Fcomments&post=5091"}],"version-history":[{"count":1,"href":"https:\/\/pasaenmendoza.com\/index.php?rest_route=\/wp\/v2\/posts\/5091\/revisions"}],"predecessor-version":[{"id":5093,"href":"https:\/\/pasaenmendoza.com\/index.php?rest_route=\/wp\/v2\/posts\/5091\/revisions\/5093"}],"wp:featuredmedia":[{"embeddable":true,"href":"https:\/\/pasaenmendoza.com\/index.php?rest_route=\/wp\/v2\/media\/5092"}],"wp:attachment":[{"href":"https:\/\/pasaenmendoza.com\/index.php?rest_route=%2Fwp%2Fv2%2Fmedia&parent=5091"}],"wp:term":[{"taxonomy":"category","embeddable":true,"href":"https:\/\/pasaenmendoza.com\/index.php?rest_route=%2Fwp%2Fv2%2Fcategories&post=5091"},{"taxonomy":"post_tag","embeddable":true,"href":"https:\/\/pasaenmendoza.com\/index.php?rest_route=%2Fwp%2Fv2%2Ftags&post=5091"}],"curies":[{"name":"wp","href":"https:\/\/api.w.org\/{rel}","templated":true}]}}