{"id":5102,"date":"2024-02-05T12:08:18","date_gmt":"2024-02-05T11:08:18","guid":{"rendered":"https:\/\/pasaenmendoza.com\/?p=5102"},"modified":"2024-02-05T12:08:19","modified_gmt":"2024-02-05T11:08:19","slug":"inseguridad-el-problema-que-inquieta-al-gobierno-y-que-la-crisis-agudiza","status":"publish","type":"post","link":"https:\/\/pasaenmendoza.com\/?p=5102","title":{"rendered":"Inseguridad: el problema que inquieta al Gobierno y que la crisis agudiza"},"content":{"rendered":"\n<p>Crecen los reclamos y la crisis agudiza las repercusiones. Piden a los municipios hacerse cargo de la polic\u00eda vial y exigen m\u00e1s rigor a la Justicia. Hubo 10 homicidios, con una fuerte onda expansiva.<\/p>\n\n\n\n<p>\u201cEs un mes de trabajo perdido\u201d, dice la v\u00edctima. Fue un minuto de descuido, un robo expr\u00e9s y chau celular. Medio mill\u00f3n de pesos que se esfumaron en manos de un ladr\u00f3n oportunista; irrecuperable. \u201cNo hay forma de que lo pueda comprar de nuevo\u201d; dice el hombre. \u00a0El ejemplo es trivial al lado de los casos dram\u00e1ticos que se viven en Mendoza, pero sirve para graficar c\u00f3mo la crisis amplifica las consecuencias. El costado m\u00e1s duro de esto lo sufrieron las v\u00edctimas de delitos violentos, como\u00a0Norma Di Mar\u00eda, una mujer de 80 a\u00f1os que muri\u00f3 de un infarto luego de ser asaltada violentamente en su vivienda.<\/p>\n\n\n\n<p>Desde hace algunos a\u00f1os las principales preocupaciones de los mendocinos tienen como foco los problemas econ\u00f3micos. Pero\u00a0hay un reclamo constante que crece y que, ahora, se potencia por la crisis econ\u00f3mica: la\u00a0<strong>inseguridad<\/strong>; un problema que afecta la vida cotidiana de manera enorme, al punto de modificar h\u00e1bitos, modos de convivencia y la vida cotidiana. En la \u00faltima encuesta de monitoreo sobre el humor social realizado por la consultora Reale Dalla Torre la inseguridad figura como la segunda preocupaci\u00f3n m\u00e1s recurrente de los argentinos.<\/p>\n\n\n\n<p>En el Gobierno creen, justamente, que los problemas econ\u00f3micos agravar\u00e1n la repercusi\u00f3n de los delitos.\u00a0En el mismo oficialismo hay quienes muestran preocupaci\u00f3n por el enero violento que pas\u00f3, pero buscan dar muestras de tranquilidad. Hubo 10 homicidios en el inicio del 2024 y algunos con una onda expansiva enorme.<\/p>\n\n\n\n<p>El asesinato de un hincha de Gimnasia, por ejemplo, ocurri\u00f3 durante la tarde en el parque General San Mart\u00edn, el principal espacio p\u00fablico de Mendoza,&nbsp;y con&nbsp;miles de personas que pasan por el lugar. Ese hecho tiene un llamado de atenci\u00f3n extra porque la violencia que rodea al f\u00fatbol en Mendoza crece. Hace dos semanas hubo enfrentamientos, corridas y disparos cruzados entre barras de Independiente Rivadavia, tambi\u00e9n en el parque San Mart\u00edn y en zonas concurridas. En esa misma cancha ya hubo muertos (un hincha fue asesinado en 2022) y manifestaciones de &#8220;poder&#8221; de la barra que asustan: un &#8220;velorio&#8221; copando la cancha&nbsp;por el asesinato de un barra, hombres armados en los alrededores y hasta aprietes. Esa violencia ocurre como ajustes de cuenta, pero repercute con mayor fuerza porque genera inseguridad en los alrededores.&nbsp;Mendoza tiene 4 equipos en las ligas m\u00e1s importantes y la pericia para gestionar la seguridad se pone a prueba. M\u00e1s a\u00fan por la cercan\u00eda emocional que tienen muchos dirigentes pol\u00edticos y empresarios con Godoy Cruz, Independiente, Gimnasia y Maip\u00fa. En los cuatro equipos hay referentes de mucha influencia que son parte de las gestiones y se re\u00fanen en las plateas para ver los partidos.&nbsp;<\/p>\n\n\n\n<h2 class=\"wp-block-heading\">El contexto<\/h2>\n\n\n\n<p>Desde el Gobierno,&nbsp;que va camino a los 12 a\u00f1os, defienden lo hecho con datos estad\u00edsticos que ilustran una parte de la realidad. En ese per\u00edodo de tiempo hubo un descenso de los delitos violentos, pero saben que con eso no alcanza incluso porque hay delitos que crecen, como los robos. Justamente Cornejo apunt\u00f3 como uno de los objetivos abordar el problema de los &#8220;delitos urbanos&#8221; que son menores en cuanto las penas, pero que inquietan m\u00e1s en la comunidad. Incluso, analizan, el impacto es mayor por la crisis, ya que reponer un objeto robado hoy es mucho m\u00e1s costoso.<\/p>\n\n\n\n<p>El tema perme\u00f3 en la convivencia pol\u00edtica entre pares, pues tambi\u00e9n afloraron la falta de coordinaci\u00f3n y de \u201cuniformidad\u201d en el enfoque del problema entre los intendentes. Es que, por ejemplo, alcanza con cruzar una calle para notarlo. Si un delincuente roba en Capital, podr\u00eda ser alertado a trav\u00e9s de \u201cojos en alerta\u201d, con la gesti\u00f3n de preventores municipales. Pero, con solo cruzar la calle ese sistema quedar\u00e1 fuera de eje si llega a Godoy Cruz o Las Heras, que tienen miradas distintas.<\/p>\n\n\n\n<p>Capital invierte en su propia guardia con m\u00f3viles, recursos y personal. Tiene la dificultad de ser una ciudad \u201creceptora\u201d de un mill\u00f3n de personas por d\u00eda, aunque viven muchas menos. En Godoy Cruz, por el contrario, creen innecesario que haya una guardia urbana y eligen contratar polic\u00edas y le pagan al Ministerio de&nbsp;<strong>Seguridad&nbsp;<\/strong>para que refuerce sectores con servicios extraordinarios. Como sea, los intendentes se ponen de acuerdo r\u00e1pidamente para obras casi decorativas, pero no para temas de fondo.&nbsp;\u201cEs la provincia&nbsp;la \u00fanica responsable de la&nbsp;<strong>seguridad y los municipios pueden colaborar. Hay una sola polic\u00eda<\/strong>\u201d, resumen en el Gobierno para tratar de eliminar controversias. &#8220;No hay conflicto, cada intendente tiene su impronta, pero hay convivencia.&nbsp;<\/p>\n\n\n\n<p>La ley le da un rol lateral, secundario a los intendentes y municipios. Esa norma cre\u00f3 los consejos de&nbsp;<strong>seguridad&nbsp;<\/strong>departamentales, que hoy quedaron obsoletos y vaciados de contenido. Mendoza tiene con las comunas un desfasaje funcional: han concentrado recursos, pero pocas funciones y obligaciones. Siguen de manera lateral la carga en educaci\u00f3n, salud y seguridad.<\/p>\n\n\n\n<p><br>Con Cornejo y Mercedes Rus a la cabeza&nbsp;desde el gobierno tratan de separar responsabilidades. \u201cLa polic\u00eda es una. Los municipios tienen que colaborar con planificaci\u00f3n, urbanismo y servicios en funci\u00f3n de la&nbsp;<strong>seguridad<\/strong>\u201d, explican. Pero hay un reclamo m\u00e1s potente. Quieren que de manera definitiva los intendentes se hagan cargo de los controles viales, como indica la&nbsp;ley, para desobligar a los polic\u00edas de controlar calles y rutas. Por eso, Cornejo aumentar\u00e1 el rigor para exigirle eso a los intendentes y que la polic\u00eda vial se dedique a la&nbsp;<strong>seguridad&nbsp;<\/strong>general.&nbsp;<\/p>\n\n\n\n<p>Pero adem\u00e1s gran parte de las estructuras de la ley quedaron marginadas y sin influencia. Ocurre con los foros, pero tambi\u00e9n con la Comisi\u00f3n\u00a0Bicameral de Seguridad de la Legislatura, que no fue conformada y en los \u00faltimos a\u00f1os no tuvo trascendencia. O\u00a0la Inspecci\u00f3n General de Seguridad, que desde hace a\u00f1os es manejada por referentes del oficialismo que no cuestionan la gesti\u00f3n.<\/p>\n\n\n\n<p>El mismo rigor con el que intentan evitar la dispersi\u00f3n en los municipios aplican para desalentar la idea de problemas internos. \u201cCateg\u00f3ricamente decimos que no hay conflictos internos con la polic\u00eda. Hay respuesta a cada demanda, a cada orden y decisi\u00f3n pol\u00edtica. La polic\u00eda est\u00e1 trabajando correctamente\u201d, aseguran. La idea de malestar vuelve a ser sembrada por la llamada \u201cfamilia policial\u201d, que est\u00e1 agrupada en una mutual.<\/p>\n\n\n\n<p>La pereza institucional para que los reclamos tomen esa v\u00eda le abre el juego a apariciones individuales que hacen mella. Es lo que ocurre con las \u201cc\u00e1psulas\u201d comunicacionales del Partido Verde. En el propio oficialismo hay quienes se quejan internamente porque creen que fue Cambia Mendoza quien le dio impulso. Tambi\u00e9n hay una novedad: la participaci\u00f3n pol\u00edtica de expolic\u00edas. Francisco Javier &#8220;Pancho&#8221; Cord\u00f3n fue subcomisario y ahora es concejal, justamente del Partido Verde. El acceso a informaci\u00f3n que le puedan dar sus \u201ccamaradas\u201d y tambi\u00e9n la historia propia que arrastre inquieta, incomoda.<\/p>\n\n\n\n<h2 class=\"wp-block-heading\">En datos<\/h2>\n\n\n\n<p>Mendoza tiene, seg\u00fan datos del Ministerio de&nbsp;<strong>Seguridad<\/strong>, 9.500 polic\u00edas activos. Eso no implica que est\u00e9n todos en la calle, pues hay turnos, licencias, cambio de funciones y otras contingencias que bajan la carga. A pesar de la demanda, el n\u00famero no crece. Seg\u00fan explican en el Gobierno, hay postulantes. Pero menos del 20% de todos los que se inscriben, llegan a convertirse en auxiliares, es decir, polic\u00edas de calle.<\/p>\n\n\n\n<p>La pol\u00edtica de Estado de\u00a0<strong>Seguridad\u00a0<\/strong>fue uno de los hechos m\u00e1s trascendentes de la historia democr\u00e1tica en Mendoza, pues elimin\u00f3 las revueltas y la \u201cmaldita polic\u00eda\u201d que ten\u00eda en Mendoza dolorosos antecedentes por homicidios y desapariciones, entre otras cosas. No hubo actualizaci\u00f3n e, incluso, los partidos pol\u00edticos dejaron de formar especialistas en el tema.<\/p>\n\n\n\n<p>En el Gobierno creen que no es necesario una reforma profunda de las leyes 6.721 y 6.722, pero s\u00ed creen que es necesario jerarquizar algunas \u00e1reas nuevas de la polic\u00eda. Por eso celebran los cambios aprobados para permitir &#8220;agentes encubiertos&#8221; virtuales. Hoy, estiman, gran parte de los delitos planificados tienen una g\u00e9nesis virtual. La exposici\u00f3n individual y grupal en las redes ha generado nuevas vulnerabilidades y a eso apuntan. La polic\u00eda tiene &#8220;agentes&#8221; formales e informales, algunos de los cuales les paga con los casi 100 millones de pesos de gastos reservados. El \u00e9xito de los &#8220;buchones&#8221; ha sido muy relativo. Por eso, creen, es importante apostar a la profesionalizaci\u00f3n y tecnificaci\u00f3n.\u00a0<\/p>\n\n\n\n<p>Cornejo tiene en su diagn\u00f3stico que los delitos que m\u00e1s impactan en el humor social son los que m\u00e1s van a crecer: robos, hurtos, compra y venta de mercader\u00edas robadas. En el Ministerio de Justicia y Seguridad hay una creciente tensi\u00f3n con un sector de la justicia, particularmente con los jueces de garant\u00edas. Creen que hay un \u201cexcesivo\u201d para no avanzar con acusaciones m\u00e1s graves por los robos menores, como lo que ocurre con los cables, medidores y otros elementos. La intenci\u00f3n del Ministerio P\u00fablico Fiscal y el Gobierno es que las personas que incurren en esos delitos, como tambi\u00e9n en la compra de elementos robados, queden imputados y apresados como \u201cpart\u00edcipes\u201d y no como encubridores, por citar un ejemplo. &#8220;Entendemos la visi\u00f3n acad\u00e9mica de algunos jueces. Pero en la realidad hace falta m\u00e1s apego a lo que pasa en la calle. Hay un sector de la justicia que tiene que estar a la altura&#8221;, reclaman en el Ejecutivo.&nbsp;<\/p>\n\n\n\n<p>En el oficialismo consideran una victoria polic\u00eda y cultural la idea de \u201cpenar la reiterancia\u201d (por la que se puede apresar a personas que tienen m\u00e1s de una imputaci\u00f3n por el mismo delito), medida que ha sumado detenciones de todo tipo, entre ellos dirigentes pol\u00edticos que est\u00e1n presos. Mendoza suma casi 6 mil presos y las nuevas c\u00e1rceles ya \u201cnacen\u201d saturadas. El problema es que la provincia a\u00fan no tiene definido qu\u00e9 quiere hacer con las personas privadas de la libertad, pues la mayor\u00eda no tiene actividad m\u00e1s all\u00e1 de su reclusi\u00f3n.<\/p>\n\n\n\n<p>FUENTE: MDZonline.<\/p>\n","protected":false},"excerpt":{"rendered":"<p>Crecen los reclamos y la crisis agudiza las repercusiones. Piden a los municipios hacerse cargo de la polic\u00eda vial y exigen m\u00e1s rigor a la Justicia. Hubo 10 homicidios, con una fuerte onda expansiva. \u201cEs un mes de trabajo perdido\u201d, dice la v\u00edctima. Fue un minuto de descuido, un robo expr\u00e9s y chau celular. Medio [&hellip;]<\/p>\n","protected":false},"author":2,"featured_media":5103,"comment_status":"open","ping_status":"open","sticky":true,"template":"","format":"standard","meta":[],"categories":[47],"tags":[],"_links":{"self":[{"href":"https:\/\/pasaenmendoza.com\/index.php?rest_route=\/wp\/v2\/posts\/5102"}],"collection":[{"href":"https:\/\/pasaenmendoza.com\/index.php?rest_route=\/wp\/v2\/posts"}],"about":[{"href":"https:\/\/pasaenmendoza.com\/index.php?rest_route=\/wp\/v2\/types\/post"}],"author":[{"embeddable":true,"href":"https:\/\/pasaenmendoza.com\/index.php?rest_route=\/wp\/v2\/users\/2"}],"replies":[{"embeddable":true,"href":"https:\/\/pasaenmendoza.com\/index.php?rest_route=%2Fwp%2Fv2%2Fcomments&post=5102"}],"version-history":[{"count":1,"href":"https:\/\/pasaenmendoza.com\/index.php?rest_route=\/wp\/v2\/posts\/5102\/revisions"}],"predecessor-version":[{"id":5104,"href":"https:\/\/pasaenmendoza.com\/index.php?rest_route=\/wp\/v2\/posts\/5102\/revisions\/5104"}],"wp:featuredmedia":[{"embeddable":true,"href":"https:\/\/pasaenmendoza.com\/index.php?rest_route=\/wp\/v2\/media\/5103"}],"wp:attachment":[{"href":"https:\/\/pasaenmendoza.com\/index.php?rest_route=%2Fwp%2Fv2%2Fmedia&parent=5102"}],"wp:term":[{"taxonomy":"category","embeddable":true,"href":"https:\/\/pasaenmendoza.com\/index.php?rest_route=%2Fwp%2Fv2%2Fcategories&post=5102"},{"taxonomy":"post_tag","embeddable":true,"href":"https:\/\/pasaenmendoza.com\/index.php?rest_route=%2Fwp%2Fv2%2Ftags&post=5102"}],"curies":[{"name":"wp","href":"https:\/\/api.w.org\/{rel}","templated":true}]}}