{"id":5108,"date":"2024-02-05T12:21:50","date_gmt":"2024-02-05T11:21:50","guid":{"rendered":"https:\/\/pasaenmendoza.com\/?p=5108"},"modified":"2024-02-05T12:21:52","modified_gmt":"2024-02-05T11:21:52","slug":"romina-del-pla-y-belliboni-en-mendoza-por-la-libertad-de-martin-rodriguez","status":"publish","type":"post","link":"https:\/\/pasaenmendoza.com\/?p=5108","title":{"rendered":"Romina Del Pl\u00e1 y Belliboni en Mendoza por la libertad de Mart\u00edn Rodr\u00edguez"},"content":{"rendered":"\n<p>Una comisi\u00f3n de diputados, dirigentes de organizaciones de Derechos Humanos, sindicales y populares est\u00e1 en Mendoza para reclamar la libertad del dirigente del Polo Obrero Mart\u00edn Rodr\u00edguez, preso por participar en la movilizaci\u00f3n contra la Ley \u00d3mnibus de Javier Milei.<\/p>\n\n\n\n<p>La delegaci\u00f3n est\u00e1 integrada por Romina Del Pl\u00e1 y Christian Castillo, diputados nacionales por el FITU; Eduardo Belliboni, dirigente del Polo Obrero; Pablo Bres, del Serpaj; Ileana Celotto, secretaria general de AGD UBA; Vilma Ripoll, dirigente del MST; y Alejandrina Barry, Legisladora de la Ciudad, entre otros.\u00a0<\/p>\n\n\n\n<p>Estar\u00e1n en Estaci\u00f3n Transitoria de Detenidos y Aprehendidos (Estrada) donde se encuentra actualmente Mart\u00edn Rodr\u00edguez y participar\u00e1n de una conferencia de prensa a las 12.00 en la explanada de Casa de Gobierno junto a referentes y dirigentes provinciales.\u00a0<\/p>\n\n\n\n<p>&#8220;Es grav\u00edsimo que se encarcele dirigentes de organizaciones populares simplemente por participar en movilizaciones. En el caso de Mart\u00edn Rodr\u00edguez, fue detenido por participar de las movilizaciones contra la Ley \u00d3mnibus y la movilizaci\u00f3n en ocasi\u00f3n del paro nacional de la CGT el 24 de enero. Adem\u00e1s, fue encarcelado y ya puesto en libertad V\u00edctor da Vila, dirigente del Partido Obrero, y hay cinco compa\u00f1eros y compa\u00f1eras m\u00e1s a los que se pretende llevar a juicio. Se trata de una virtual prohibici\u00f3n del derecho a la protesta en la provincia, totalmente en l\u00ednea con lo que quiere implementar Bullrich a nivel nacional. El artilugio legal de la &#8216;reiterancia&#8217; es una prisi\u00f3n por simple reiteraci\u00f3n de denuncias, sin juicio ni condena. Es una aberraci\u00f3n legal y lo m\u00e1s grave es que se pretende impulsarlo en todo el pa\u00eds. Vamos a Mendoza a reclamar la libertad de Martin Rodr\u00edguez y el cierre de todas las causas&#8221;, sostuvo Del Pl\u00e1.<\/p>\n\n\n\n<p>Por su parte, Eduardo Belliboni indic\u00f3 que &#8220;lo que estamos viendo en Mendoza ya lo vimos en Jujuy y otras provincias, y ahora Bullrich lo quiere nacionalizar. Pero los compa\u00f1eros est\u00e1n presos por participar de movilizaciones que fueron convocadas por decenas de organizaciones inclusive por la CGT, y en las cuales participaron cientos de miles de manifestantes en todo el pa\u00eds. O sea, es un ataque a todo el derecho a la protesta que busca establecer un estado de sitio contra el pueblo en un momento en el cual se pretende aplicar un programa totalmente anti obrero. Por eso convocamos a toda la poblaci\u00f3n a rechazar esta pol\u00edtica del gobernador Cornejo, a solidarizarse y movilizarse por esta causa en la cual est\u00e1 en juego el derecho a rechazar movilizados esta pol\u00edtica de hambre del gobierno nacional y los gobiernos provinciales&#8221;.<\/p>\n\n\n\n<p>FUENTE: Mendozapost.<\/p>\n","protected":false},"excerpt":{"rendered":"<p>Una comisi\u00f3n de diputados, dirigentes de organizaciones de Derechos Humanos, sindicales y populares est\u00e1 en Mendoza para reclamar la libertad del dirigente del Polo Obrero Mart\u00edn Rodr\u00edguez, preso por participar en la movilizaci\u00f3n contra la Ley \u00d3mnibus de Javier Milei. La delegaci\u00f3n est\u00e1 integrada por Romina Del Pl\u00e1 y Christian Castillo, diputados nacionales por el [&hellip;]<\/p>\n","protected":false},"author":2,"featured_media":5109,"comment_status":"open","ping_status":"open","sticky":true,"template":"","format":"standard","meta":[],"categories":[47],"tags":[],"_links":{"self":[{"href":"https:\/\/pasaenmendoza.com\/index.php?rest_route=\/wp\/v2\/posts\/5108"}],"collection":[{"href":"https:\/\/pasaenmendoza.com\/index.php?rest_route=\/wp\/v2\/posts"}],"about":[{"href":"https:\/\/pasaenmendoza.com\/index.php?rest_route=\/wp\/v2\/types\/post"}],"author":[{"embeddable":true,"href":"https:\/\/pasaenmendoza.com\/index.php?rest_route=\/wp\/v2\/users\/2"}],"replies":[{"embeddable":true,"href":"https:\/\/pasaenmendoza.com\/index.php?rest_route=%2Fwp%2Fv2%2Fcomments&post=5108"}],"version-history":[{"count":1,"href":"https:\/\/pasaenmendoza.com\/index.php?rest_route=\/wp\/v2\/posts\/5108\/revisions"}],"predecessor-version":[{"id":5110,"href":"https:\/\/pasaenmendoza.com\/index.php?rest_route=\/wp\/v2\/posts\/5108\/revisions\/5110"}],"wp:featuredmedia":[{"embeddable":true,"href":"https:\/\/pasaenmendoza.com\/index.php?rest_route=\/wp\/v2\/media\/5109"}],"wp:attachment":[{"href":"https:\/\/pasaenmendoza.com\/index.php?rest_route=%2Fwp%2Fv2%2Fmedia&parent=5108"}],"wp:term":[{"taxonomy":"category","embeddable":true,"href":"https:\/\/pasaenmendoza.com\/index.php?rest_route=%2Fwp%2Fv2%2Fcategories&post=5108"},{"taxonomy":"post_tag","embeddable":true,"href":"https:\/\/pasaenmendoza.com\/index.php?rest_route=%2Fwp%2Fv2%2Ftags&post=5108"}],"curies":[{"name":"wp","href":"https:\/\/api.w.org\/{rel}","templated":true}]}}