{"id":5111,"date":"2024-02-05T12:28:14","date_gmt":"2024-02-05T11:28:14","guid":{"rendered":"https:\/\/pasaenmendoza.com\/?p=5111"},"modified":"2024-02-05T12:32:01","modified_gmt":"2024-02-05T11:32:01","slug":"tras-una-semana-frenetica-en-el-congreso-el-rol-de-cornejo-y-las-dudas-de-los-diputados-mendocinos","status":"publish","type":"post","link":"https:\/\/pasaenmendoza.com\/?p=5111","title":{"rendered":"Tras una semana fren\u00e9tica en el Congreso, el rol de Cornejo y las dudas de los diputados mendocinos"},"content":{"rendered":"\n<p>El proyecto de Ley \u00d3mnibus ya fue aprobado en general pero a\u00fan queda mucha tela para cortar en Diputados porque se viene el debate art\u00edculo por art\u00edculo. Antes, podr\u00eda haber una nueva reuni\u00f3n entre el oficialismo y los gobernadores<\/p>\n\n\n\n<p>Convencidos de que es lo mejor para el pa\u00eds y para Mendoza,\u00a0cuatro de los diez diputados mendocinos votaron a favor de la\u00a0<strong>Ley \u00d3mnibus<\/strong>\u00a0en general\u00a0y har\u00e1n lo mismo cuando se vote en particular. Otros tres, los radicales, acompa\u00f1aron pero tantean de reojo c\u00f3mo puede venir la mano esta semana.\u00a0<strong>El rol de Alfredo Cornejo, la falta de peso de los interlocutores del oficialismo y la presi\u00f3n por la coparticipaci\u00f3n. La historia no termin\u00f3.<\/strong><\/p>\n\n\n\n<p><strong>Pamela Verasay y Lisandro Nieri fueron los ojos del gobernador de Mendoza<\/strong>&nbsp;en Buenos Aires. Cornejo no dej\u00f3 nada librado al azar y estuvo permanentemente comunicado con ellos, sus hombres de confianza en el Congreso. A la hora que sea, y desde donde sea porque parte de las negociaciones lo encontraron en Madrid y el arranque de la semana lo encontr\u00f3 volando.<\/p>\n\n\n\n<p><strong>El esp\u00edritu de Mendoza siempre fue acompa\u00f1ar a Javier Milei<\/strong>&nbsp;y dotarlo de herramientas para que empiece su gobierno. Claro, en el medio hay matices, tironeos, presiones y negociaciones que a\u00fan no terminan y que se intensifican por estas horas de cara a la reanudaci\u00f3n de la sesi\u00f3n prevista para el martes a las 14.<\/p>\n\n\n\n<p>Desde estas tierras a\u00fan&nbsp;<strong>esperan la confirmaci\u00f3n de una posible reuni\u00f3n con los gobernadores para antes de la sesi\u00f3n<\/strong>. El tema fiscal sigue arriba de la mesa pero se necesita un ida y vuelta m\u00e1s directo, sin esos intermediarios que s\u00f3lo pueden escuchar y nada pueden decidir.&nbsp;<strong>El &#8220;voy a ahogar a las provincias&#8221; filtrado de Milei a\u00fan resuena por los pasillos&nbsp;<\/strong>del Congreso y gener\u00f3 un buen chisporroteo en Mendoza.<\/p>\n\n\n\n<p>Se viene una nueva semana intensa con una sesi\u00f3n de otros, por lo menos, dos d\u00edas y la casi certeza de que el Presidente tendr\u00e1 que prorrogar una vez m\u00e1s las sesiones extraordinarias para que el proyecto sea tratado en el Senado.<\/p>\n\n\n\n<h2 class=\"wp-block-heading\">El papel de los dialoguistas, la pulseada por la coparticipaci\u00f3n y lo que se viene<\/h2>\n\n\n\n<p>Lo que hubo hasta el viernes fue una discusi\u00f3n sobre lo conceptual. Desde el&nbsp;<strong>radicalismo mendocino<\/strong>&nbsp;(y en su mayor\u00eda) siempre estuvo la intenci\u00f3n de apoyar la ley Bases y Puntos de Partida para la Libertad de los Argentinos. Ahora lleg\u00f3 el momento de afinar el l\u00e1piz y votar en particular cada uno de los art\u00edculos del proyecto.<\/p>\n\n\n\n<p>&#8220;Como hay tanto por ver y de tem\u00e1ticas tan diversas, con efectos diferentes para unas provincias y otras,\u00a0<strong>tenemos libertad de acci\u00f3n<\/strong>&#8220;, confiaron\u00a0desde la UCR. Lo que se espera entonces es que se introduzcan m\u00e1s cambios en el articulado. Eso garantizar\u00e1 que la mayor\u00eda del bloque vote todo o una buena parte a favor, pero a nadie sorprender\u00e1n las abstenciones, cuando las haya.<\/p>\n\n\n\n<p><strong>Verasay, Nieri y Julio Cobos son los tres radicales mendocinos que estuvieron y est\u00e1n en esa cocina<\/strong>. Los dos primeros, con un papel m\u00e1s visible durante el plenario de comisiones y como responsables, quiz\u00e1s, de representar m\u00e1s fielmente el mandato de Cornejo.<\/p>\n\n\n\n<p>Atentos, mientras tanto, en el Senado esperan otros dos radicales: Mariana Juri y Rodolfo Suarez. Con ellos tambi\u00e9n las charlas son permanentes. La intenci\u00f3n es que desde el radicalismo de Mendoza salga en lo posible un mismo mensaje.<\/p>\n\n\n\n<p><strong>Los \u00faltimos d\u00edas fueron cambiantes en el humor mendocino<\/strong>. Cuando parec\u00eda que el tratamiento de la ley \u00d3mnibus se ordenaba, con concesiones que a Mendoza le sentaban bien como las relativas al cap\u00edtulo fiscal sobre retenciones y el ingreso de un nuevo proyecto por Ganancias al Congreso, la conferencia de Toto Caputo que confirmaba la marcha atr\u00e1s sobre la vuelta de aquel impuesto, dej\u00f3 perplejo al gobierno provincial.<\/p>\n\n\n\n<p>Sienten en el radicalismo mendocino que el oficialismo tiene una enorme capacidad de llegar a la gente con sus mensajes pero que en esta, en el juego pol\u00edtico, pec\u00f3 de inexperiencia.&nbsp;<strong>Los aprietes cayeron mal. La estrategia comunicacional de Milei acab\u00f3 complicando el tratamiento de la ley.&nbsp;<\/strong>&#8220;Se desorden\u00f3&#8221; todo y se estiraron negociaciones quiz\u00e1s sin sentido.<\/p>\n\n\n\n<p><strong>&#8220;Mandar a negociar a alguien que no tiene peso para tomar una decisi\u00f3n, no tiene caso&#8221;<\/strong>, dijeron. Sin nombrarlo as\u00ed se refirieron a Guillermo Francos, el ministro del Interior que estuvo muy presente en el Congreso pero que no movi\u00f3 la aguja nunca. Fueron m\u00e1s fruct\u00edferas quiz\u00e1s las charlas con Nicol\u00e1s Posse y Jos\u00e9 Rolandi, jefe y vicejefe de Gabinete; con las segundas l\u00edneas del Ministerio de Econom\u00eda y con Santiago Bausili, el presidente del Banco Central.<\/p>\n\n\n\n<p><strong>La ley es tan amplia que a\u00fan quedan muchos detalles por ajustar.&nbsp;<\/strong>Relevancia p\u00fablica han tomado cuestiones complejas como las retenciones, las privatizaciones (que a\u00fan podr\u00edan sufrir m\u00e1s modificaciones) o el otorgamiento de superpoderes al Ejecutivo, pero a\u00fan resta afinar el articulado tambi\u00e9n sobre hidrocarburos, biocombustibles, detalles finos sobre plazos y procedimientos administrativos y poner especial ojo en lo relativo al Fondo de Garant\u00eda de Sustentabilidad de la ANSES. Una de las propuestas es que en la letra sobre el FGS se regularice el flujo de jubilaciones a las provincias, que reciban lo que tienen que recibir por ley.<\/p>\n\n\n\n<p>Los art\u00edculos relacionados a la cultura tambi\u00e9n se llevar\u00e1n buena parte del debate que se viene y que promete, como pas\u00f3 la semana anterior, tener cortes y entradas y salidas de los diputados del recinto para darle rienda suelta a la rosca.<\/p>\n\n\n\n<p>Mientras tanto, la mirada del gobierno mendocino, que seguir\u00e1 reflej\u00e1ndose en los tres radicales,&nbsp;<strong>sigue puesta en una cuesti\u00f3n clave: el equilibrio de las cuentas p\u00fablicas.<\/strong><\/p>\n\n\n\n<p>Milei tiene el aval de Mendoza para avanzar en el concepto pero&nbsp;<strong>quieren saber c\u00f3mo piensa hacerlo. &#8220;\u00bfSi la Naci\u00f3n no da opciones, c\u00f3mo se va a hacer?<\/strong>&nbsp;\u00bfCu\u00e1l es el paquete fiscal que tiene el Ejecutivo si las provincias quedan tan afectadas por la falta de transferencias y de obra p\u00fablica?&#8221;, se preguntan por estos lados.<\/p>\n\n\n\n<p><strong>&#8220;Hay que ordenar las cuentas. S\u00ed, \u00bfpero a costa de generar caos en las provincias?&#8221;<\/strong>, dicen.<\/p>\n\n\n\n<p>Eso tambi\u00e9n se preguntan otros diputados y gobernadores y es por ello que el&nbsp;<strong>plan fiscal<\/strong>&nbsp;(que se retir\u00f3 del proyecto) no est\u00e1 tan cerrado como pretend\u00eda el oficialismo. &#8220;Est\u00e1 abierto y se tiene que volver a tratar&#8221;. Y presionando por ello est\u00e1n.<\/p>\n\n\n\n<p>Cada vez que pueden,&nbsp;<strong>desde Mendoza reiteran que se hizo un da\u00f1o muy grande en la caja provincial con la reforma de Ganancias<\/strong>&nbsp;y que se exige su restauraci\u00f3n o una compensaci\u00f3n.<\/p>\n\n\n\n<p>Los cordobeses con su gobernador Mart\u00edn Llaryora a la cabeza,&nbsp;<strong>presionan por ejemplo para que sea el Impuesto PAIS el que se coparticipe.&nbsp;<\/strong>Es que desde que asumi\u00f3 Milei, ese impuesto pas\u00f3 de 7,5% a 17,5% y la recaudaci\u00f3n en enero se dispar\u00f3 alcanzando $469.199 millones, un 50% m\u00e1s que en diciembre de 2023 en t\u00e9rminos nominales.<\/p>\n\n\n\n<p>Hoy, el 30% de ese impuesto llega a las provincias y por asignaci\u00f3n espec\u00edfica debe ser destinado a obras de vivienda social. Lo que quiere un grupo de dialoguistas es que directamente se coparticipe y que as\u00ed quede escrito al reformar el art\u00edculo que habla de \u00e9l en la Ley \u00d3mnibus (que se hab\u00eda retirado junto al resto del cap\u00edtulo fiscal pero a \u00faltimo momento se dej\u00f3).<\/p>\n\n\n\n<p><strong>Esa postura no cierra del todo en Mendoza.&nbsp;<\/strong>Es que, por un lado, si se levanta el cepo, dejar\u00e1 de existir el impuesto y por otro lado, no es un gravamen con el que est\u00e9n de acuerdo desde el oficialismo mendocino. Lo que creen es que se debe hacer algo m\u00e1s integral, que apunte a buscar la equidad entre las provincias.<\/p>\n\n\n\n<h2 class=\"wp-block-heading\">Los que votaron por s\u00ed y por no<\/h2>\n\n\n\n<p>El viernes se cerr\u00f3 el debate del proyecto de Ley \u00d3mnibus en general con el voto afirmativo de siete de los diez diputados mendocinos.<\/p>\n\n\n\n<p>A los tres de la Libertad Avanza:&nbsp;<strong>Mercedes Llano, Facundo Correa Llano y Lourdes Arrieta<\/strong>; se les sumaron el diputado de La Uni\u00f3n Mendocina&nbsp;<strong>\u00c1lvaro Mart\u00ednez&nbsp;<\/strong>y los tres radicales,&nbsp;<strong>Pamela Verasay, Julio Cobos y Lisandro Nieri<\/strong>.<\/p>\n\n\n\n<p>En contra votaron otros tres, los de Uni\u00f3n por la Patria:&nbsp;<strong>Adolfo Bermejo, Mart\u00edn Aveiro y Liliana Paponet<\/strong>.<\/p>\n\n\n\n<h2 class=\"wp-block-heading\">El peronismo, at\u00f3nito<\/h2>\n\n\n\n<p><strong>Corren de atr\u00e1s, est\u00e1n afuera de cualquier tipo de negociaci\u00f3n con el oficialismo<\/strong>&nbsp;y entrecruzan charlas con los diputados oficialistas y los dialoguistas pero casi por pura convivencia. Las decisiones se toman en otro lado.<\/p>\n\n\n\n<p>Todav\u00eda no caen. Les sorprende a\u00fan no solo la decisi\u00f3n de Milei de mandar a extraordinarias un paquete tan heterog\u00e9neo y extenso sino tambi\u00e9n la forma en la que se llev\u00f3 a cabo su tratamiento en el Congreso.<\/p>\n\n\n\n<p><strong>&#8220;Muy traum\u00e1tico&#8221;<\/strong>, catalogaron los peronistas mendocinos sobre ese debate del que fueron parte como opositores.<\/p>\n\n\n\n<p>En las formas, ya desde el vamos estuvieron en contra. Es que la norma de m\u00e1s de 660 art\u00edculos, que deber\u00eda haber pasado por 22 comisiones por su amplitud tem\u00e1tica, s\u00f3lo fue a tres: Asuntos Constitucionales, Legislaci\u00f3n General, y Presupuesto y Hacienda.<\/p>\n\n\n\n<p>Una vez en el plenario, tuvieron que sacar los brazos para remarla y lograr que los presidentes de las comisiones les dieran el ok para poder invitar a expositores, entre los que se encontr\u00f3, entre otros, la jurista mendocina A\u00edda Kemelmajer.<\/p>\n\n\n\n<p>&#8220;Mezcla el manejo del fuego, con el fondo para la cultura; el divorcio, con la ANSES&#8221;, ejemplific\u00f3 sobre las materias por ejemplo Adolfo Bermejo antes de subir al avi\u00f3n que lo traer\u00eda de vuelta a Mendoza.<\/p>\n\n\n\n<p>En tanto que de aquel paquete de 664 art\u00edculos, se toparon a las semanas con uno m\u00e1s reducido de 584 y, apenas d\u00edas despu\u00e9s con uno a\u00fan m\u00e1s chico, de 382.&nbsp;<strong>En el medio, ya se hab\u00edan sentado a sesionar sin tener en mano el dictamen. &#8220;Apareci\u00f3 a las 4 de la tarde&#8221;<\/strong>, agreg\u00f3 un preocupado Bermejo.<\/p>\n\n\n\n<p>Despu\u00e9s de ello y de m\u00e1s de 30 horas de debate en el recinto, oficialismo y dialoguistas dieron los votos para que la Ley \u00d3mnibus se aprobara en general con cambios que se siguieron haciendo sobre la marcha y que&nbsp;<strong>todav\u00eda hoy el peronismo est\u00e1 descubriendo y analizando.<\/strong><\/p>\n\n\n\n<p>&#8220;Nadie habla de los municipios que son la primera cara visible para los vecinos. Nadie habla de su situaci\u00f3n, de que se estir\u00f3 el presupuesto de 2023 y que por la mayor recaudaci\u00f3n ser\u00e1 manejado discrecionalmente por el gobierno nacional&#8221;, son algunas de las quejas contra sus colegas.<\/p>\n\n\n\n<p>&#8220;El proyecto de Ley \u00d3mnibus solo contempla la concentraci\u00f3n del poder, el achique del Estado y el ajuste pero<strong>&nbsp;nada hay sobre un plan de crecimiento industrial y comercial<\/strong>&#8220;, explica el diputado lament\u00e1ndolo y quiz\u00e1s sin a\u00fan poder creer la aprobaci\u00f3n en general de la norma en la C\u00e1mara Baja.<\/p>\n\n\n\n<p>&#8220;A esto no lo he visto nunca&#8221;, resume prepar\u00e1ndose para lo que ser\u00e1 una nueva semana de lucha.<\/p>\n\n\n\n<p>FUENTE: Diariouno.com.ar <\/p>\n","protected":false},"excerpt":{"rendered":"<p>El proyecto de Ley \u00d3mnibus ya fue aprobado en general pero a\u00fan queda mucha tela para cortar en Diputados porque se viene el debate art\u00edculo por art\u00edculo. Antes, podr\u00eda haber una nueva reuni\u00f3n entre el oficialismo y los gobernadores Convencidos de que es lo mejor para el pa\u00eds y para Mendoza,\u00a0cuatro de los diez diputados [&hellip;]<\/p>\n","protected":false},"author":2,"featured_media":5112,"comment_status":"open","ping_status":"open","sticky":true,"template":"","format":"standard","meta":[],"categories":[47],"tags":[],"_links":{"self":[{"href":"https:\/\/pasaenmendoza.com\/index.php?rest_route=\/wp\/v2\/posts\/5111"}],"collection":[{"href":"https:\/\/pasaenmendoza.com\/index.php?rest_route=\/wp\/v2\/posts"}],"about":[{"href":"https:\/\/pasaenmendoza.com\/index.php?rest_route=\/wp\/v2\/types\/post"}],"author":[{"embeddable":true,"href":"https:\/\/pasaenmendoza.com\/index.php?rest_route=\/wp\/v2\/users\/2"}],"replies":[{"embeddable":true,"href":"https:\/\/pasaenmendoza.com\/index.php?rest_route=%2Fwp%2Fv2%2Fcomments&post=5111"}],"version-history":[{"count":2,"href":"https:\/\/pasaenmendoza.com\/index.php?rest_route=\/wp\/v2\/posts\/5111\/revisions"}],"predecessor-version":[{"id":5115,"href":"https:\/\/pasaenmendoza.com\/index.php?rest_route=\/wp\/v2\/posts\/5111\/revisions\/5115"}],"wp:featuredmedia":[{"embeddable":true,"href":"https:\/\/pasaenmendoza.com\/index.php?rest_route=\/wp\/v2\/media\/5112"}],"wp:attachment":[{"href":"https:\/\/pasaenmendoza.com\/index.php?rest_route=%2Fwp%2Fv2%2Fmedia&parent=5111"}],"wp:term":[{"taxonomy":"category","embeddable":true,"href":"https:\/\/pasaenmendoza.com\/index.php?rest_route=%2Fwp%2Fv2%2Fcategories&post=5111"},{"taxonomy":"post_tag","embeddable":true,"href":"https:\/\/pasaenmendoza.com\/index.php?rest_route=%2Fwp%2Fv2%2Ftags&post=5111"}],"curies":[{"name":"wp","href":"https:\/\/api.w.org\/{rel}","templated":true}]}}