{"id":5116,"date":"2024-02-05T13:05:07","date_gmt":"2024-02-05T12:05:07","guid":{"rendered":"https:\/\/pasaenmendoza.com\/?p=5116"},"modified":"2024-02-05T13:05:09","modified_gmt":"2024-02-05T12:05:09","slug":"sigue-la-ola-de-calor-en-mendoza-con-alerta-roja","status":"publish","type":"post","link":"https:\/\/pasaenmendoza.com\/?p=5116","title":{"rendered":"Sigue la ola de calor en Mendoza con alerta roja"},"content":{"rendered":"\n<p>Este lunes\u00a0<strong>ser\u00e1 otro d\u00eda muy caluroso<\/strong>\u00a0en Mendoza y el Servicio Meteorol\u00f3gico volvi\u00f3 a emitir una alerta roja por<strong>\u00a0temperaturas extremas.<\/strong><\/p>\n\n\n\n<p>Seg\u00fan el&nbsp;<strong>SMN<\/strong>, en el Gran Mendoza la m\u00e1xima llegar\u00e1 a los<strong>&nbsp;38\u00b0 y adem\u00e1s se mantiene alta la humedad, por encima del 50%. Podr\u00eda haber algunas tormentas aisladas durante la tarde noche.&nbsp;<\/strong><\/p>\n\n\n\n<p>Las temperaturas m\u00ednimas tambi\u00e9n se mantienen altas, pero a partir de este martes comienza a aflojar, hasta<strong>&nbsp;el viernes, que se pronostica una m\u00e1xima de 25\u00b0<\/strong>. Igual, no se puede cantar victoria porque el s\u00e1bado vuelve a 31\u00b0&nbsp;<\/p>\n\n\n\n<p>Para ma\u00f1ana se prev\u00e9 que la m\u00e1xima alcance los 36\u00b0 y el cielo estar\u00e1 parcialmente nublado, pero no se prev\u00e9n lluvias.&nbsp;<\/p>\n\n\n\n<p>Al menos hasta el pr\u00f3ximo martes,\u00a0<strong>no se vislumbra un alivio en la temperatura pero el mi\u00e9rcoles la m\u00e1xima se prev\u00e9 en 32\u00b0.<\/strong>\u00a0<\/p>\n\n\n\n<p><strong>Fuente: www.mendozapost.com<\/strong><\/p>\n","protected":false},"excerpt":{"rendered":"<p>Este lunes\u00a0ser\u00e1 otro d\u00eda muy caluroso\u00a0en Mendoza y el Servicio Meteorol\u00f3gico volvi\u00f3 a emitir una alerta roja por\u00a0temperaturas extremas. Seg\u00fan el&nbsp;SMN, en el Gran Mendoza la m\u00e1xima llegar\u00e1 a los&nbsp;38\u00b0 y adem\u00e1s se mantiene alta la humedad, por encima del 50%. Podr\u00eda haber algunas tormentas aisladas durante la tarde noche.&nbsp; Las temperaturas m\u00ednimas tambi\u00e9n se [&hellip;]<\/p>\n","protected":false},"author":2,"featured_media":5117,"comment_status":"open","ping_status":"open","sticky":false,"template":"","format":"standard","meta":[],"categories":[52],"tags":[],"_links":{"self":[{"href":"https:\/\/pasaenmendoza.com\/index.php?rest_route=\/wp\/v2\/posts\/5116"}],"collection":[{"href":"https:\/\/pasaenmendoza.com\/index.php?rest_route=\/wp\/v2\/posts"}],"about":[{"href":"https:\/\/pasaenmendoza.com\/index.php?rest_route=\/wp\/v2\/types\/post"}],"author":[{"embeddable":true,"href":"https:\/\/pasaenmendoza.com\/index.php?rest_route=\/wp\/v2\/users\/2"}],"replies":[{"embeddable":true,"href":"https:\/\/pasaenmendoza.com\/index.php?rest_route=%2Fwp%2Fv2%2Fcomments&post=5116"}],"version-history":[{"count":1,"href":"https:\/\/pasaenmendoza.com\/index.php?rest_route=\/wp\/v2\/posts\/5116\/revisions"}],"predecessor-version":[{"id":5118,"href":"https:\/\/pasaenmendoza.com\/index.php?rest_route=\/wp\/v2\/posts\/5116\/revisions\/5118"}],"wp:featuredmedia":[{"embeddable":true,"href":"https:\/\/pasaenmendoza.com\/index.php?rest_route=\/wp\/v2\/media\/5117"}],"wp:attachment":[{"href":"https:\/\/pasaenmendoza.com\/index.php?rest_route=%2Fwp%2Fv2%2Fmedia&parent=5116"}],"wp:term":[{"taxonomy":"category","embeddable":true,"href":"https:\/\/pasaenmendoza.com\/index.php?rest_route=%2Fwp%2Fv2%2Fcategories&post=5116"},{"taxonomy":"post_tag","embeddable":true,"href":"https:\/\/pasaenmendoza.com\/index.php?rest_route=%2Fwp%2Fv2%2Ftags&post=5116"}],"curies":[{"name":"wp","href":"https:\/\/api.w.org\/{rel}","templated":true}]}}