{"id":5131,"date":"2024-02-05T14:03:12","date_gmt":"2024-02-05T13:03:12","guid":{"rendered":"https:\/\/pasaenmendoza.com\/?p=5131"},"modified":"2024-02-05T14:03:13","modified_gmt":"2024-02-05T13:03:13","slug":"jimena-latorre-fue-designada-directora-de-ypf-y-no-cobrara-su-sueldo-como-ministra-de-energia-y-ambiente","status":"publish","type":"post","link":"https:\/\/pasaenmendoza.com\/?p=5131","title":{"rendered":"Jimena Latorre fue designada directora de YPF y no cobrar\u00e1 su sueldo como ministra de Energ\u00eda y Ambiente"},"content":{"rendered":"\n<p><strong>Jimena Latorre\u00a0<\/strong>ser\u00e1 la nueva directora de YPF SA por Mendoza. Tras la postulaci\u00f3n del gobernador Alfredo Cornejo,\u00a0la actual ministra de Energ\u00eda y Ambiente se convirti\u00f3 en la nueva directora titular por las acciones clase D de YPF SA.<\/p>\n\n\n\n<p>Desde el Gobierno se indic\u00f3 que la funcionaria no cobrar\u00e1 su sueldo como titular de la cartera energ\u00e9tica al que renunci\u00f3 voluntariamente. Tambi\u00e9n se asegur\u00f3 que desempe\u00f1ar ambas tareas no es incompatible.<\/p>\n\n\n\n<p>Como suplente de Latorre qued\u00f3 la diputada nacional del radicialismo Pamela Verasay.<\/p>\n\n\n\n<h2 class=\"wp-block-heading\">Jimena Latorre fue aprobada como directora de YPF<\/h2>\n\n\n\n<p>Durante la \u00faltima reuni\u00f3n de Directorio de YPF SA, llevada a cabo d\u00edas atr\u00e1s, se aprob\u00f3 la propuesta del gobernador Alfredo Cornejo para la designaci\u00f3n de Jimena Latorre como directora titular por las acciones clase D de YPF SA.<\/p>\n\n\n\n<p>La informaci\u00f3n difundida por el Gobierno destac\u00f3 que no hay incompatibilidad de funciones entre su cargo como ministra de Energ\u00eda y Ambiente, y en el que fue oficializada, directora por las acciones clase D de YPF SA.<\/p>\n\n\n\n<p>Esto se debe a que Jimena se excusar\u00e1 de intervenir en todos aquellos procesos, expedientes y piezas administrativas, tanto de Energ\u00eda como de Ambiente, en los que est\u00e9n en juego los intereses de la empresa.<\/p>\n\n\n\n<p>En su lugar, el \u00f3rgano que intervendr\u00e1 en este tipo de procesos es el<strong>&nbsp;Ministerio de Gobierno, Infraestructura y Desarrollo Territorial, al mando de Natalio Mema.<\/strong><\/p>\n\n\n\n<p>Por otro lado,tambi\u00e9n se resalt\u00f3 que&nbsp;<strong>no habr\u00e1 incompatibilidad de haberes entre una tarea y otra.<\/strong>&nbsp;La designaci\u00f3n de Latorre como representante de la empresa le significar\u00e1 un ahorro al Gobierno Provincial.&nbsp;<strong>La funcionaria renunciar\u00e1 a su sueldo como ministra de Energ\u00eda y Ambiente y cobrar\u00e1 los honorarios como directora estatal de YPF SA.<\/strong><\/p>\n\n\n\n<p>Latorre agradeci\u00f3 \u201cla confianza del Gobernador para que ocupe un lugar en la mesa del Directorio de YPF\u201d y resalt\u00f3 que asumir\u00e1 la tarea con \u201cresponsabilidad y compromiso\u201d.<\/p>\n\n\n\n<p>La ministra destac\u00f3 la labor de quien la acompa\u00f1ar\u00e1 como suplente en el cargo, la diputada nacional<strong>&nbsp;Pamela Vesaray,&nbsp;<\/strong>persona con la que \u201che trabajado codo a codo en el Congreso de la Naci\u00f3n, en la C\u00e1mara de Diputados, a trav\u00e9s de la Comisi\u00f3n de Energ\u00eda. Ella actualmente contin\u00faa en esa labor en materia de pol\u00edticas energ\u00e9ticas, defendiendo los intereses de la provincia\u201d.<\/p>\n\n\n\n<p>Por primera vez en la historia, Mendoza tendr\u00e1 dos representantes mujeres en el Directorio de YPF.<\/p>\n\n\n\n<p><strong>Fuente: www.diariouno.com.ar<\/strong><\/p>\n","protected":false},"excerpt":{"rendered":"<p>Jimena Latorre\u00a0ser\u00e1 la nueva directora de YPF SA por Mendoza. Tras la postulaci\u00f3n del gobernador Alfredo Cornejo,\u00a0la actual ministra de Energ\u00eda y Ambiente se convirti\u00f3 en la nueva directora titular por las acciones clase D de YPF SA. Desde el Gobierno se indic\u00f3 que la funcionaria no cobrar\u00e1 su sueldo como titular de la cartera [&hellip;]<\/p>\n","protected":false},"author":2,"featured_media":5132,"comment_status":"open","ping_status":"open","sticky":false,"template":"","format":"standard","meta":[],"categories":[47],"tags":[],"_links":{"self":[{"href":"https:\/\/pasaenmendoza.com\/index.php?rest_route=\/wp\/v2\/posts\/5131"}],"collection":[{"href":"https:\/\/pasaenmendoza.com\/index.php?rest_route=\/wp\/v2\/posts"}],"about":[{"href":"https:\/\/pasaenmendoza.com\/index.php?rest_route=\/wp\/v2\/types\/post"}],"author":[{"embeddable":true,"href":"https:\/\/pasaenmendoza.com\/index.php?rest_route=\/wp\/v2\/users\/2"}],"replies":[{"embeddable":true,"href":"https:\/\/pasaenmendoza.com\/index.php?rest_route=%2Fwp%2Fv2%2Fcomments&post=5131"}],"version-history":[{"count":1,"href":"https:\/\/pasaenmendoza.com\/index.php?rest_route=\/wp\/v2\/posts\/5131\/revisions"}],"predecessor-version":[{"id":5133,"href":"https:\/\/pasaenmendoza.com\/index.php?rest_route=\/wp\/v2\/posts\/5131\/revisions\/5133"}],"wp:featuredmedia":[{"embeddable":true,"href":"https:\/\/pasaenmendoza.com\/index.php?rest_route=\/wp\/v2\/media\/5132"}],"wp:attachment":[{"href":"https:\/\/pasaenmendoza.com\/index.php?rest_route=%2Fwp%2Fv2%2Fmedia&parent=5131"}],"wp:term":[{"taxonomy":"category","embeddable":true,"href":"https:\/\/pasaenmendoza.com\/index.php?rest_route=%2Fwp%2Fv2%2Fcategories&post=5131"},{"taxonomy":"post_tag","embeddable":true,"href":"https:\/\/pasaenmendoza.com\/index.php?rest_route=%2Fwp%2Fv2%2Ftags&post=5131"}],"curies":[{"name":"wp","href":"https:\/\/api.w.org\/{rel}","templated":true}]}}