{"id":5137,"date":"2024-02-05T14:16:53","date_gmt":"2024-02-05T13:16:53","guid":{"rendered":"https:\/\/pasaenmendoza.com\/?p=5137"},"modified":"2024-02-05T14:16:55","modified_gmt":"2024-02-05T13:16:55","slug":"pese-a-los-devastadores-incendios-casi-10-mil-personas-viajaron-de-mendoza-a-chile","status":"publish","type":"post","link":"https:\/\/pasaenmendoza.com\/?p=5137","title":{"rendered":"Pese a los devastadores incendios, casi 10 mil personas viajaron de Mendoza a Chile"},"content":{"rendered":"\n<p>El Ministerio del Interior de&nbsp;<strong>Chile&nbsp;<\/strong>anunci\u00f3 este domingo un balance de<strong>&nbsp;112 muertos por los incendios forestales<\/strong>&nbsp;que golpean la regi\u00f3n de&nbsp;<strong>Valpara\u00edso<\/strong>, en el centro del pa\u00eds, y asegur\u00f3 que la cifra aumentar\u00e1 significativamente.<\/p>\n\n\n\n<p>El presidente\u00a0<strong>Gabriel Boric<\/strong>\u00a0decret\u00f3 el viernes el estado de excepci\u00f3n en la zona -que incluye un\u00a0<strong>toque de queda<\/strong>\u2013 para movilizar los recursos necesarios para enfrentar la emergencia. El jefe de Estado viaj\u00f3 este domingo a la regi\u00f3n para dimensionar en terreno la magnitud de la cat\u00e1strofe, que ya es considerada<strong>\u00a0la mayor emergencia natural desde el terremoto de 2010.<\/strong><\/p>\n\n\n\n<p>Pese a la situaci\u00f3n de emergencia, este domingo viajaron de Mendoza a Chile por v\u00eda terrestre\u00a0<strong>casi 10.000 personas.<\/strong><\/p>\n\n\n\n<p>El dato del movimiento en el Sistema Integrado Cristo Redentor, brindado por Coordinaci\u00f3n Argentina, destaca que&nbsp;<strong>egresaron de Mendoza con destino a Chile 9.933 personas.&nbsp;<\/strong>En tanto, ingresaron a la Argentina 4.741 viajeros.<\/p>\n\n\n\n<p>Los tres d\u00edas anteriores, la ecuaci\u00f3n fue inversa ya que los ingresos (17.474) por la principal v\u00eda de conexi\u00f3n terrestre entre Argentina y Chile superaron a los egresos (12.919).&nbsp;<em>\u201cMuchos chilenos viajaron a Mendoza en los d\u00edas anteriores y este domingo regresaron a su pa\u00eds. Por eso aument\u00f3 el n\u00famero de salidas, no es tanto por las vacaciones de los argentinos\u201d<\/em>, informaron fuentes oficiales.<\/p>\n\n\n\n<p>Hay que destacar que debido a la magnitud de la cat\u00e1strofe y los problemas de desplazamiento en las ruta, las autoridades trasandinas adelantaron este domingo el toque de queda para las comunas de Limache Quilpu\u00e9, Villa Alemana y Vi\u00f1a del Mar, que comenz\u00f3 a las 18.\u00a0<strong>Esas localidades son atravesadas por la ruta 60<\/strong>, una de las autopistas que conectan a la regi\u00f3n de Valpara\u00edso afectada por los incendios con el paso internacional hacia Argentina.<\/p>\n\n\n\n<p><strong>Fuente: www.elsol.com.ar<\/strong><\/p>\n","protected":false},"excerpt":{"rendered":"<p>El Ministerio del Interior de&nbsp;Chile&nbsp;anunci\u00f3 este domingo un balance de&nbsp;112 muertos por los incendios forestales&nbsp;que golpean la regi\u00f3n de&nbsp;Valpara\u00edso, en el centro del pa\u00eds, y asegur\u00f3 que la cifra aumentar\u00e1 significativamente. El presidente\u00a0Gabriel Boric\u00a0decret\u00f3 el viernes el estado de excepci\u00f3n en la zona -que incluye un\u00a0toque de queda\u2013 para movilizar los recursos necesarios para enfrentar [&hellip;]<\/p>\n","protected":false},"author":2,"featured_media":5138,"comment_status":"open","ping_status":"open","sticky":false,"template":"","format":"standard","meta":[],"categories":[61],"tags":[],"_links":{"self":[{"href":"https:\/\/pasaenmendoza.com\/index.php?rest_route=\/wp\/v2\/posts\/5137"}],"collection":[{"href":"https:\/\/pasaenmendoza.com\/index.php?rest_route=\/wp\/v2\/posts"}],"about":[{"href":"https:\/\/pasaenmendoza.com\/index.php?rest_route=\/wp\/v2\/types\/post"}],"author":[{"embeddable":true,"href":"https:\/\/pasaenmendoza.com\/index.php?rest_route=\/wp\/v2\/users\/2"}],"replies":[{"embeddable":true,"href":"https:\/\/pasaenmendoza.com\/index.php?rest_route=%2Fwp%2Fv2%2Fcomments&post=5137"}],"version-history":[{"count":1,"href":"https:\/\/pasaenmendoza.com\/index.php?rest_route=\/wp\/v2\/posts\/5137\/revisions"}],"predecessor-version":[{"id":5139,"href":"https:\/\/pasaenmendoza.com\/index.php?rest_route=\/wp\/v2\/posts\/5137\/revisions\/5139"}],"wp:featuredmedia":[{"embeddable":true,"href":"https:\/\/pasaenmendoza.com\/index.php?rest_route=\/wp\/v2\/media\/5138"}],"wp:attachment":[{"href":"https:\/\/pasaenmendoza.com\/index.php?rest_route=%2Fwp%2Fv2%2Fmedia&parent=5137"}],"wp:term":[{"taxonomy":"category","embeddable":true,"href":"https:\/\/pasaenmendoza.com\/index.php?rest_route=%2Fwp%2Fv2%2Fcategories&post=5137"},{"taxonomy":"post_tag","embeddable":true,"href":"https:\/\/pasaenmendoza.com\/index.php?rest_route=%2Fwp%2Fv2%2Ftags&post=5137"}],"curies":[{"name":"wp","href":"https:\/\/api.w.org\/{rel}","templated":true}]}}