{"id":5143,"date":"2024-02-06T12:52:48","date_gmt":"2024-02-06T11:52:48","guid":{"rendered":"https:\/\/pasaenmendoza.com\/?p=5143"},"modified":"2024-02-06T12:52:50","modified_gmt":"2024-02-06T11:52:50","slug":"la-imagen-de-javier-milei-cayo-en-todo-el-pais-como-le-fue-en-mendoza","status":"publish","type":"post","link":"https:\/\/pasaenmendoza.com\/?p=5143","title":{"rendered":"La imagen de Javier Milei cay\u00f3 en todo el pa\u00eds: c\u00f3mo le fue en Mendoza"},"content":{"rendered":"\n<p>El impacto pol\u00edtico del ajuste econ\u00f3mico tuvo consecuencias en la imagen del presidente&nbsp;<strong>Javier Milei<\/strong>, que cay\u00f3 en todas las provincias del pa\u00eds. As\u00ed lo refleja una encuesta de CB Consultora Opini\u00f3n P\u00fablica, que revel\u00f3 que&nbsp;<strong>Mendoza es el distrito donde mejor le va<\/strong>&nbsp;<strong>al jefe de Estado<\/strong>.<\/p>\n\n\n\n<p>M\u00e1s all\u00e1 de esta sorprendente ca\u00edda generalizada, sin distinci\u00f3n geogr\u00e1fica, no son todas malas noticias para Milei. En n\u00fameros absolutos,&nbsp;<strong>su imagen sigue siendo buena&nbsp;<\/strong>y s\u00f3lo en tres provincias tiene m\u00e1s rechazos que apoyos.<\/p>\n\n\n\n<p><em>\u201cEl presidente Javier Milei comienza el 2024 con una ca\u00edda generalizada de su imagen positiva en todas las provincias del pa\u00eds. su imagen positiva m\u00e1s alta la encuentra en Mendoza (67,8%) y la m\u00e1s baja en Formosa (41,7%). La provincia donde m\u00e1s cay\u00f3 comparado a la medici\u00f3n anterior fue C\u00f3rdoba (-6%)\u201d<\/em>, destaca el informe de la consultora que realiz\u00f3 el sondeo online entre el 1 y el 4 de febrero, con un relevamiento de 620 a 1.256 casos por provincia.<\/p>\n\n\n\n<figure class=\"wp-block-image size-full\"><img decoding=\"async\" loading=\"lazy\" width=\"534\" height=\"802\" src=\"https:\/\/pasaenmendoza.com\/wp-content\/uploads\/2024\/02\/image.png\" alt=\"\" class=\"wp-image-5144\" srcset=\"https:\/\/pasaenmendoza.com\/wp-content\/uploads\/2024\/02\/image.png 534w, https:\/\/pasaenmendoza.com\/wp-content\/uploads\/2024\/02\/image-200x300.png 200w, https:\/\/pasaenmendoza.com\/wp-content\/uploads\/2024\/02\/image-150x225.png 150w, https:\/\/pasaenmendoza.com\/wp-content\/uploads\/2024\/02\/image-300x451.png 300w\" sizes=\"(max-width: 534px) 100vw, 534px\" \/><\/figure>\n\n\n\n<p>Dos provincias hist\u00f3ricamente anti K siguen siendo los territorios donde mejor le va a Milei. Aunque con diferencias. Se trata de&nbsp;<strong>Mendoza y C\u00f3rdoba<\/strong>. El podio lo completa&nbsp;<strong>San Luis.<\/strong><\/p>\n\n\n\n<p>En el balotaje presidencial del 19 de noviembre,&nbsp;<strong>Milei obtuvo el 71,1% de los votos en Mendoza.&nbsp;<\/strong>De acuerdo con el trabajo de CB Consultora, en el inicio del a\u00f1o conserva gran parte de su imagen positiva en la provincia, con 67,8%.<\/p>\n\n\n\n<p>En el extremo opuesto de la tabla, al Presidente le va mal en\u00a0<strong>Formosa\u00a0<\/strong>(41,7% de imagen positiva y 52% negativa),\u00a0<strong>Santiago del Estero<\/strong>\u00a0(41,9% y 53,6%) y\u00a0<strong>R\u00edo Negro<\/strong>\u00a0(47,2% y 48%).<\/p>\n\n\n\n<p>FUENTE: Elsol.com.ar <\/p>\n\n\n\n<p><\/p>\n","protected":false},"excerpt":{"rendered":"<p>El impacto pol\u00edtico del ajuste econ\u00f3mico tuvo consecuencias en la imagen del presidente&nbsp;Javier Milei, que cay\u00f3 en todas las provincias del pa\u00eds. As\u00ed lo refleja una encuesta de CB Consultora Opini\u00f3n P\u00fablica, que revel\u00f3 que&nbsp;Mendoza es el distrito donde mejor le va&nbsp;al jefe de Estado. M\u00e1s all\u00e1 de esta sorprendente ca\u00edda generalizada, sin distinci\u00f3n geogr\u00e1fica, [&hellip;]<\/p>\n","protected":false},"author":2,"featured_media":5145,"comment_status":"open","ping_status":"open","sticky":true,"template":"","format":"standard","meta":[],"categories":[47],"tags":[],"_links":{"self":[{"href":"https:\/\/pasaenmendoza.com\/index.php?rest_route=\/wp\/v2\/posts\/5143"}],"collection":[{"href":"https:\/\/pasaenmendoza.com\/index.php?rest_route=\/wp\/v2\/posts"}],"about":[{"href":"https:\/\/pasaenmendoza.com\/index.php?rest_route=\/wp\/v2\/types\/post"}],"author":[{"embeddable":true,"href":"https:\/\/pasaenmendoza.com\/index.php?rest_route=\/wp\/v2\/users\/2"}],"replies":[{"embeddable":true,"href":"https:\/\/pasaenmendoza.com\/index.php?rest_route=%2Fwp%2Fv2%2Fcomments&post=5143"}],"version-history":[{"count":1,"href":"https:\/\/pasaenmendoza.com\/index.php?rest_route=\/wp\/v2\/posts\/5143\/revisions"}],"predecessor-version":[{"id":5146,"href":"https:\/\/pasaenmendoza.com\/index.php?rest_route=\/wp\/v2\/posts\/5143\/revisions\/5146"}],"wp:featuredmedia":[{"embeddable":true,"href":"https:\/\/pasaenmendoza.com\/index.php?rest_route=\/wp\/v2\/media\/5145"}],"wp:attachment":[{"href":"https:\/\/pasaenmendoza.com\/index.php?rest_route=%2Fwp%2Fv2%2Fmedia&parent=5143"}],"wp:term":[{"taxonomy":"category","embeddable":true,"href":"https:\/\/pasaenmendoza.com\/index.php?rest_route=%2Fwp%2Fv2%2Fcategories&post=5143"},{"taxonomy":"post_tag","embeddable":true,"href":"https:\/\/pasaenmendoza.com\/index.php?rest_route=%2Fwp%2Fv2%2Ftags&post=5143"}],"curies":[{"name":"wp","href":"https:\/\/api.w.org\/{rel}","templated":true}]}}