{"id":5147,"date":"2024-02-06T12:56:23","date_gmt":"2024-02-06T11:56:23","guid":{"rendered":"https:\/\/pasaenmendoza.com\/?p=5147"},"modified":"2024-02-06T12:56:25","modified_gmt":"2024-02-06T11:56:25","slug":"ulpiano-suarez-pide-la-actualizacion-de-los-fondos-para-ciudad","status":"publish","type":"post","link":"https:\/\/pasaenmendoza.com\/?p=5147","title":{"rendered":"Ulpiano Suarez pide la actualizaci\u00f3n de los fondos para Ciudad"},"content":{"rendered":"\n<p>&nbsp;El intendente de la Ciudad de Mendoza, Ulpiano Suarez, se reuni\u00f3 con legisladores y funcionarios municipales para defender la actualizaci\u00f3n del Fondo Compensador. &#8220;La actualizaci\u00f3n del Fondo Compensador que estamos reclamando es leg\u00edtima, no es en contra de nadie y es en defensa de los vecinos de la Ciudad&#8221;, indic\u00f3.<\/p>\n\n\n\n<p>Adem\u00e1s, record\u00f3 que este Fondo se cre\u00f3 en 1996 para &#8220;reparar el perjuicio ocasionado a la Ciudad con el r\u00e9gimen de coparticipaci\u00f3n municipal que se implement\u00f3 y que sin duda represent\u00f3 un atraso para Mendoza&#8221;.<\/p>\n\n\n\n<p>Tambi\u00e9n indic\u00f3 que &#8220;la actualizaci\u00f3n de este Fondo nos permitir\u00e1 continuar prestando servicios de calidad a nuestros vecinos y a los miles de mendocinos y turistas que diariamente ingresan a la Ciudad&#8221;.<\/p>\n\n\n\n<p>&#8220;Seguiremos abiertos al di\u00e1logo para encontrar una soluci\u00f3n a este reclamo, pero no dejaremos de hacer todo lo necesario para conseguir la actualizaci\u00f3n del Fondo&#8221;, culmin\u00f3.<\/p>\n\n\n\n<p>Finalmente agradeci\u00f3 los legisladores provinciales, a los concejales, a los miembros del Gabinete municipal y referentes vecinales que participaron de la charla informativa en la tarde de este lunes en el edificio municipal.<\/p>\n\n\n\n<p>FUENTE: Mendozapost.<\/p>\n","protected":false},"excerpt":{"rendered":"<p>&nbsp;El intendente de la Ciudad de Mendoza, Ulpiano Suarez, se reuni\u00f3 con legisladores y funcionarios municipales para defender la actualizaci\u00f3n del Fondo Compensador. &#8220;La actualizaci\u00f3n del Fondo Compensador que estamos reclamando es leg\u00edtima, no es en contra de nadie y es en defensa de los vecinos de la Ciudad&#8221;, indic\u00f3. Adem\u00e1s, record\u00f3 que este Fondo [&hellip;]<\/p>\n","protected":false},"author":2,"featured_media":5148,"comment_status":"open","ping_status":"open","sticky":true,"template":"","format":"standard","meta":[],"categories":[47],"tags":[],"_links":{"self":[{"href":"https:\/\/pasaenmendoza.com\/index.php?rest_route=\/wp\/v2\/posts\/5147"}],"collection":[{"href":"https:\/\/pasaenmendoza.com\/index.php?rest_route=\/wp\/v2\/posts"}],"about":[{"href":"https:\/\/pasaenmendoza.com\/index.php?rest_route=\/wp\/v2\/types\/post"}],"author":[{"embeddable":true,"href":"https:\/\/pasaenmendoza.com\/index.php?rest_route=\/wp\/v2\/users\/2"}],"replies":[{"embeddable":true,"href":"https:\/\/pasaenmendoza.com\/index.php?rest_route=%2Fwp%2Fv2%2Fcomments&post=5147"}],"version-history":[{"count":1,"href":"https:\/\/pasaenmendoza.com\/index.php?rest_route=\/wp\/v2\/posts\/5147\/revisions"}],"predecessor-version":[{"id":5149,"href":"https:\/\/pasaenmendoza.com\/index.php?rest_route=\/wp\/v2\/posts\/5147\/revisions\/5149"}],"wp:featuredmedia":[{"embeddable":true,"href":"https:\/\/pasaenmendoza.com\/index.php?rest_route=\/wp\/v2\/media\/5148"}],"wp:attachment":[{"href":"https:\/\/pasaenmendoza.com\/index.php?rest_route=%2Fwp%2Fv2%2Fmedia&parent=5147"}],"wp:term":[{"taxonomy":"category","embeddable":true,"href":"https:\/\/pasaenmendoza.com\/index.php?rest_route=%2Fwp%2Fv2%2Fcategories&post=5147"},{"taxonomy":"post_tag","embeddable":true,"href":"https:\/\/pasaenmendoza.com\/index.php?rest_route=%2Fwp%2Fv2%2Ftags&post=5147"}],"curies":[{"name":"wp","href":"https:\/\/api.w.org\/{rel}","templated":true}]}}