{"id":5150,"date":"2024-02-06T13:02:05","date_gmt":"2024-02-06T12:02:05","guid":{"rendered":"https:\/\/pasaenmendoza.com\/?p=5150"},"modified":"2024-02-06T13:02:07","modified_gmt":"2024-02-06T12:02:07","slug":"el-mendocino-carlos-balter-fue-nombrado-director-del-banco-nacion","status":"publish","type":"post","link":"https:\/\/pasaenmendoza.com\/?p=5150","title":{"rendered":"El mendocino Carlos Balter fue nombrado director del Banco Naci\u00f3n"},"content":{"rendered":"\n<p>El hist\u00f3rico referente del Partido Dem\u00f3crata se integr\u00f3 a la gesti\u00f3n de La Libertad Avanza. Fue un aliado clave del actual presidente durante toda la campa\u00f1a<\/p>\n\n\n\n<p><strong>Carlos Balter<\/strong>, el hist\u00f3rico referente del\u00a0<strong>Partido Dem\u00f3crata<\/strong>\u00a0mendocino, fue oficialmente designado como\u00a0<strong>director del Banco de la Naci\u00f3n Argentina<\/strong>.<\/p>\n\n\n\n<p>La noticia apareci\u00f3 este martes en el\u00a0<strong>Bolet\u00edn Oficial<\/strong>, donde -a trav\u00e9s del\u00a0<strong>decreto 23\/2024<\/strong>&#8211; se indica que el presidente\u00a0<strong>Javier Milei<\/strong>\u00a0decidi\u00f3 que el contador\u00a0<strong>Carlos Mario Balter<\/strong>\u00a0se integre al Directorio de la entidad junto con el abogado\u00a0<strong>Gonzalo Pascual<\/strong>\u00a0y otros miembros de ese cuerpo.<\/p>\n\n\n\n<h2 class=\"wp-block-heading\"><strong>Gui\u00f1o entre aliados<\/strong><\/h2>\n\n\n\n<p>M\u00e1s all\u00e1 de la larga trayectoria que tiene&nbsp;<strong>Balter (73)<\/strong>&nbsp;-quien fue legislador nacional y provincial, adem\u00e1s de intendente de Godoy Cruz, entre otros cargos-, la designaci\u00f3n firmada por Milei y el ministro de Econom\u00eda Luis &#8220;Toto&#8221; Caputo se relaciona con&nbsp;<strong>alianzas que vienen teji\u00e9ndose hace tiempo<\/strong>.<\/p>\n\n\n\n<p>Y es que cuando el hoy presidente empezaba a&nbsp;<strong>urdir su estrategia nacional&nbsp;<\/strong>de cara a las elecciones, se encontr\u00f3 con que&nbsp;<strong>no ten\u00eda estructura territorial<\/strong>. Ah\u00ed apareci\u00f3 el PD -que tiene presencia en varias provincias- como<strong>&nbsp;posible herramienta<\/strong>.<\/p>\n\n\n\n<p>En efecto,\u00a0<strong>Milei visit\u00f3 varias veces la provincia y se mostr\u00f3 no solamente con los &#8220;gansos&#8221; de mediana edad, sino tambi\u00e9n\u00a0<\/strong>-y a pesar de su discurso contra &#8220;la casta&#8221;-<strong>\u00a0con los veteranos<\/strong>, entre ellos el propio Balter.<\/p>\n\n\n\n<h2 class=\"wp-block-heading\"><strong>Los otros directores<\/strong><\/h2>\n\n\n\n<p>Seg\u00fan su&nbsp;<strong>Carta Org\u00e1nica<\/strong>, el BNA est\u00e1 gobernado por un Directorio compuesto por un presidente &#8211;<strong>Daniel Tillard<\/strong>-, un vicepresidente y ocho directores.<\/p>\n\n\n\n<p>Es as\u00ed que a fines de enero, y con la meta de ir completando la grilla, Milei design\u00f3 a<strong>&nbsp;otros cinco miembros del Directorio del BNA<\/strong>, instituci\u00f3n que el mandatario preferir\u00eda<strong>&nbsp;privatizar<\/strong>&nbsp;a mediano plazo.<\/p>\n\n\n\n<p><strong>El Decreto 85\/2024 design\u00f3 a estos directores que ahora trabajar\u00e1n junto a Balter:<\/strong><\/p>\n\n\n\n<ul>\n<li>&nbsp;Rodolfo Nicol\u00e1s Carvajal (contador p\u00fablico).<\/li>\n\n\n\n<li>Solana Agustina Pelayo (abogada).<\/li>\n\n\n\n<li>Manuel Ignacio Calder\u00f3n (licenciado en Econom\u00eda).<\/li>\n\n\n\n<li>Miguel Jos\u00e9 White (licenciado en Administraci\u00f3n de Empresas).<\/li>\n\n\n\n<li>Alejandro Guillermo Henke (mag\u00edster).<\/li>\n<\/ul>\n\n\n\n<p>FUENTE: Diariouno.com.ar <\/p>\n","protected":false},"excerpt":{"rendered":"<p>El hist\u00f3rico referente del Partido Dem\u00f3crata se integr\u00f3 a la gesti\u00f3n de La Libertad Avanza. Fue un aliado clave del actual presidente durante toda la campa\u00f1a Carlos Balter, el hist\u00f3rico referente del\u00a0Partido Dem\u00f3crata\u00a0mendocino, fue oficialmente designado como\u00a0director del Banco de la Naci\u00f3n Argentina. La noticia apareci\u00f3 este martes en el\u00a0Bolet\u00edn Oficial, donde -a trav\u00e9s del\u00a0decreto [&hellip;]<\/p>\n","protected":false},"author":2,"featured_media":5151,"comment_status":"open","ping_status":"open","sticky":true,"template":"","format":"standard","meta":[],"categories":[47],"tags":[],"_links":{"self":[{"href":"https:\/\/pasaenmendoza.com\/index.php?rest_route=\/wp\/v2\/posts\/5150"}],"collection":[{"href":"https:\/\/pasaenmendoza.com\/index.php?rest_route=\/wp\/v2\/posts"}],"about":[{"href":"https:\/\/pasaenmendoza.com\/index.php?rest_route=\/wp\/v2\/types\/post"}],"author":[{"embeddable":true,"href":"https:\/\/pasaenmendoza.com\/index.php?rest_route=\/wp\/v2\/users\/2"}],"replies":[{"embeddable":true,"href":"https:\/\/pasaenmendoza.com\/index.php?rest_route=%2Fwp%2Fv2%2Fcomments&post=5150"}],"version-history":[{"count":1,"href":"https:\/\/pasaenmendoza.com\/index.php?rest_route=\/wp\/v2\/posts\/5150\/revisions"}],"predecessor-version":[{"id":5152,"href":"https:\/\/pasaenmendoza.com\/index.php?rest_route=\/wp\/v2\/posts\/5150\/revisions\/5152"}],"wp:featuredmedia":[{"embeddable":true,"href":"https:\/\/pasaenmendoza.com\/index.php?rest_route=\/wp\/v2\/media\/5151"}],"wp:attachment":[{"href":"https:\/\/pasaenmendoza.com\/index.php?rest_route=%2Fwp%2Fv2%2Fmedia&parent=5150"}],"wp:term":[{"taxonomy":"category","embeddable":true,"href":"https:\/\/pasaenmendoza.com\/index.php?rest_route=%2Fwp%2Fv2%2Fcategories&post=5150"},{"taxonomy":"post_tag","embeddable":true,"href":"https:\/\/pasaenmendoza.com\/index.php?rest_route=%2Fwp%2Fv2%2Ftags&post=5150"}],"curies":[{"name":"wp","href":"https:\/\/api.w.org\/{rel}","templated":true}]}}