{"id":5153,"date":"2024-02-06T13:36:31","date_gmt":"2024-02-06T12:36:31","guid":{"rendered":"https:\/\/pasaenmendoza.com\/?p=5153"},"modified":"2024-02-06T13:36:32","modified_gmt":"2024-02-06T12:36:32","slug":"alerta-por-tormentas-y-granizo-a-que-zonas-de-mendoza-afecta","status":"publish","type":"post","link":"https:\/\/pasaenmendoza.com\/?p=5153","title":{"rendered":"Alerta por tormentas y granizo: a qu\u00e9 zonas de Mendoza afecta"},"content":{"rendered":"\n<p><strong>Defensa Civil<\/strong>&nbsp;inform\u00f3 este martes que \u201ccondiciones de inestabilidad con probabilidad de formaci\u00f3n de&nbsp;<strong>tormentas<\/strong>\u201c<strong>&nbsp;<\/strong>en el Oeste de Gran Mendoza, Oeste de Valle de Uco y zona Este. Informaron, adem\u00e1s, que tendr\u00e1 mayor incidencia en zona Sur.<\/p>\n\n\n\n<p>Por otro lado, no se descarta la<strong>\u00a0ca\u00edda de granizo<\/strong>.<\/p>\n\n\n\n<p>Seg\u00fan el<strong>&nbsp;Servicio Meteorol\u00f3gico Nacional&nbsp;<\/strong>(SMN) este martes ser\u00e1 una jornada \u201cinestable con nubosidad variable\u201d y emiti\u00f3 una alerta amarilla por tormentas con probabilidad de granizo hacia la noche.<\/p>\n\n\n\n<p><strong>Contingencias Clim\u00e1ticas<\/strong>\u00a0ubic\u00f3 las tormentas en el oasis sur hacia la tarde-noche.<\/p>\n\n\n\n<p><strong>Fuente: www.elsol.com.ar<\/strong><\/p>\n","protected":false},"excerpt":{"rendered":"<p>Defensa Civil&nbsp;inform\u00f3 este martes que \u201ccondiciones de inestabilidad con probabilidad de formaci\u00f3n de&nbsp;tormentas\u201c&nbsp;en el Oeste de Gran Mendoza, Oeste de Valle de Uco y zona Este. Informaron, adem\u00e1s, que tendr\u00e1 mayor incidencia en zona Sur. Por otro lado, no se descarta la\u00a0ca\u00edda de granizo. Seg\u00fan el&nbsp;Servicio Meteorol\u00f3gico Nacional&nbsp;(SMN) este martes ser\u00e1 una jornada \u201cinestable con [&hellip;]<\/p>\n","protected":false},"author":2,"featured_media":5154,"comment_status":"open","ping_status":"open","sticky":false,"template":"","format":"standard","meta":[],"categories":[52],"tags":[],"_links":{"self":[{"href":"https:\/\/pasaenmendoza.com\/index.php?rest_route=\/wp\/v2\/posts\/5153"}],"collection":[{"href":"https:\/\/pasaenmendoza.com\/index.php?rest_route=\/wp\/v2\/posts"}],"about":[{"href":"https:\/\/pasaenmendoza.com\/index.php?rest_route=\/wp\/v2\/types\/post"}],"author":[{"embeddable":true,"href":"https:\/\/pasaenmendoza.com\/index.php?rest_route=\/wp\/v2\/users\/2"}],"replies":[{"embeddable":true,"href":"https:\/\/pasaenmendoza.com\/index.php?rest_route=%2Fwp%2Fv2%2Fcomments&post=5153"}],"version-history":[{"count":1,"href":"https:\/\/pasaenmendoza.com\/index.php?rest_route=\/wp\/v2\/posts\/5153\/revisions"}],"predecessor-version":[{"id":5155,"href":"https:\/\/pasaenmendoza.com\/index.php?rest_route=\/wp\/v2\/posts\/5153\/revisions\/5155"}],"wp:featuredmedia":[{"embeddable":true,"href":"https:\/\/pasaenmendoza.com\/index.php?rest_route=\/wp\/v2\/media\/5154"}],"wp:attachment":[{"href":"https:\/\/pasaenmendoza.com\/index.php?rest_route=%2Fwp%2Fv2%2Fmedia&parent=5153"}],"wp:term":[{"taxonomy":"category","embeddable":true,"href":"https:\/\/pasaenmendoza.com\/index.php?rest_route=%2Fwp%2Fv2%2Fcategories&post=5153"},{"taxonomy":"post_tag","embeddable":true,"href":"https:\/\/pasaenmendoza.com\/index.php?rest_route=%2Fwp%2Fv2%2Ftags&post=5153"}],"curies":[{"name":"wp","href":"https:\/\/api.w.org\/{rel}","templated":true}]}}