{"id":5166,"date":"2024-02-06T14:28:32","date_gmt":"2024-02-06T13:28:32","guid":{"rendered":"https:\/\/pasaenmendoza.com\/?p=5166"},"modified":"2024-02-06T14:28:34","modified_gmt":"2024-02-06T13:28:34","slug":"vendimia-para-todos-tambien-elegira-a-sus-reyes-en-el-teatro-griego-frank-romero-day","status":"publish","type":"post","link":"https:\/\/pasaenmendoza.com\/?p=5166","title":{"rendered":"Vendimia para Todos tambi\u00e9n elegir\u00e1 a sus reyes en el teatro griego Frank Romero Day"},"content":{"rendered":"\n<p>El subsecretario de Cultura, Diego Gareca, anunci\u00f3 que en la segunda repetici\u00f3n de la&nbsp;<strong>Fiesta Nacional de la Vendimia 2024<\/strong>&nbsp;se realizar\u00e1 la&nbsp;<strong>elecci\u00f3n<\/strong>&nbsp;del rey y la reina de la&nbsp;<strong>Vendimia para Todos<\/strong>&nbsp;en el escenario del&nbsp;<strong>teatro griego Frank Romero Day<\/strong>.<\/p>\n\n\n\n<p>La Vendimia para Todos elige al rey, la reina y reina drag. La elecci\u00f3n ser\u00e1 p\u00fablica y en los pr\u00f3ximos d\u00edas se dar\u00e1n m\u00e1s precisiones al respecto.<\/p>\n\n\n\n<p>El reconocido Gabriel Canci es el productor de Vendimia para Todos y destac\u00f3 que \u201ctengo que agradecer al gobierno de Mendoza el apoyo constante y en esta oportunidad queda plasmado incorporando la celebraci\u00f3n en el teatro griego\u201d.<\/p>\n\n\n\n<h3 class=\"wp-block-heading\"><strong>Un evento hist\u00f3rico<\/strong><\/h3>\n\n\n\n<p>La Vendimia para Todos, desde hace varios a\u00f1os, integra el calendario de la agenda provincial y nacional como uno de los espect\u00e1culos centrales dentro de los festejos vendimiales. Desde 2003, el Gobierno de Mendoza la oficializ\u00f3, declar\u00e1ndola de Inter\u00e9s Tur\u00edstico y Cultural de la Provincia y en el 2013 el Ministerio de Turismo de la Naci\u00f3n expuso a la Vendimia para Todos de Inter\u00e9s Tur\u00edstico Nacional.<\/p>\n\n\n\n<p>El espect\u00e1culo\u00a0<em>Coronados de Historia y Futuro<\/em>\u00a0de la Fiesta Nacional de la Vendimia se realizar\u00e1 el s\u00e1bado 2 de marzo. La primera repetici\u00f3n se llevar\u00e1 adelante el domingo 3 de marzo y la segunda, donde se incluir\u00e1 la elecci\u00f3n de la Vendimia para Todos, ser\u00e1 el lunes 4 de marzo.<\/p>\n\n\n\n<p>La Vendimia para Todos tendr\u00e1 su propia fiesta que se llevar\u00e1 a cabo el pr\u00f3ximo domingo 31 de marzo en el boliche Wabi Fun Club, ubicado en la lateral Este del Acceso Sur. Las entradas se venden por\u00a0www.entradaweb.com.ar.<\/p>\n\n\n\n<p>Promete ser una gran fiesta con DJs nacionales e internacionales junto a diferentes artistas distribuidos en cuatro escenarios.<\/p>\n\n\n\n<p><strong>Fuente: www.diariomendoza.com.ar<\/strong><\/p>\n\n\n\n<p><a href=\"https:\/\/www.diariomendoza.com.ar\/sociedad\/cuales-son-nuevas-ofertas-salariales-gobierno-cornejo-acerco-estatales-n60532\"><\/a><\/p>\n","protected":false},"excerpt":{"rendered":"<p>El subsecretario de Cultura, Diego Gareca, anunci\u00f3 que en la segunda repetici\u00f3n de la&nbsp;Fiesta Nacional de la Vendimia 2024&nbsp;se realizar\u00e1 la&nbsp;elecci\u00f3n&nbsp;del rey y la reina de la&nbsp;Vendimia para Todos&nbsp;en el escenario del&nbsp;teatro griego Frank Romero Day. La Vendimia para Todos elige al rey, la reina y reina drag. La elecci\u00f3n ser\u00e1 p\u00fablica y en los [&hellip;]<\/p>\n","protected":false},"author":2,"featured_media":5167,"comment_status":"open","ping_status":"open","sticky":false,"template":"","format":"standard","meta":[],"categories":[74],"tags":[],"_links":{"self":[{"href":"https:\/\/pasaenmendoza.com\/index.php?rest_route=\/wp\/v2\/posts\/5166"}],"collection":[{"href":"https:\/\/pasaenmendoza.com\/index.php?rest_route=\/wp\/v2\/posts"}],"about":[{"href":"https:\/\/pasaenmendoza.com\/index.php?rest_route=\/wp\/v2\/types\/post"}],"author":[{"embeddable":true,"href":"https:\/\/pasaenmendoza.com\/index.php?rest_route=\/wp\/v2\/users\/2"}],"replies":[{"embeddable":true,"href":"https:\/\/pasaenmendoza.com\/index.php?rest_route=%2Fwp%2Fv2%2Fcomments&post=5166"}],"version-history":[{"count":1,"href":"https:\/\/pasaenmendoza.com\/index.php?rest_route=\/wp\/v2\/posts\/5166\/revisions"}],"predecessor-version":[{"id":5168,"href":"https:\/\/pasaenmendoza.com\/index.php?rest_route=\/wp\/v2\/posts\/5166\/revisions\/5168"}],"wp:featuredmedia":[{"embeddable":true,"href":"https:\/\/pasaenmendoza.com\/index.php?rest_route=\/wp\/v2\/media\/5167"}],"wp:attachment":[{"href":"https:\/\/pasaenmendoza.com\/index.php?rest_route=%2Fwp%2Fv2%2Fmedia&parent=5166"}],"wp:term":[{"taxonomy":"category","embeddable":true,"href":"https:\/\/pasaenmendoza.com\/index.php?rest_route=%2Fwp%2Fv2%2Fcategories&post=5166"},{"taxonomy":"post_tag","embeddable":true,"href":"https:\/\/pasaenmendoza.com\/index.php?rest_route=%2Fwp%2Fv2%2Ftags&post=5166"}],"curies":[{"name":"wp","href":"https:\/\/api.w.org\/{rel}","templated":true}]}}