{"id":5169,"date":"2024-02-06T14:32:33","date_gmt":"2024-02-06T13:32:33","guid":{"rendered":"https:\/\/pasaenmendoza.com\/?p=5169"},"modified":"2024-02-06T14:32:35","modified_gmt":"2024-02-06T13:32:35","slug":"cuales-son-las-nuevas-ofertas-salariales-que-el-gobierno-de-cornejo-acerco-a-los-estatales","status":"publish","type":"post","link":"https:\/\/pasaenmendoza.com\/?p=5169","title":{"rendered":"Cu\u00e1les son las nuevas ofertas salariales que el gobierno de Cornejo acerc\u00f3 a los estatales"},"content":{"rendered":"\n<p>Este lunes, el Ejecutivo provincial continu\u00f3 con la ronda de reuniones paritarias para este 2024. En esta oportunidad, convoc\u00f3 a los representantes gremiales de Tribunal de Cuentas, Fiscal\u00eda de Estado, Tesorer\u00eda, Contadur\u00eda General de la Provincia, Subsecretar\u00eda de Trabajo y Empleo y Fondo para la Transformaci\u00f3n y el Crecimiento.<\/p>\n\n\n\n<p>Las propuestas salariales presentadas fueron superadoras de lo que el gobierno hab\u00eda ofertado al resto de los sindicatos. Hay dos opciones para decidir. La pr\u00f3xima reuni\u00f3n paritaria se acord\u00f3 para el mi\u00e9rcoles 7 de febrero, cuando la entidad gremial acercar\u00e1 la respuesta al ofrecimiento del Ejecutivo.<\/p>\n\n\n\n<h3 class=\"wp-block-heading\"><strong>C\u00f3mo son las propuestas&nbsp;<\/strong><\/h3>\n\n\n\n<p>Las propuestas son alternativas y, en ambos casos, se suman a lo ya percibido durante enero de 2024.<\/p>\n\n\n\n<ul>\n<li>Suma fija de 90.000 pesos a pagar en febrero, no remunerativa y no bonificable.<\/li>\n\n\n\n<li>15% en febrero.<\/li>\n\n\n\n<li>15% en marzo.<\/li>\n<\/ul>\n\n\n\n<p><strong>Alternativa 2<\/strong><\/p>\n\n\n\n<ul>\n<li>16% en febrero.<\/li>\n\n\n\n<li>16% en marzo.<\/li>\n<\/ul>\n\n\n\n<p>Mariana Lima, directora de Pol\u00edtica Salarial y An\u00e1lisis del Recurso Humano, expres\u00f3: \u201cHemos tra\u00eddo a la mesa de paritarias dos ofertas superadoras, que se elaboraron teniendo en cuenta tanto los planteos efectuados por la entidad gremial como la situaci\u00f3n fiscal y financiera de la Provincia\u201d.<\/p>\n\n\n\n<p><strong>Fuente: www.diariomendoza.com.ar<\/strong><a href=\"https:\/\/www.diariomendoza.com.ar\/sociedad\/mendoza-puso-disposicion-chile-vehiculos-brigadistas-combatir-fuego-valparaiso-n60530\"><\/a><\/p>\n","protected":false},"excerpt":{"rendered":"<p>Este lunes, el Ejecutivo provincial continu\u00f3 con la ronda de reuniones paritarias para este 2024. En esta oportunidad, convoc\u00f3 a los representantes gremiales de Tribunal de Cuentas, Fiscal\u00eda de Estado, Tesorer\u00eda, Contadur\u00eda General de la Provincia, Subsecretar\u00eda de Trabajo y Empleo y Fondo para la Transformaci\u00f3n y el Crecimiento. Las propuestas salariales presentadas fueron superadoras [&hellip;]<\/p>\n","protected":false},"author":2,"featured_media":5170,"comment_status":"open","ping_status":"open","sticky":false,"template":"","format":"standard","meta":[],"categories":[55],"tags":[],"_links":{"self":[{"href":"https:\/\/pasaenmendoza.com\/index.php?rest_route=\/wp\/v2\/posts\/5169"}],"collection":[{"href":"https:\/\/pasaenmendoza.com\/index.php?rest_route=\/wp\/v2\/posts"}],"about":[{"href":"https:\/\/pasaenmendoza.com\/index.php?rest_route=\/wp\/v2\/types\/post"}],"author":[{"embeddable":true,"href":"https:\/\/pasaenmendoza.com\/index.php?rest_route=\/wp\/v2\/users\/2"}],"replies":[{"embeddable":true,"href":"https:\/\/pasaenmendoza.com\/index.php?rest_route=%2Fwp%2Fv2%2Fcomments&post=5169"}],"version-history":[{"count":1,"href":"https:\/\/pasaenmendoza.com\/index.php?rest_route=\/wp\/v2\/posts\/5169\/revisions"}],"predecessor-version":[{"id":5171,"href":"https:\/\/pasaenmendoza.com\/index.php?rest_route=\/wp\/v2\/posts\/5169\/revisions\/5171"}],"wp:featuredmedia":[{"embeddable":true,"href":"https:\/\/pasaenmendoza.com\/index.php?rest_route=\/wp\/v2\/media\/5170"}],"wp:attachment":[{"href":"https:\/\/pasaenmendoza.com\/index.php?rest_route=%2Fwp%2Fv2%2Fmedia&parent=5169"}],"wp:term":[{"taxonomy":"category","embeddable":true,"href":"https:\/\/pasaenmendoza.com\/index.php?rest_route=%2Fwp%2Fv2%2Fcategories&post=5169"},{"taxonomy":"post_tag","embeddable":true,"href":"https:\/\/pasaenmendoza.com\/index.php?rest_route=%2Fwp%2Fv2%2Ftags&post=5169"}],"curies":[{"name":"wp","href":"https:\/\/api.w.org\/{rel}","templated":true}]}}