{"id":5172,"date":"2024-02-06T14:39:34","date_gmt":"2024-02-06T13:39:34","guid":{"rendered":"https:\/\/pasaenmendoza.com\/?p=5172"},"modified":"2024-02-06T14:39:36","modified_gmt":"2024-02-06T13:39:36","slug":"el-arzobispo-de-mendoza-se-sumo-al-reclamo-para-que-milei-entregue-alimentos-a-los-comedores","status":"publish","type":"post","link":"https:\/\/pasaenmendoza.com\/?p=5172","title":{"rendered":"El arzobispo de Mendoza se sum\u00f3 al reclamo para que Milei entregue alimentos a los comedores"},"content":{"rendered":"\n<p>La<strong>\u00a0Iglesia Cat\u00f3lica\u00a0<\/strong>tom\u00f3 postura en plena tensi\u00f3n entre el Estado y las organizaciones sociales y plante\u00f3 que &#8220;la comida no puede ser una variable de ajuste&#8221;. A trav\u00e9s de un duro comunicado, la\u00a0<strong>Conferencia Episcopal\u00a0<\/strong>-cuyo vicepresidente primero es el\u00a0<strong>arzobispo de Mendoza,\u00a0Marcelo Colombo-<\/strong>\u00a0elev\u00f3 su petici\u00f3n al Gobierno de\u00a0<strong>Javier Milei<\/strong>\u00a0para que operativice el env\u00edo &#8220;sin dilaci\u00f3n&#8221; a de alimentos para asistir a los comedores.<\/p>\n\n\n\n<p>&#8220;Ante este escenario de trabajo sacrificado y de bajos ingresos, las familias se privan de muchas cosas. Por ejemplo, una mam\u00e1 puede privarse de tomar un colectivo y camina para ahorrar, pero de ninguna manera puede no darle de comer a sus hijos.&nbsp;<strong>Es decir, la comida no puede ser una variable de ajuste. Es necesario anticiparse para que esta situaci\u00f3n no profundice la crisis alimentaria&#8221;<\/strong>, expresaron a trav\u00e9s de la publicaci\u00f3n del documento.<\/p>\n\n\n\n<p>La nota de la Conferencia Episcopal fue firmada por los monse\u00f1ores Oscar Ojea (presidente), Colombo, Carlos Azipiroz Costa (vice segundo) y Alberto Bochatey, secretario general del organismo eclesi\u00e1stico.<\/p>\n\n\n\n<h2 class=\"wp-block-heading\">El reclamo de la Iglesia al gobierno de Milei<\/h2>\n\n\n\n<p>El pedido de la Iglesia fue direccionado al Ministerio de Capital Humano, a cargo de&nbsp;<strong>Sandra Pettovello<\/strong>, que opt\u00f3 por dejar de enviar alimentos secos para hacer transferencias de dinero mientras avanza con la auditor\u00eda de comedores.&nbsp;<strong>Distintas organizaciones sociales denunciaron que durante el mes de enero, las partidas del Gobierno destinadas al auxilio de la asistencia alimentaria fueron de $0.<\/strong><\/p>\n\n\n\n<p>&#8220;El Estado nacional, provincial y municipal, tienen que aprovecharla para que nadie se quede sin el pan de cada d\u00eda. Todos los espacios de cuidado que dan de comer, todos los comedores comunitarios, de parroquias, iglesias evang\u00e9licas, y de movimientos populares&nbsp;<strong>deben recibir ayuda sin dilaci\u00f3n<\/strong>&#8220;, enfatizaron los dirigidos por Monse\u00f1or Oscar Ojea.<\/p>\n\n\n\n<p>A pesar de las advertencias, los obispos admiten la necesidad de hacer auditor\u00edas, pero precisan que deben hacerse\u00a0<strong>&#8220;con la comida en los comedores, no s\u00f3lo de la Iglesia, sino de todas las organizaciones que hace a\u00f1os brindan ayuda esencial&#8221;.<\/strong><\/p>\n\n\n\n<p><strong><br>Es necesario anticiparse para que esta situaci\u00f3n no profundice la crisis alimentaria y para eso se debe facilitar a las personas, las comunidades y al pueblo aquello que se necesite para ayudar a los m\u00e1s fr\u00e1giles, especialmente a ni\u00f1os, ni\u00f1as, adolescentes y adultos mayores<\/strong><\/p>\n\n\n\n<p>En el duro comunicado remarcaron que&nbsp;<strong>&#8220;como obispos, en el trato pastoral con la gente sencilla, hemos aprendido que \u2018un plato de comida no se le niega a nadie\u2019&#8221;<\/strong>, por lo que precisaron que &#8220;en nuestra patria nadie deber\u00eda pasar hambre, ya que es una tierra bendita de pan&#8221;.<\/p>\n\n\n\n<p>&#8220;La inflaci\u00f3n desde hace a\u00f1os crece d\u00eda a d\u00eda y pega fuertemente en el precio de los alimentos.&nbsp;<strong>Lo siente claramente la clase media trabajadora, los jubilados y aquellos que no ven crecer sus salarios. Tambi\u00e9n todo el universo de la econom\u00eda popular, donde pr\u00e1cticamente se trabaja sin derechos<\/strong>. Pensemos en los vendedores ambulantes, los recicladores, los feriantes, los peque\u00f1os agricultores, los ladrilleros, los costureros, los que realizan distintas tareas de cuidado y de servicio&#8221;, completaron.<\/p>\n\n\n\n<p>Los cuestionamientos se enmarcan en la previa de\u00a0<strong>la visita del Presidente al Papa Francisco\u00a0<\/strong>que se espera tenga lugar el pr\u00f3ximo lunes 12 de febrero en la ciudad de El Vaticano.<\/p>\n\n\n\n<p><strong>Fuente: www.diariouno.com.ar<\/strong><\/p>\n","protected":false},"excerpt":{"rendered":"<p>La\u00a0Iglesia Cat\u00f3lica\u00a0tom\u00f3 postura en plena tensi\u00f3n entre el Estado y las organizaciones sociales y plante\u00f3 que &#8220;la comida no puede ser una variable de ajuste&#8221;. A trav\u00e9s de un duro comunicado, la\u00a0Conferencia Episcopal\u00a0-cuyo vicepresidente primero es el\u00a0arzobispo de Mendoza,\u00a0Marcelo Colombo-\u00a0elev\u00f3 su petici\u00f3n al Gobierno de\u00a0Javier Milei\u00a0para que operativice el env\u00edo &#8220;sin dilaci\u00f3n&#8221; a de alimentos [&hellip;]<\/p>\n","protected":false},"author":2,"featured_media":5173,"comment_status":"open","ping_status":"open","sticky":false,"template":"","format":"standard","meta":[],"categories":[50],"tags":[],"_links":{"self":[{"href":"https:\/\/pasaenmendoza.com\/index.php?rest_route=\/wp\/v2\/posts\/5172"}],"collection":[{"href":"https:\/\/pasaenmendoza.com\/index.php?rest_route=\/wp\/v2\/posts"}],"about":[{"href":"https:\/\/pasaenmendoza.com\/index.php?rest_route=\/wp\/v2\/types\/post"}],"author":[{"embeddable":true,"href":"https:\/\/pasaenmendoza.com\/index.php?rest_route=\/wp\/v2\/users\/2"}],"replies":[{"embeddable":true,"href":"https:\/\/pasaenmendoza.com\/index.php?rest_route=%2Fwp%2Fv2%2Fcomments&post=5172"}],"version-history":[{"count":1,"href":"https:\/\/pasaenmendoza.com\/index.php?rest_route=\/wp\/v2\/posts\/5172\/revisions"}],"predecessor-version":[{"id":5174,"href":"https:\/\/pasaenmendoza.com\/index.php?rest_route=\/wp\/v2\/posts\/5172\/revisions\/5174"}],"wp:featuredmedia":[{"embeddable":true,"href":"https:\/\/pasaenmendoza.com\/index.php?rest_route=\/wp\/v2\/media\/5173"}],"wp:attachment":[{"href":"https:\/\/pasaenmendoza.com\/index.php?rest_route=%2Fwp%2Fv2%2Fmedia&parent=5172"}],"wp:term":[{"taxonomy":"category","embeddable":true,"href":"https:\/\/pasaenmendoza.com\/index.php?rest_route=%2Fwp%2Fv2%2Fcategories&post=5172"},{"taxonomy":"post_tag","embeddable":true,"href":"https:\/\/pasaenmendoza.com\/index.php?rest_route=%2Fwp%2Fv2%2Ftags&post=5172"}],"curies":[{"name":"wp","href":"https:\/\/api.w.org\/{rel}","templated":true}]}}