{"id":5175,"date":"2024-02-06T14:43:49","date_gmt":"2024-02-06T13:43:49","guid":{"rendered":"https:\/\/pasaenmendoza.com\/?p=5175"},"modified":"2024-02-06T14:43:51","modified_gmt":"2024-02-06T13:43:51","slug":"vendimia-2024-trascendio-que-ciro-y-los-persas-y-la-delio-valdez-estaran-en-las-repeticiones","status":"publish","type":"post","link":"https:\/\/pasaenmendoza.com\/?p=5175","title":{"rendered":"Vendimia 2024: trascendi\u00f3 que Ciro y Los Persas y La Delio Valdez estar\u00e1n en las repeticiones"},"content":{"rendered":"\n<p>Una andanada de rumores y trascendidos, adem\u00e1s de publicaciones en redes sociales y sitios especializados de espect\u00e1culos dan cuenta de que\u00a0<strong>Ciro y Los Persas y La Delio Valdez\u00a0<\/strong>ser\u00e1n los artistas principales para las dos repeticiones de la\u00a0<strong>Fiesta Nacional de la\u00a0Vendimia 2024.<\/strong><\/p>\n\n\n\n<p>Sin embargo,<strong>\u00a0en ninguno de los sitios oficiales de los artistas anuncian estas actuaciones en el Frank Romero Day<\/strong>. Pero es probable que est\u00e9n esperando la confirmaci\u00f3n del Gobierno de Mendoza para hacerlo.<\/p>\n\n\n\n<p>Es que el Ministerio de Cultura de Mendoza a\u00fan no ha revelado oficialmente los nombres, pero lo har\u00eda en las pr\u00f3ximas horas. De ser as\u00ed,\u00a0<strong>La Delio Valdez y Ciro y los Persas cerrar\u00e1n los dos espect\u00e1culos programados para el domingo 3 y el lunes 4 de marzo, respectivamente.<\/strong><\/p>\n\n\n\n<p><strong>El s\u00e1bado 2 de marzo se har\u00e1 la fiesta central &#8220;Coronados de historia y futuro&#8221;, dirigida por Pablo Mariano Perri.<\/strong>\u00a0Despu\u00e9s de la presentaci\u00f3n art\u00edstica, ser\u00e1 el turno de la elecci\u00f3n y coronaci\u00f3n de la soberana nacional 2024. Y como es costumbre, durante las repeticiones de la fiesta vendimial, actuar\u00e1n grupos locales tanto el domingo como el lunes, con el cierre a cargo de bandas nacionales.<\/p>\n\n\n\n<p><strong>La Delio Valdez, es un grupo argentino de m\u00fasica tropical<\/strong>, con grandes canciones de cumbia, que actu\u00f3 en el Festival Nacional de Cosqu\u00edn a finales de enero y tambi\u00e9n en el Cosqu\u00edn Rock, adem\u00e1s de haber realizado una gira internacional que los llev\u00f3 a presentarse en Alemania.<\/p>\n\n\n\n<p><strong>Ciro y Los Persas ya es un viejo conocido en las celebraciones vendimiales mendocinas<\/strong>, gracias a la excelente relaci\u00f3n de Andr\u00e9s Ciro Mart\u00ednez con el p\u00fablico local, ya que ha actuado en otras ediciones de la Vendimia y en la Fiesta de la Cosecha junto a la Filarm\u00f3nica. Incluso en 2023 se present\u00f3 dos veces en Mendoza: una con su formato banda y otro en formato sinf\u00f3nico.<\/p>\n\n\n\n<p><strong>Fuente: www.diariouno.com.ar<\/strong><\/p>\n","protected":false},"excerpt":{"rendered":"<p>Una andanada de rumores y trascendidos, adem\u00e1s de publicaciones en redes sociales y sitios especializados de espect\u00e1culos dan cuenta de que\u00a0Ciro y Los Persas y La Delio Valdez\u00a0ser\u00e1n los artistas principales para las dos repeticiones de la\u00a0Fiesta Nacional de la\u00a0Vendimia 2024. Sin embargo,\u00a0en ninguno de los sitios oficiales de los artistas anuncian estas actuaciones en [&hellip;]<\/p>\n","protected":false},"author":2,"featured_media":5176,"comment_status":"open","ping_status":"open","sticky":false,"template":"","format":"standard","meta":[],"categories":[74],"tags":[],"_links":{"self":[{"href":"https:\/\/pasaenmendoza.com\/index.php?rest_route=\/wp\/v2\/posts\/5175"}],"collection":[{"href":"https:\/\/pasaenmendoza.com\/index.php?rest_route=\/wp\/v2\/posts"}],"about":[{"href":"https:\/\/pasaenmendoza.com\/index.php?rest_route=\/wp\/v2\/types\/post"}],"author":[{"embeddable":true,"href":"https:\/\/pasaenmendoza.com\/index.php?rest_route=\/wp\/v2\/users\/2"}],"replies":[{"embeddable":true,"href":"https:\/\/pasaenmendoza.com\/index.php?rest_route=%2Fwp%2Fv2%2Fcomments&post=5175"}],"version-history":[{"count":1,"href":"https:\/\/pasaenmendoza.com\/index.php?rest_route=\/wp\/v2\/posts\/5175\/revisions"}],"predecessor-version":[{"id":5177,"href":"https:\/\/pasaenmendoza.com\/index.php?rest_route=\/wp\/v2\/posts\/5175\/revisions\/5177"}],"wp:featuredmedia":[{"embeddable":true,"href":"https:\/\/pasaenmendoza.com\/index.php?rest_route=\/wp\/v2\/media\/5176"}],"wp:attachment":[{"href":"https:\/\/pasaenmendoza.com\/index.php?rest_route=%2Fwp%2Fv2%2Fmedia&parent=5175"}],"wp:term":[{"taxonomy":"category","embeddable":true,"href":"https:\/\/pasaenmendoza.com\/index.php?rest_route=%2Fwp%2Fv2%2Fcategories&post=5175"},{"taxonomy":"post_tag","embeddable":true,"href":"https:\/\/pasaenmendoza.com\/index.php?rest_route=%2Fwp%2Fv2%2Ftags&post=5175"}],"curies":[{"name":"wp","href":"https:\/\/api.w.org\/{rel}","templated":true}]}}