{"id":5178,"date":"2024-02-06T22:41:02","date_gmt":"2024-02-06T21:41:02","guid":{"rendered":"https:\/\/pasaenmendoza.com\/?p=5178"},"modified":"2024-02-06T22:41:04","modified_gmt":"2024-02-06T21:41:04","slug":"condenaron-a-2-anos-y-8-meses-de-prision-condicional-a-un-militante-del-partido-obrero-en-mendoza-por-cortar-calles","status":"publish","type":"post","link":"https:\/\/pasaenmendoza.com\/?p=5178","title":{"rendered":"Condenaron a 2 a\u00f1os y 8 meses de prisi\u00f3n condicional a un militante del Partido Obrero en Mendoza por cortar calles"},"content":{"rendered":"\n<p>Mart\u00edn Rodr\u00edguez,&nbsp;<strong>militante del Partido Obrero<\/strong>, fue condenado a una pena condicional de 2 a\u00f1os y 8 meses en un juicio abreviado por cortar calles en Mendoza. Estaba detenido desde las manifestaciones que se registraron en la capital de la provincia cuyana la semana pasada.<\/p>\n\n\n\n<p>Si vuelve a cometer el mismo delito (cortar calles es una infracci\u00f3n al art\u00edculo 194 del C\u00f3digo Penal) la Justicia podr\u00e1 revocar ese tipo de prisi\u00f3n y&nbsp;<strong>deber\u00e1 cumplir condena efectiva<\/strong>. El acusado admiti\u00f3 su culpabilidad en los hechos que se le imputaron.<\/p>\n\n\n\n<p>La sentencia la determin\u00f3 la jueza Mirna Montaldi, del Primer Juzgado Penal Colegiado de la provincia. Con el juicio abreviado los abogados defensores de Rodr\u00edguez lograron que se lo condene por menos de tres a\u00f1os con lo que podr\u00e1 continuar en libertad.<\/p>\n\n\n\n<p>Para conseguir esa pena, Rodr\u00edguez, estudiante de sociolog\u00eda y empleado municipal, quien particip\u00f3 de las protestas contra la Ley \u00d3mnibus que se discute en el Congreso Nacional, tendr\u00e1 que cumplir ciertas reglas: fijar un domicilio, hacer una donaci\u00f3n y no cometer nuevas transgresiones. Solamente podr\u00e1 salir del pa\u00eds con una autorizaci\u00f3n judicial. La resoluci\u00f3n no ser\u00e1 apelada y&nbsp;<strong>si en los pr\u00f3ximos cuatro a\u00f1os comete alg\u00fan delito la pena pasar\u00e1 a ser de cumplimiento efectivo.<\/strong><\/p>\n\n\n\n<p>En el art\u00edculo 194 del C\u00f3digo Penal establece que \u201cel que, sin crear una situaci\u00f3n de peligro com\u00fan, impidiere,&nbsp;<strong>estorbare o entorpeciere el normal funcionamiento de los transportes por tierra, agua o aire o los servicios p\u00fablicos de comunicaci\u00f3n,<\/strong>&nbsp;de provisi\u00f3n de agua, de electricidad o de sustancias energ\u00e9ticas,&nbsp;<strong>ser\u00e1 reprimido con prisi\u00f3n de 3 meses a 2 a\u00f1os\u201d.&nbsp;<\/strong>Eseresult\u00f3 uno de los argumentos que utiliz\u00f3 el fiscal de la causa, Fernando Giunta.<\/p>\n\n\n\n<p>De acuerdo a lo expresado por el fiscal, Rodr\u00edguez&nbsp;<strong>incumpli\u00f3 esa norma en ocho oportunidades<\/strong>, no solamente en las \u00faltimas protestas, y termin\u00f3 detenido en alguna de ellas. Casi siempre que se realizaron manifestaciones de la izquierda en Mendoza, el militante del PO fue un participante activo y en varias oportunidades desoy\u00f3 las \u00f3rdenes impartidas por las fuerzas de seguridad.<\/p>\n\n\n\n<p>Por la detenci\u00f3n y el posterior juicio, el lunes algunos de los dirigentes m\u00e1s importantes del Polo Obrero como&nbsp;<strong>Eduardo Belliboni<\/strong>&nbsp;y la diputada nacional&nbsp;<strong>Romina Del Pl\u00e1<\/strong>&nbsp;viajaron a Mendoza e instalaron una mesa en se\u00f1al de protesta en la puerta de la Casa de Gobierno.<\/p>\n\n\n\n<p>Belliboni denunci\u00f3 en un video que difundi\u00f3 en las redes sociales \u201cuna persecuci\u00f3n pol\u00edtica y la vulneraci\u00f3n de las libertades democr\u00e1ticas\u201d y explic\u00f3 que hab\u00edan ido a pelear \u201cpor su libertad\u201d y que la Justicia les imped\u00eda ver al detenido para que \u201csu moral se derrumbase\u201d. Tambi\u00e9n dijo que \u201c Mendoza se est\u00e1 dando algo que luego se puede replicar en todo el pa\u00eds que es la ausencia de derechos y libertades para las personas\u201d.<\/p>\n\n\n\n<p>\u201cSe realiz\u00f3 la conferencia de prensa por la libertad a @MRodriguezGC con la presencia de referentes nacionales y provinciales que se siguen sumando al reclamo. \u00a1Basta de criminalizar la protesta social, por el cese a la persecuci\u00f3n y el cierre de las causas a luchadores!\u201d, escribieron en la cuenta en X (ex Twitter) del FIT de Mendoza.<\/p>\n\n\n\n<p>La condena de Rodr\u00edguez se produce en medio de la intenci\u00f3n del gobierno que encabeza el l\u00edder libertario&nbsp;<strong>Javier Milei<\/strong>&nbsp;de enfrentar con mayor dureza las protestas de los grupos piqueteros, con la creaci\u00f3n del Protocolo de Mantenimiento del Orden P\u00fablico de parte de la ministra de Seguridad de la Naci\u00f3n, Patricia Bullrich.<\/p>\n\n\n\n<p>Este lunes, luego de las manifestaciones y de los&nbsp;<strong>episodios de violencia<\/strong>&nbsp;que se desataron en las inmediaciones del Congreso Nacional la semana pasada entre el mi\u00e9rcoles y el viernes mientras se discut\u00eda la Ley \u00d3mnibus en la C\u00e1mara de Diputados, el ministerio que encabeza Bullrich present\u00f3 un pedido ante la Justicia para exigirle a las personas o a las organizaciones o partidos pol\u00edticos que participaron que paguen el costo de los operativos de seguridad que se desplegaron en ese lugar.<\/p>\n\n\n\n<p><strong>Fuente: www.infobae.com<\/strong><\/p>\n\n\n\n<p><a rel=\"noreferrer noopener\" href=\"https:\/\/www.infobae.com\/sociedad\/policiales\/2024\/02\/02\/tragedia-en-mendoza-un-nene-de-11-anos-murio-tras-electrocutarse-en-su-casa\/\" target=\"_blank\"><\/a><\/p>\n\n\n\n<p><a rel=\"noreferrer noopener\" href=\"https:\/\/www.infobae.com\/politica\/2024\/02\/06\/elisa-carrio-apunto-contra-los-diputados-que-votan-a-favor-de-la-ley-omnibus-es-traicion-a-la-patria\/\" target=\"_blank\"><\/a><\/p>\n\n\n\n<p><a rel=\"noreferrer noopener\" href=\"https:\/\/www.infobae.com\/opinion\/2024\/02\/02\/tecnicas-de-investigacion-criminal-en-ambitos-especiales-carceles\/\" target=\"_blank\"><\/a><\/p>\n\n\n\n<p><a rel=\"noreferrer noopener\" href=\"https:\/\/www.infobae.com\/politica\/2024\/02\/06\/votacion-de-la-ley-omnibus-de-javier-milei-en-vivo-las-ultimas-noticias-del-debate-en-el-congreso\/\" target=\"_blank\"><\/a><\/p>\n\n\n\n<p><a rel=\"noreferrer noopener\" href=\"https:\/\/www.infobae.com\/politica\/2024\/02\/06\/eduardo-belliboni-discutio-y-le-dio-un-golpe-de-puno-a-un-hombre-que-lo-increpo-en-mendoza\/\" target=\"_blank\"><\/a><\/p>\n","protected":false},"excerpt":{"rendered":"<p>Mart\u00edn Rodr\u00edguez,&nbsp;militante del Partido Obrero, fue condenado a una pena condicional de 2 a\u00f1os y 8 meses en un juicio abreviado por cortar calles en Mendoza. Estaba detenido desde las manifestaciones que se registraron en la capital de la provincia cuyana la semana pasada. Si vuelve a cometer el mismo delito (cortar calles es una [&hellip;]<\/p>\n","protected":false},"author":2,"featured_media":5180,"comment_status":"open","ping_status":"open","sticky":false,"template":"","format":"standard","meta":[],"categories":[48],"tags":[],"_links":{"self":[{"href":"https:\/\/pasaenmendoza.com\/index.php?rest_route=\/wp\/v2\/posts\/5178"}],"collection":[{"href":"https:\/\/pasaenmendoza.com\/index.php?rest_route=\/wp\/v2\/posts"}],"about":[{"href":"https:\/\/pasaenmendoza.com\/index.php?rest_route=\/wp\/v2\/types\/post"}],"author":[{"embeddable":true,"href":"https:\/\/pasaenmendoza.com\/index.php?rest_route=\/wp\/v2\/users\/2"}],"replies":[{"embeddable":true,"href":"https:\/\/pasaenmendoza.com\/index.php?rest_route=%2Fwp%2Fv2%2Fcomments&post=5178"}],"version-history":[{"count":1,"href":"https:\/\/pasaenmendoza.com\/index.php?rest_route=\/wp\/v2\/posts\/5178\/revisions"}],"predecessor-version":[{"id":5181,"href":"https:\/\/pasaenmendoza.com\/index.php?rest_route=\/wp\/v2\/posts\/5178\/revisions\/5181"}],"wp:featuredmedia":[{"embeddable":true,"href":"https:\/\/pasaenmendoza.com\/index.php?rest_route=\/wp\/v2\/media\/5180"}],"wp:attachment":[{"href":"https:\/\/pasaenmendoza.com\/index.php?rest_route=%2Fwp%2Fv2%2Fmedia&parent=5178"}],"wp:term":[{"taxonomy":"category","embeddable":true,"href":"https:\/\/pasaenmendoza.com\/index.php?rest_route=%2Fwp%2Fv2%2Fcategories&post=5178"},{"taxonomy":"post_tag","embeddable":true,"href":"https:\/\/pasaenmendoza.com\/index.php?rest_route=%2Fwp%2Fv2%2Ftags&post=5178"}],"curies":[{"name":"wp","href":"https:\/\/api.w.org\/{rel}","templated":true}]}}