{"id":518,"date":"2023-08-08T22:54:29","date_gmt":"2023-08-08T20:54:29","guid":{"rendered":"https:\/\/pasaenmendoza.com\/?p=518"},"modified":"2023-08-08T22:54:30","modified_gmt":"2023-08-08T20:54:30","slug":"mientras-la-pampa-reclama-a-la-corte-mendoza-avanza-con-el-baqueano","status":"publish","type":"post","link":"https:\/\/pasaenmendoza.com\/?p=518","title":{"rendered":"Mientras La Pampa reclama a la Corte, Mendoza avanza con El Baqueano"},"content":{"rendered":"\n<p>La relaci\u00f3n entre\u00a0<strong>La Pampa<\/strong>\u00a0y\u00a0<strong>Mendoza\u00a0<\/strong>por los conflictos de aguas est\u00e1n cada vez m\u00e1s dif\u00edciles. El gobernador\u00a0<strong>Sergio Ziliotto<\/strong>\u00a0confirm\u00f3 que solicitaron una audiencia p\u00fablica a la<strong>\u00a0Corte Suprema de Justicia<\/strong>\u00a0por el\u00a0<strong>r\u00edo Atuel<\/strong>. En paralelo, en la Legislatura provincial el oficialismo sac\u00f3 despacho para tratar en el recinto de la\u00a0<strong>C\u00e1mara de Diputados<\/strong>\u00a0el proyecto de construcci\u00f3n de la presa\u00a0<strong>El Baqueano<\/strong>.<\/p>\n\n\n\n<p>Ziliotto solicit\u00f3 estar acompa\u00f1ado por intendentes de las zonas afectadas del oeste pampeano y las Asociaciones Civiles intervinientes <strong>con el objetivo de que puedan exponer en el presente proceso el estado de situaci\u00f3n actual del cauce y los da\u00f1os socio-ambientales generados<\/strong>.<\/p>\n\n\n\n<p>\u201c<em>Solicitamos a la Corte Suprema de Justicia de la Naci\u00f3n una audiencia presencial a la que asistiremos con los intendentes e intendentas afectadas por el corte del r\u00edo Atuel, y asociaciones civiles. Necesitamos que el agua corra por nuestro cauce, que se cumpla el fallo. Ante los miembros del Tribunal podremos graficar el estado de situaci\u00f3n actual del cauce y los da\u00f1os socio-ambientales presentes y futuros. Queremos que conozcan los conflictos diarios que deben resolverse a ra\u00edz de la falta de agua y c\u00f3mo esta situaci\u00f3n se agrava d\u00eda a d\u00eda, generando \u00e9xodo de las poblaciones y graves problemas sociales<\/em>\u201c, public\u00f3 en sus redes el gobernador de La Pampa.<\/p>\n\n\n\n<p>Desde La Pampa se\u00f1alaron que esta nueva presentaci\u00f3n es para instar de manera a la Corte para que exija el inmediato cumplimiento de la sentencia dictada hace m\u00e1s de 3 a\u00f1os,\u00a0que fij\u00f3 un caudal m\u00ednimo permanente de 3,2 metros c\u00fabicos por segundos en el l\u00edmite interprovincial.<\/p>\n\n\n\n<h2 class=\"wp-block-heading\" id=\"h-despacho-de-comision-para-los-nihuiles-y-el-baqueano\">Despacho de comisi\u00f3n para Los Nihuiles y El Baqueano<\/h2>\n\n\n\n<p>Casi en simult\u00e1neo, pero en la Legislatura mendocina, la Comisi\u00f3n de Hacienda y Presupuesto de Diputados dio despacho favorable a la construcci\u00f3n de la presa El Baqueano y la constituci\u00f3n de &#8221; Hidroelectricidad Mendocina S.A&#8221;, empresa que ser\u00e1 la encargada de generar energ\u00eda hidroel\u00e9ctrica a partir de los bienes que integran el Complejo Hidroel\u00e9ctrico &#8220;Los Nihuiles&#8221;.<\/p>\n\n\n\n<p>La nueva empresa de energ\u00eda estar\u00e1 compuesta por acciones de clase A y B, en donde ambas ser\u00e1n ordinarias. Las primeras representar\u00e1n el 51% del capital social.<\/p>\n\n\n\n<p>Su accionista originario ser\u00e1 la&nbsp;<strong>Empresa Mendocina de Energ\u00eda SAPEM<\/strong>, quien deber\u00e1 suscribir la totalidad de acciones a emitirse, e integrar el m\u00ednimo requerido a efectos de la conformaci\u00f3n e inscripci\u00f3n.<\/p>\n\n\n\n<p>El sistema\u00a0<strong>Los Nihuiles<\/strong>\u00a0se encuentra sobre la margen del r\u00edo Atuel y posee una capacidad instalada de 290 megavatios de producci\u00f3n.<\/p>\n\n\n\n<p>Por otra parte, en relaci\u00f3n con la presa El Baqueano, el proyecto habilita al estado provincial a construir esta presa multiprop\u00f3sito sobre el r\u00edo Diamante, en la cual se podr\u00e1 generar 150 megavatios de energ\u00eda.<\/p>\n\n\n\n<p>Finalmente, se autoriza al Ejecutivo o a la sociedad que se constituya a contratar directamente a IMPSA S.A. para la provisi\u00f3n del componente electromec\u00e1nico necesario para la construcci\u00f3n del proyecto.<\/p>\n\n\n\n<p><strong>Fuente: www.elsol.com.ar<\/strong><\/p>\n\n\n\n<p><span style=\"background-color:#fefefe\" class=\"td_text_highlight_marker\">.<\/span><\/p>\n","protected":false},"excerpt":{"rendered":"<p>La relaci\u00f3n entre\u00a0La Pampa\u00a0y\u00a0Mendoza\u00a0por los conflictos de aguas est\u00e1n cada vez m\u00e1s dif\u00edciles. El gobernador\u00a0Sergio Ziliotto\u00a0confirm\u00f3 que solicitaron una audiencia p\u00fablica a la\u00a0Corte Suprema de Justicia\u00a0por el\u00a0r\u00edo Atuel. En paralelo, en la Legislatura provincial el oficialismo sac\u00f3 despacho para tratar en el recinto de la\u00a0C\u00e1mara de Diputados\u00a0el proyecto de construcci\u00f3n de la presa\u00a0El Baqueano. Ziliotto [&hellip;]<\/p>\n","protected":false},"author":2,"featured_media":519,"comment_status":"open","ping_status":"open","sticky":false,"template":"","format":"standard","meta":[],"categories":[47],"tags":[],"_links":{"self":[{"href":"https:\/\/pasaenmendoza.com\/index.php?rest_route=\/wp\/v2\/posts\/518"}],"collection":[{"href":"https:\/\/pasaenmendoza.com\/index.php?rest_route=\/wp\/v2\/posts"}],"about":[{"href":"https:\/\/pasaenmendoza.com\/index.php?rest_route=\/wp\/v2\/types\/post"}],"author":[{"embeddable":true,"href":"https:\/\/pasaenmendoza.com\/index.php?rest_route=\/wp\/v2\/users\/2"}],"replies":[{"embeddable":true,"href":"https:\/\/pasaenmendoza.com\/index.php?rest_route=%2Fwp%2Fv2%2Fcomments&post=518"}],"version-history":[{"count":1,"href":"https:\/\/pasaenmendoza.com\/index.php?rest_route=\/wp\/v2\/posts\/518\/revisions"}],"predecessor-version":[{"id":521,"href":"https:\/\/pasaenmendoza.com\/index.php?rest_route=\/wp\/v2\/posts\/518\/revisions\/521"}],"wp:featuredmedia":[{"embeddable":true,"href":"https:\/\/pasaenmendoza.com\/index.php?rest_route=\/wp\/v2\/media\/519"}],"wp:attachment":[{"href":"https:\/\/pasaenmendoza.com\/index.php?rest_route=%2Fwp%2Fv2%2Fmedia&parent=518"}],"wp:term":[{"taxonomy":"category","embeddable":true,"href":"https:\/\/pasaenmendoza.com\/index.php?rest_route=%2Fwp%2Fv2%2Fcategories&post=518"},{"taxonomy":"post_tag","embeddable":true,"href":"https:\/\/pasaenmendoza.com\/index.php?rest_route=%2Fwp%2Fv2%2Ftags&post=518"}],"curies":[{"name":"wp","href":"https:\/\/api.w.org\/{rel}","templated":true}]}}