{"id":5186,"date":"2024-02-07T14:24:10","date_gmt":"2024-02-07T13:24:10","guid":{"rendered":"https:\/\/pasaenmendoza.com\/?p=5186"},"modified":"2024-02-07T14:24:13","modified_gmt":"2024-02-07T13:24:13","slug":"que-hay-detras-del-reciente-cruce-entre-marcos-calvente-y-ulpiano-suarez","status":"publish","type":"post","link":"https:\/\/pasaenmendoza.com\/?p=5186","title":{"rendered":"Qu\u00e9 hay detr\u00e1s del reciente cruce entre Marcos Calvente y Ulpiano Suarez"},"content":{"rendered":"\n<p>El jefe comunal de Guaymall\u00e9n es uno de los favoritos de Alfredo Cornejo y busca posicionarse entre los dirigentes con proyecci\u00f3n a la gobernaci\u00f3n. Pero son varios aspiran a conseguir ese lugar.<\/p>\n\n\n\n<p>Marcos Calvente<strong>\u00a0<\/strong>lleg\u00f3 a la intendencia de\u00a0<strong>Guaymall\u00e9n\u00a0<\/strong>de la mano de Marcelino Iglesias y un fuerte respaldo de\u00a0<strong>Alfredo Cornejo<\/strong>. Durante la campa\u00f1a, fue uno de los candidatos que estaban al lado del gobernador y ese apoyo se acentu\u00f3 los primeros meses del a\u00f1o. Es joven, de buen porte, simp\u00e1tico, padre de familia y se muestra trabajador.\u00a0<strong>Marcos Calvente<\/strong>\u00a0mantuvo el bajo perfil durante su gesti\u00f3n como secretario de Obras, pero desde que se sum\u00f3 a la &#8220;liga de los intendentes de Cambia Mendoza&#8221;, parece ser uno de los que va a dar pelea por la gobernaci\u00f3n en 2027. Adem\u00e1s, cuenta con el respaldo de Alfredo Cornejo para levantar el perfil y posicionarse en una carrera en la que ya se encuentra lanzado -a pesar de la distancia- el capitalino\u00a0<strong>Ulpiano Suarez<\/strong>.<\/p>\n\n\n\n<p>Aunque faltan cuatro a\u00f1os y atravesar una dura crisis econ\u00f3mica, la pol\u00edtica siempre mira hacia adelante con una mano en las encuestas y otra en la gesti\u00f3n. Justamente, eso \u00faltimo es lo que pretende mostrar Calvente y desde que asumi\u00f3 recibe amplias comitivas de la Casa de Gobierno en cada evento de\u00a0<strong>Guaymall\u00e9n<\/strong>. Adem\u00e1s, se sienta siempre en\u00a0un lugar destacado en las conferencias de prensa y se ha convertido en la voz del cornejismo para apoyar al gobernador en sus decisiones. Incluso, ha nutrido su equipo de comunicaci\u00f3n con periodistas de trayectoria para ganar agenda en los medios.\u00a0<\/p>\n\n\n\n<p>Como contrapartida\u00a0el intendente de la Ciudad de Mendoza,\u00a0<strong>Ulpiano Suarez<\/strong>, ya ha hecho saber su ambici\u00f3n de llegar a sentarse alg\u00fan d\u00eda en el sill\u00f3n de San Mart\u00edn. El sobrino del exgobernador cumple su segundo mandato al frente de una de las comunas m\u00e1s deseadas. La capital del vino, la ciudad maravillosa y la anfitriona de docenas de eventos culturales, adem\u00e1s de una de las municipalidades con m\u00e1s ingresos en tasas por albergar hoteles, comercios y empresas de toda \u00edndole.\u00a0<\/p>\n\n\n\n<p>En ese contexto hay que interpretar el primer cruce abierto que se dio entre ambos, cuando Calvente sali\u00f3 a cuestionar el sentido de la oportunidad de\u00a0<strong>Ulpiano Suarez<\/strong>\u00a0para reclamar el fondo compensador que asegura le debe la provincia.<\/p>\n\n\n\n<h2 class=\"wp-block-heading\">Ley \u00f3mnibus, recorte y coparticipaci\u00f3n<\/h2>\n\n\n\n<p>En los \u00faltimos d\u00edas,&nbsp;<strong>Marcos Calvente<\/strong>&nbsp;ha sido el radical que ha alzado la voz para replicar las ideas del gobernador Alfredo Cornejo. Primero, le pidi\u00f3 al presidente Javier Milei que coparticipe el impuesto pa\u00eds. \u201cEn los \u00faltimos 8 a\u00f1os, tanto el gobierno de Mendoza como el de&nbsp;<strong>Guaymall\u00e9n&nbsp;<\/strong>han mantenido la disciplina fiscal. &nbsp;Austeridad. Un ejemplo de ello es que nuestro municipio ha contribuido recortando cerca del 25% del gasto en personal y el 40% de los cargos p\u00fablicos en aras de la austeridad y ser buenos administradores\u201d, escribi\u00f3 en su cuenta oficial de X.<\/p>\n\n\n\n<p>\u201cSin embargo, la reforma al Impuesto a las Ganancias, ha generado una merma en las transferencias autom\u00e1ticas tan significativa que pone en riesgo la continuidad de los servicios b\u00e1sicos municipales. Sr. Presidente Javier milei le solicitamos su apoyo en coparticipar el impuesto pa\u00eds\u201d, agreg\u00f3.<\/p>\n\n\n\n<p>Despu\u00e9s dispar\u00f3 contra&nbsp;<strong>Ulpiano Suarez<\/strong>&nbsp;porque el intendente de Capital pidi\u00f3 una actualizaci\u00f3n del Fondo Compensador. \u201cEntiendo el reclamo por el fondo compensador&nbsp;<strong>Ulpiano Suarez<\/strong>&nbsp;incluso entiendo la posibilidad de iniciar un juicio que la Ciudad de Mendoza seguramente se cobrar\u00e1 cuando haya terminado su mandato\u201d, sostuvo&nbsp;<strong>Marcos Calvente<\/strong>&nbsp;en su cuenta de X.<\/p>\n\n\n\n<p>\u201cPero desde&nbsp;<strong>Guaymall\u00e9n<\/strong>, el departamento de la provincia que menos recursos por habitante recibe hace d\u00e9cadas, consideramos que todos los intendentes deber\u00edamos unirnos en la lucha por los recursos que nos quit\u00f3 la Naci\u00f3n. Todos hemos perdido\u201d, a\u00f1adi\u00f3.<\/p>\n\n\n\n<h2 class=\"wp-block-heading\">Nuevo centro de actividades culturales<\/h2>\n\n\n\n<p>Hist\u00f3ricamente, la Ciudad de Mendoza era el centro de todas las actividades culturales: espect\u00e1culos en vivo, recitales al aire libre, la megadegustaci\u00f3n, la fiesta de la Ar\u00edstides, la Peatonal del Vino; m\u00e1s un sinf\u00edn de propuestas gratuitas propuestas por la comuna.&nbsp;<\/p>\n\n\n\n<p>Sin embargo este a\u00f1o,\u00a0<strong>Guaymall\u00e9n\u00a0<\/strong>gan\u00f3 la pulseada y ser\u00e1 la sede del Paseo Federal (exSemana Federal) que hist\u00f3ricamente se realiz\u00f3 en Ciudad, en un tiempo en el Parque C\u00edvico y despu\u00e9s en el Prado Espa\u00f1ol del Parque San Mart\u00edn. Es m\u00e1s, el Paseo Federal ser\u00e1 la antesala de la Bendici\u00f3n de los Frutos que tambi\u00e9n se har\u00e1 el el Predio de la Virgen.\u00a0<\/p>\n\n\n\n<p><strong>Marcos Calvente<\/strong>&nbsp;tambi\u00e9n busca posicionarse como la Capital del Espumante y sum\u00f3 \u201cBurbujas de Vendimia\u201d, al calendario de Vendimia. El evento consigui\u00f3 gran apoyo de los vecinos y del arco oficialista. A las dos noches concurrieron otros intendentes radicales y funcionarios, similar apoyo del arco oficialista provincial logr\u00f3 en la Fiesta del Camote y en la Fiesta de la Vendimia departamental, donde estuvieron la ministra de Seguridad Mercedes Rus, el secretario de Cultura de la Provincia Diego Gareca, el presidente de la C\u00e1mara de Diputados Andr\u00e9s Lombardi y el intendente de Godoy Cruz Diego Costarelli.<\/p>\n\n\n\n<h2 class=\"wp-block-heading\">Comunicaci\u00f3n y conferencias<\/h2>\n\n\n\n<p>Desde la campa\u00f1a electoral,\u00a0<strong>Marcos Calvente<\/strong>\u00a0estuvo al lado de Alfredo Cornejo. Por ejemplo, acompa\u00f1\u00f3 al por entonces candidato a gobernador en San Rafael cuando presentaron los proyectos de energ\u00eda con Jimena Latorre. Y estuvo al lado de los funcionarios provinciales para anunciar el calendario vendimial.\u00a0<\/p>\n\n\n\n<p>Una vez en la intendencia de\u00a0<strong>Guaymall\u00e9n<\/strong>, ha participado junto a funcionarios del gabinete provincial en conferencias de prensa. Para terminar de potenciar su imagen, desde que asumi\u00f3 form\u00f3 un s\u00f3lido equipo de comunicaci\u00f3n con periodistas experimentados que se encargan de comunicar todas las actividades del jefe comunal a trav\u00e9s de los canales oficiales.\u00a0<\/p>\n\n\n\n<p>FUENTE: Mdzonline.<\/p>\n","protected":false},"excerpt":{"rendered":"<p>El jefe comunal de Guaymall\u00e9n es uno de los favoritos de Alfredo Cornejo y busca posicionarse entre los dirigentes con proyecci\u00f3n a la gobernaci\u00f3n. Pero son varios aspiran a conseguir ese lugar. Marcos Calvente\u00a0lleg\u00f3 a la intendencia de\u00a0Guaymall\u00e9n\u00a0de la mano de Marcelino Iglesias y un fuerte respaldo de\u00a0Alfredo Cornejo. Durante la campa\u00f1a, fue uno de [&hellip;]<\/p>\n","protected":false},"author":2,"featured_media":5190,"comment_status":"open","ping_status":"open","sticky":true,"template":"","format":"standard","meta":[],"categories":[47],"tags":[],"_links":{"self":[{"href":"https:\/\/pasaenmendoza.com\/index.php?rest_route=\/wp\/v2\/posts\/5186"}],"collection":[{"href":"https:\/\/pasaenmendoza.com\/index.php?rest_route=\/wp\/v2\/posts"}],"about":[{"href":"https:\/\/pasaenmendoza.com\/index.php?rest_route=\/wp\/v2\/types\/post"}],"author":[{"embeddable":true,"href":"https:\/\/pasaenmendoza.com\/index.php?rest_route=\/wp\/v2\/users\/2"}],"replies":[{"embeddable":true,"href":"https:\/\/pasaenmendoza.com\/index.php?rest_route=%2Fwp%2Fv2%2Fcomments&post=5186"}],"version-history":[{"count":1,"href":"https:\/\/pasaenmendoza.com\/index.php?rest_route=\/wp\/v2\/posts\/5186\/revisions"}],"predecessor-version":[{"id":5191,"href":"https:\/\/pasaenmendoza.com\/index.php?rest_route=\/wp\/v2\/posts\/5186\/revisions\/5191"}],"wp:featuredmedia":[{"embeddable":true,"href":"https:\/\/pasaenmendoza.com\/index.php?rest_route=\/wp\/v2\/media\/5190"}],"wp:attachment":[{"href":"https:\/\/pasaenmendoza.com\/index.php?rest_route=%2Fwp%2Fv2%2Fmedia&parent=5186"}],"wp:term":[{"taxonomy":"category","embeddable":true,"href":"https:\/\/pasaenmendoza.com\/index.php?rest_route=%2Fwp%2Fv2%2Fcategories&post=5186"},{"taxonomy":"post_tag","embeddable":true,"href":"https:\/\/pasaenmendoza.com\/index.php?rest_route=%2Fwp%2Fv2%2Ftags&post=5186"}],"curies":[{"name":"wp","href":"https:\/\/api.w.org\/{rel}","templated":true}]}}