{"id":5192,"date":"2024-02-07T14:28:04","date_gmt":"2024-02-07T13:28:04","guid":{"rendered":"https:\/\/pasaenmendoza.com\/?p=5192"},"modified":"2024-02-07T14:28:06","modified_gmt":"2024-02-07T13:28:06","slug":"lourdes-arrieta-profundiza-la-interna-libertaria-en-mendoza","status":"publish","type":"post","link":"https:\/\/pasaenmendoza.com\/?p=5192","title":{"rendered":"Lourdes Arrieta profundiza la interna libertaria en Mendoza"},"content":{"rendered":"\n<p>Un militante del Partido Libertario asegur\u00f3 que le debe plata por diferentes gastos ocasionados durante la campa\u00f1a y en las primeras semanas de haber asumido. Del entorno de la diputada nacional aseguraron que est\u00e1 trabajando en la ley \u201c\u00f3mnibus\u201d.<\/p>\n\n\n\n<p>Un reclamo en las redes sociales volvi\u00f3 a poner a&nbsp;<strong>Lourdes Arrieta<\/strong>&nbsp;en el foco de una nueva interna del&nbsp;<strong>Partido Libertario<\/strong>. Una acusaci\u00f3n de un militante libertario contra la diputada nacional desenmascar\u00f3 que la comunicadora social hace \u201c<em>m\u00e1s de un mes<\/em>\u201d no responde llamadas ni mensajes, como<mark>&nbsp;tampoco realiza los aportes econ\u00f3micos que demanda la carta org\u00e1nica<\/mark>&nbsp;de la fuerza que lidera a nivel nacional el presidente Javier Milei.<\/p>\n\n\n\n<p><em>El Sol<\/em>&nbsp;intent\u00f3 comunicarse con la legisladora nacional, pero desde el entorno de Arrieta manifestaron que se encuentran trabajando en el tratamiento de la llamada&nbsp;<strong>ley&nbsp;<\/strong>\u201c<strong>\u00f3mnibus<\/strong>\u201d y que,&nbsp;<mark>una vez que finalicen las sesiones extraordinarias en el Congreso de la Naci\u00f3n, la diputada nacional por Mendoza responder\u00e1<\/mark>&nbsp;p\u00fablicamente a estos cuestionamientos.<\/p>\n\n\n\n<p>La interna libertaria se reflot\u00f3 producto de un reclamo de un afiliado al partido contra la figura de Arrieta. En la red social X (ex Twitter), un militante acusa a la legisladora nacional de que dej\u00f3 de contentarle el tel\u00e9fono a causa de una presunta deuda.<\/p>\n\n\n\n<p>\u201c<em>Arm\u00f3 un equipo de \u2018proveedores de sus necesidades\u2019 para su candidatura y para sostener sus gastos como diputada electa (previo a recibir su primer sueldo). Luego, desech\u00f3 a ese equipo y solo mantuvo a su hermano<\/em>\u201c, describi\u00f3 el usuario.<\/p>\n\n\n\n<p>\u201c<em>Se niega a reconocer al partido que la puso en la lista para no pagar aporte partidario y manda a \u2018matones\u2019 de Whatsapp para amedrentar y atacar a quienes la ayudaron<\/em>\u201c, asegur\u00f3 el militante liberal.<\/p>\n\n\n\n<p>Esta situaci\u00f3n tensa que se ventila p\u00fablicamente por las redes sociales profundiz\u00f3 el malestar que hay sobre la diputada nacional, que ya hab\u00eda sido cuestionada por faltar a su palabra con acuerdos partidarios asumidos durante la campa\u00f1a electoral.<\/p>\n\n\n\n<p>El presidente del Partido Libertario de Mendoza,<strong>&nbsp;Jos\u00e9 Caviglia<\/strong>&nbsp;sali\u00f3 al cruce de estas denuncias p\u00fablicas y sostuvo: \u201c<em>En cuanto a la labor de la Diputada no me corresponde manifestarme<\/em>. R<em>especto al intento de intimidaci\u00f3n que se desprende del chat, sostengo que los libertarios no somos manada y por ende no le tenemos miedo a nada ni a nadie<\/em>\u201d. La expresi\u00f3n no dej\u00f3 en claro para qui\u00e9n toma partido el dirigente.<\/p>\n\n\n\n<h2 class=\"wp-block-heading\" id=\"h-el-enojo-libertario\">El enojo libertario<\/h2>\n\n\n\n<p>Las diferencias entre Arrieta con la directiva del Partido Libertario comenzaron apenas asumi\u00f3 a su banca como diputada nacional. Al momento de la conformaci\u00f3n del equipo legislativo, trascendi\u00f3 que la joven comunicadora social \u201c<em>no respet\u00f3<\/em>\u201d el acuerdo que ten\u00eda con<strong>&nbsp;Gast\u00f3n Pescarmona&nbsp;<\/strong>y decidi\u00f3 que su hermano, Mart\u00edn Arrieta, fuera su jefe de despacho.<\/p>\n\n\n\n<p>Esa decisi\u00f3n provoc\u00f3 que Pescarmona y Arrieta rompieran todo tipo de v\u00ednculo y la legisladora comenzara a hacer su propio juego en el Congreso. Caviglia confes\u00f3 que \u201c<em>hace un mes que no me contesta los llamados ni los mensajes<\/em>\u201d.<\/p>\n\n\n\n<p>Esa falta de comunicaci\u00f3n y la negativa del aporte econ\u00f3mico al partido ha despertado el enojo de gran parte de los miembros libertarios.<\/p>\n\n\n\n<p>\u201c<em>La carta org\u00e1nica del partido dice que tantos sus afiliados como sus representantes tienen que realizar aportes econ\u00f3micos para la sustentabilidad del partido. En el caso de los cargos legislativos tienen que aportar un 15% y ella no lo ha hecho desde que asumi\u00f3<\/em>\u201d, explic\u00f3 Caviglia.<\/p>\n\n\n\n<p>Otro dirigente libertario manifest\u00f3 que \u201c<em>no sabemos si responde al partido o no. Est\u00e1 teniendo un incumplimiento partidario. La relaci\u00f3n es de incertidumbre, por no decir que est\u00e1 rota<\/em>\u201d.<\/p>\n\n\n\n<p>Por otro lado, aseguraron que Arrieta tambi\u00e9n ha tomado distancia de los otros diputados nacionales que llegaron por La Libertad Avanza, los dem\u00f3cratas&nbsp;<strong>Mercedes Llano&nbsp;<\/strong>y&nbsp;<strong>Facundo Correa Llano<\/strong>. Sin embargo, desde su entorno rechazaron ese trascendido.<\/p>\n\n\n\n<p>\u201c<em>Con Facundo y Mercedes tienen una excelente relaci\u00f3n y han armado un equipo de trabajo incre\u00edble. La gente que realiza esas acusaciones no tiene mucho por hacer. Ella est\u00e1 focalizada en su labor legislativa<\/em>\u201d, enfatizaron desde el entorno de Arrieta.<\/p>\n\n\n\n<p>Desde el Partido Libertario mendocino est\u00e1n a la espera que la Justicia electoral haga oficial la afiliaci\u00f3n de Arrieta al partido y, una vez que suceda esto, le enviar\u00e1n a la legisladora nacional una notificaci\u00f3n para que explique su accionar.<\/p>\n\n\n\n<p>\u201c<em>Una vez que ingrese su afiliaci\u00f3n a la Justicia electoral, la notificaremos formalmente para que tome una decisi\u00f3n. Tiene que manifestar su decisi\u00f3n para darle una respuesta a los afiliados como a los medios de comunicaci\u00f3n<\/em>\u201d, culminaron desde el Partido Libertario.<\/p>\n\n\n\n<p>FUENTE: Elsol.com.ar <\/p>\n","protected":false},"excerpt":{"rendered":"<p>Un militante del Partido Libertario asegur\u00f3 que le debe plata por diferentes gastos ocasionados durante la campa\u00f1a y en las primeras semanas de haber asumido. Del entorno de la diputada nacional aseguraron que est\u00e1 trabajando en la ley \u201c\u00f3mnibus\u201d. Un reclamo en las redes sociales volvi\u00f3 a poner a&nbsp;Lourdes Arrieta&nbsp;en el foco de una nueva [&hellip;]<\/p>\n","protected":false},"author":2,"featured_media":5195,"comment_status":"open","ping_status":"open","sticky":true,"template":"","format":"standard","meta":[],"categories":[47],"tags":[],"_links":{"self":[{"href":"https:\/\/pasaenmendoza.com\/index.php?rest_route=\/wp\/v2\/posts\/5192"}],"collection":[{"href":"https:\/\/pasaenmendoza.com\/index.php?rest_route=\/wp\/v2\/posts"}],"about":[{"href":"https:\/\/pasaenmendoza.com\/index.php?rest_route=\/wp\/v2\/types\/post"}],"author":[{"embeddable":true,"href":"https:\/\/pasaenmendoza.com\/index.php?rest_route=\/wp\/v2\/users\/2"}],"replies":[{"embeddable":true,"href":"https:\/\/pasaenmendoza.com\/index.php?rest_route=%2Fwp%2Fv2%2Fcomments&post=5192"}],"version-history":[{"count":1,"href":"https:\/\/pasaenmendoza.com\/index.php?rest_route=\/wp\/v2\/posts\/5192\/revisions"}],"predecessor-version":[{"id":5196,"href":"https:\/\/pasaenmendoza.com\/index.php?rest_route=\/wp\/v2\/posts\/5192\/revisions\/5196"}],"wp:featuredmedia":[{"embeddable":true,"href":"https:\/\/pasaenmendoza.com\/index.php?rest_route=\/wp\/v2\/media\/5195"}],"wp:attachment":[{"href":"https:\/\/pasaenmendoza.com\/index.php?rest_route=%2Fwp%2Fv2%2Fmedia&parent=5192"}],"wp:term":[{"taxonomy":"category","embeddable":true,"href":"https:\/\/pasaenmendoza.com\/index.php?rest_route=%2Fwp%2Fv2%2Fcategories&post=5192"},{"taxonomy":"post_tag","embeddable":true,"href":"https:\/\/pasaenmendoza.com\/index.php?rest_route=%2Fwp%2Fv2%2Ftags&post=5192"}],"curies":[{"name":"wp","href":"https:\/\/api.w.org\/{rel}","templated":true}]}}