{"id":5197,"date":"2024-02-07T14:31:41","date_gmt":"2024-02-07T13:31:41","guid":{"rendered":"https:\/\/pasaenmendoza.com\/?p=5197"},"modified":"2024-02-07T14:31:43","modified_gmt":"2024-02-07T13:31:43","slug":"el-gobierno-incluyo-a-cobos-en-su-lista-negra","status":"publish","type":"post","link":"https:\/\/pasaenmendoza.com\/?p=5197","title":{"rendered":"El Gobierno incluy\u00f3 a Cobos en su &#8220;lista negra&#8221;"},"content":{"rendered":"\n<p>Luego de que el oficialismo enviara nuevamente a comisiones el proyecto de<strong>\u00a0Ley \u00d3mnibus<\/strong>, ante la falta de respaldo ayer en el recinto, desde la cuenta de &#8220;X&#8221; Oficina del Presidente, el Gobierno public\u00f3 una\u00a0<strong>&#8220;lista negra&#8221; de legisladores opositores<\/strong>\u00a0que rechazaron la iniciativa &#8220;haci\u00e9ndole el juego a la casta&#8221;, en la que no incluy\u00f3 a los diputados radicales que responden al gobernador\u00a0Alfredo Cornejo, pero s\u00ed a\u00a0<strong>Julio Cobos.<\/strong><\/p>\n\n\n\n<p>Desde Presidencia se\u00f1alaron que hubo &#8220;<strong>traici\u00f3n a sus votantes&nbsp;<\/strong>por parte de todos los bloques que le dieron la espalda a sus promesas de campa\u00f1a por una Argentina distinta&#8221;, en relaci\u00f3n a una parte del PRO y la UCR que frenaron la ley. &#8220;El pueblo jam\u00e1s olvidar\u00e1 los nombres de aquellos que, pudiendo facilitar las reformas que fueron elegidas por el 56% de los argentinos,&nbsp;<strong>decidieron seguir haci\u00e9ndole el juego a la casta<\/strong>&#8220;, agregaron.<\/p>\n\n\n\n<p>Entre los integrantes de la\u00a0<strong>lista negra<\/strong>\u00a0que arm\u00f3 el equipo de Milei se destacan el exgobernador\u00a0<strong>Julio Cobos<\/strong>;\u00a0<strong>Nicol\u00e1s Massot\u00a0<\/strong>(PRO), los radicales\u00a0<strong>Mart\u00edn Tetaz, Mario Barletta y Facundo Manes<\/strong>;\u00a0<strong>Carolina P\u00edparo<\/strong>\u00a0(quien iba a ser titular de Anses de este gobierno) y\u00a0<strong>Florencio Randazzo<\/strong>, aliado del peronismo cordob\u00e9s que forma parte del gabinete nacional, entre otros tantos.<\/p>\n\n\n\n<p>En cambio, hacen una<strong>\u00a0consideraci\u00f3n positiva<\/strong>\u00a0de otros dirigentes del PRO y de la UCR que s\u00ed tuvieron &#8220;compromiso legislativo&#8221;. En este punto, indicaron: &#8220;La Oficina del Presidente agradece el compromiso legislativo del bloque Frente PRO, encabezado por Cristian Ritondo, del diputado Miguel \u00c1ngel Pichetto, y del sector de la UCR que acompa\u00f1\u00f3 el proyecto, as\u00ed como a todos los diputados que este martes votaron a favor en particular de la Ley de Bases y Puntos de Partida para la Libertad de los Argentinos&#8221;.<\/p>\n\n\n\n<p>En esta \u00faltima lista s\u00ed aparecen los mendocinos que responden al gobernador Cornejo:\u00a0<strong>Lisandro Nieri<\/strong>\u00a0y\u00a0<strong>Pamela Verasay<\/strong>. De la misma forma, mencionaron a los tres diputados de la Libertad Avanza por Mendoza:\u00a0<strong>Mercedes Llano, Facundo Correa Llano y Lourdes Arrieta<\/strong>. Y al demarchista\u00a0<strong>\u00c1lvaro Mart\u00ednez<\/strong>. A los legisladores de Uni\u00f3n por la Patria no se los incluye, ya que el objetivo de presidencia era destacar, seg\u00fan su criterio, en qu\u00e9 lado de la grieta se ubicaron los de Juntos por el Cambio y otros bloques m\u00e1s peque\u00f1os.<\/p>\n\n\n\n<p>Previamente, el mendocino Alfredo Cornejo y el resto de integrantes de la &#8220;<strong>liga de gobernadores<\/strong>&#8221; de Juntos por el Cambio destacaron que desde el comienzo hab\u00edan acompa\u00f1ado el tratamiento de la Ley \u00d3mnibus y que &#8220;<strong>no se nos puede responsabilizar por lo sucedido<\/strong>&#8220;. &#8220;Desde el inicio, se busc\u00f3 garantizar la aprobaci\u00f3n. Es momento de avanzar en las discusiones que los argentinos necesitan que saldemos&#8221;, agreg\u00f3 el gobernador Cornejo.<\/p>\n\n\n\n<p>FUENTE: Mendozapost.<\/p>\n","protected":false},"excerpt":{"rendered":"<p>Luego de que el oficialismo enviara nuevamente a comisiones el proyecto de\u00a0Ley \u00d3mnibus, ante la falta de respaldo ayer en el recinto, desde la cuenta de &#8220;X&#8221; Oficina del Presidente, el Gobierno public\u00f3 una\u00a0&#8220;lista negra&#8221; de legisladores opositores\u00a0que rechazaron la iniciativa &#8220;haci\u00e9ndole el juego a la casta&#8221;, en la que no incluy\u00f3 a los diputados [&hellip;]<\/p>\n","protected":false},"author":2,"featured_media":5198,"comment_status":"open","ping_status":"open","sticky":true,"template":"","format":"standard","meta":[],"categories":[47],"tags":[],"_links":{"self":[{"href":"https:\/\/pasaenmendoza.com\/index.php?rest_route=\/wp\/v2\/posts\/5197"}],"collection":[{"href":"https:\/\/pasaenmendoza.com\/index.php?rest_route=\/wp\/v2\/posts"}],"about":[{"href":"https:\/\/pasaenmendoza.com\/index.php?rest_route=\/wp\/v2\/types\/post"}],"author":[{"embeddable":true,"href":"https:\/\/pasaenmendoza.com\/index.php?rest_route=\/wp\/v2\/users\/2"}],"replies":[{"embeddable":true,"href":"https:\/\/pasaenmendoza.com\/index.php?rest_route=%2Fwp%2Fv2%2Fcomments&post=5197"}],"version-history":[{"count":1,"href":"https:\/\/pasaenmendoza.com\/index.php?rest_route=\/wp\/v2\/posts\/5197\/revisions"}],"predecessor-version":[{"id":5199,"href":"https:\/\/pasaenmendoza.com\/index.php?rest_route=\/wp\/v2\/posts\/5197\/revisions\/5199"}],"wp:featuredmedia":[{"embeddable":true,"href":"https:\/\/pasaenmendoza.com\/index.php?rest_route=\/wp\/v2\/media\/5198"}],"wp:attachment":[{"href":"https:\/\/pasaenmendoza.com\/index.php?rest_route=%2Fwp%2Fv2%2Fmedia&parent=5197"}],"wp:term":[{"taxonomy":"category","embeddable":true,"href":"https:\/\/pasaenmendoza.com\/index.php?rest_route=%2Fwp%2Fv2%2Fcategories&post=5197"},{"taxonomy":"post_tag","embeddable":true,"href":"https:\/\/pasaenmendoza.com\/index.php?rest_route=%2Fwp%2Fv2%2Ftags&post=5197"}],"curies":[{"name":"wp","href":"https:\/\/api.w.org\/{rel}","templated":true}]}}