{"id":5200,"date":"2024-02-07T14:38:42","date_gmt":"2024-02-07T13:38:42","guid":{"rendered":"https:\/\/pasaenmendoza.com\/?p=5200"},"modified":"2024-02-07T14:38:44","modified_gmt":"2024-02-07T13:38:44","slug":"desde-cambia-mendoza-criticaron-a-de-marchi-por-el-fracaso-de-la-ley-omnibus-imperdonable","status":"publish","type":"post","link":"https:\/\/pasaenmendoza.com\/?p=5200","title":{"rendered":"Desde Cambia Mendoza criticaron a De Marchi por el fracaso de la Ley \u00d3mnibus: &#8220;Imperdonable&#8221;"},"content":{"rendered":"\n<p>El diputado Enrique Thomas, de Cambia Mendoza, dijo que debi\u00f3 estar al tanto de que no hab\u00eda acuerdo. C\u00f3mo seguir\u00e1 el di\u00e1logo luego de que a legisladores de la UCR los tildaran de &#8220;traidores&#8221;<\/p>\n\n\n\n<p>Con\u00a0el fracaso de la<strong>\u00a0Ley \u00d3mnibus\u00a0<\/strong>tras su vuelta a comisiones, a quien le llegaron\u00a0<strong>cr\u00edticas\u00a0<\/strong>fue al mendocino\u00a0<strong>Omar De Marchi<\/strong>, secretario de\u00a0<strong>Relaciones Parlamentarias\u00a0<\/strong>de la Jefatura de Gabinete, y por lo tanto parte de la malograda vinculaci\u00f3n entre el oficialismo y el resto del Congreso. Desde Cambia Mendoza, su exaliado\u00a0<strong>Enrique Thomas<\/strong>\u00a0pr\u00e1cticamente lo tild\u00f3 de inoperante y habl\u00f3 de \u201cbochorno imperdonable\u201d tras lo ocurrido.<\/p>\n\n\n\n<p><strong>\u201cLo digo desde mi experiencia. Cumpl\u00ed ese rol en el Ministerio de Seguridad<\/strong>&nbsp;y tuvimos por delante 12 proyectos de ley importantes para el \u00e1rea. Yo era el encargado de vinculaci\u00f3n\u201d, contest\u00f3 a&nbsp;<strong>Diario UNO el propio Thomas<\/strong>, que antes fue cercano al lujanino en el PRO y ahora est\u00e1 en la vereda de enfrente, alineado junto a la UCR en Cambia Mendoza.<\/p>\n\n\n\n<p>Sus dichos apuntan a que el excandidato a gobernador tuvo una gran injerencia en la ca\u00edda del proyecto, que luego de cinco jornadas de debate,\u00a0<strong>volvi\u00f3 a comisiones<\/strong>\u00a0sin haberse podido tratar. Esa\u00a0<strong>derrota pol\u00edtica<\/strong>\u00a0enardeci\u00f3 a buena parte de<strong>\u00a0La Libertad Avanza e incluso desde la Oficina de Presidencia\u00a0<\/strong>se publicaron tuits se\u00f1alando con el dedo a \u201clos que votaron en contra del pueblo\u201d.\u00a0<strong>Ah\u00ed el mile\u00edsmo (o el propio Milei) se\u00f1al\u00f3 entre los supuestos traidores a Julio Cobos.<\/strong><\/p>\n\n\n\n<p><strong>\u201cEl \u00e1rea es clave para la Jefatura de Gabinete.<\/strong>&nbsp;O no le dan la importancia que tiene que tener, o De Marchi ten\u00eda todo para evitar el bochorno de ayer\u201d, ampli\u00f3 el diputado provincial.<\/p>\n\n\n\n<p>\u201cOjo, tambi\u00e9n puede ser que legisladores que te dicen que s\u00ed, que van a apoyar,&nbsp;<strong>finalmente cambian por decisiones de \u00faltimo momento o de un legislador mismo\u201d,<\/strong>&nbsp;matiz\u00f3.<\/p>\n\n\n\n<p>El asunto es que uno de los proyectos\u00a0<strong>m\u00e1s voluminosos de los \u00faltimos a\u00f1os, en un contexto de crisis econ\u00f3mica extrema<\/strong>; con un parlamento en el que la primera mayor\u00eda est\u00e1 en contra de la ley y con un oficialismo que se encarg\u00f3 de<strong>\u00a0descalificar a gobernadores y legisladores en algunos momentos,\u00a0<\/strong>realmente abre interrogantes respecto a si,\u00a0<strong>cuando el di\u00e1logo fracasa, se le puede endilgar a una sola persona<\/strong>\u00a0esa ca\u00edda.<\/p>\n\n\n\n<p><strong>\u201cEstas cosas no pasan sin que tengas la informaci\u00f3n previa de que la cosa no est\u00e1 bien\u201d,&nbsp;<\/strong>remarc\u00f3 Thomas.<\/p>\n\n\n\n<p>Desde el entorno de\u00a0<strong>De Marchi<\/strong>\u00a0no contestaron puntualmente a las cr\u00edticas, pero s\u00ed le apuntaron directamente a Thomas:\u00a0<strong>\u201cDespu\u00e9s de viejo se transform\u00f3 en un cachiche de Cornejo\u201d<\/strong>, dijeron sobre el diputado provincial.<\/p>\n\n\n\n<h2 class=\"wp-block-heading\">Qu\u00e9 pasar\u00e1 ahora que se cay\u00f3 el tratamiento<\/h2>\n\n\n\n<p>\u201c<strong>Ahora vendr\u00e1 la reacci\u00f3n del Gobierno contra las provincias y una reestructuraci\u00f3n de bloques en \u2018amigo\u2019, \u2018no amigo\u2019 y \u2018medio amigo\u2019\u201d<\/strong>, analiz\u00f3 Thomas respecto al devenir de las relaciones en el Congreso y en la pol\u00edtica en general, sobre todo atendiendo a que la reacci\u00f3n del oficialismo fue de enojo y de marcar hasta en las redes sociales cu\u00e1les fueron \u2013uno por uno- los diputados que para ellos les hab\u00edan jugado en contra.<strong><\/strong><\/p>\n\n\n\n<p><strong>El enojo no fue s\u00f3lo por c\u00f3mo votaron (por eso excluyeron al peronismo), sino porque pensaban que les iban a jugar a favor y pas\u00f3 lo contrario.<\/strong><\/p>\n\n\n\n<p>Concretamente, La Libertad Avanza pidi\u00f3 una moci\u00f3n para que el proyecto fuese directo a comisiones nuevamente y que todo lo ya tratado<strong>\u00a0quedara en la nada<\/strong>. Pas\u00f3 cerca de las 19:20 de este martes y fue solicitado por el diputado oficialista<strong>\u00a0Gabriel Bornoroni.<\/strong>\u00a0Antes, hab\u00eda visto con sus propios ojos al menos\u00a0<strong>7 tableros electr\u00f3nicos que marcaban rechazos\u00a0<\/strong>a los designios del Presidente.<\/p>\n\n\n\n<p><strong>Esas negativas fueron a art\u00edculos completos o a incisos de la propuesta oficialista;&nbsp;<\/strong>lo cual en la pr\u00e1ctica puede ser lo mismo o hasta&nbsp;<strong>peor<\/strong>. En el que se refer\u00eda a la Reforma Administrativa del Estado, por ejemplo, s\u00f3lo aprobaron uno de siete incisos, dejando en rojo a los que, seg\u00fan el bloque libertario, eran los m\u00e1s importantes. S\u00f3lo se modificaron estatutos para cambiar la carrera de quienes trabajen en la administraci\u00f3n estatal.<strong>&nbsp;Nada de fondo, si se toma en cuenta la idea original.<\/strong><\/p>\n\n\n\n<p>Ahora la ley no s\u00f3lo que hab\u00eda logrado durante el tratamiento de esos primeros seis art\u00edculos -ah\u00ed fue cuando se empez\u00f3 a descascarar la sesi\u00f3n y se pidi\u00f3 un cuarto intermedio-. Tampoco es que<strong>&nbsp;se retrotrae a lo ya votado y aprobado con media sanci\u00f3n en general.<\/strong>&nbsp;Por el contrario, lo que aterrizar\u00e1 en comisiones<strong>&nbsp;ser\u00e1 el mismo proyecto que Milei envi\u00f3 en diciembre<\/strong>&nbsp;al Congreso, a menos que en el camino el oficialismo agilice y decida recortar asuntos ya acordados. Debe recordarse que el prototipo&nbsp;<strong>perdi\u00f3 m\u00e1s de 300 apartados en el camino<\/strong>.<\/p>\n\n\n\n<p><strong>\u201cHubo personas que no cumplieron\u201d, se quej\u00f3 el titular del bloque del \u201cLe\u00f3n\u201d, Oscar Zago&nbsp;<\/strong>ante la prensa.<\/p>\n\n\n\n<p>La oposici\u00f3n fue m\u00e1s tajante en su s\u00edntesis de lo ocurrido:<strong>\u00a0\u201cFalt\u00f3 experiencia\u201d,<\/strong>\u00a0recrimin\u00f3 el hombre de Hacemos Coalici\u00f3n Federal,\u00a0<strong>Juan Manuel L\u00f3pez.<\/strong><\/p>\n\n\n\n<p>FUENTE: Diariouno.com.ar <\/p>\n","protected":false},"excerpt":{"rendered":"<p>El diputado Enrique Thomas, de Cambia Mendoza, dijo que debi\u00f3 estar al tanto de que no hab\u00eda acuerdo. C\u00f3mo seguir\u00e1 el di\u00e1logo luego de que a legisladores de la UCR los tildaran de &#8220;traidores&#8221; Con\u00a0el fracaso de la\u00a0Ley \u00d3mnibus\u00a0tras su vuelta a comisiones, a quien le llegaron\u00a0cr\u00edticas\u00a0fue al mendocino\u00a0Omar De Marchi, secretario de\u00a0Relaciones Parlamentarias\u00a0de la [&hellip;]<\/p>\n","protected":false},"author":2,"featured_media":5202,"comment_status":"open","ping_status":"open","sticky":true,"template":"","format":"standard","meta":[],"categories":[47],"tags":[],"_links":{"self":[{"href":"https:\/\/pasaenmendoza.com\/index.php?rest_route=\/wp\/v2\/posts\/5200"}],"collection":[{"href":"https:\/\/pasaenmendoza.com\/index.php?rest_route=\/wp\/v2\/posts"}],"about":[{"href":"https:\/\/pasaenmendoza.com\/index.php?rest_route=\/wp\/v2\/types\/post"}],"author":[{"embeddable":true,"href":"https:\/\/pasaenmendoza.com\/index.php?rest_route=\/wp\/v2\/users\/2"}],"replies":[{"embeddable":true,"href":"https:\/\/pasaenmendoza.com\/index.php?rest_route=%2Fwp%2Fv2%2Fcomments&post=5200"}],"version-history":[{"count":1,"href":"https:\/\/pasaenmendoza.com\/index.php?rest_route=\/wp\/v2\/posts\/5200\/revisions"}],"predecessor-version":[{"id":5204,"href":"https:\/\/pasaenmendoza.com\/index.php?rest_route=\/wp\/v2\/posts\/5200\/revisions\/5204"}],"wp:featuredmedia":[{"embeddable":true,"href":"https:\/\/pasaenmendoza.com\/index.php?rest_route=\/wp\/v2\/media\/5202"}],"wp:attachment":[{"href":"https:\/\/pasaenmendoza.com\/index.php?rest_route=%2Fwp%2Fv2%2Fmedia&parent=5200"}],"wp:term":[{"taxonomy":"category","embeddable":true,"href":"https:\/\/pasaenmendoza.com\/index.php?rest_route=%2Fwp%2Fv2%2Fcategories&post=5200"},{"taxonomy":"post_tag","embeddable":true,"href":"https:\/\/pasaenmendoza.com\/index.php?rest_route=%2Fwp%2Fv2%2Ftags&post=5200"}],"curies":[{"name":"wp","href":"https:\/\/api.w.org\/{rel}","templated":true}]}}