{"id":5201,"date":"2024-02-07T14:39:55","date_gmt":"2024-02-07T13:39:55","guid":{"rendered":"https:\/\/pasaenmendoza.com\/?p=5201"},"modified":"2024-02-07T14:39:56","modified_gmt":"2024-02-07T13:39:56","slug":"el-presunto-femicida-de-malen-ledesma-googleo-como-asesinarla-mientras-estaba-con-ella","status":"publish","type":"post","link":"https:\/\/pasaenmendoza.com\/?p=5201","title":{"rendered":"El presunto femicida de Mal\u00e9n Ledesma google\u00f3 como asesinarla mientras estaba con ella"},"content":{"rendered":"\n<p>Finalmente ocurri\u00f3 lo esperado y este martes una jueza orden\u00f3 que<strong>\u00a0Iv\u00e1n Gabriel Ju\u00e1rez (24)<\/strong>\u00a0contin\u00fae alojado en la c\u00e1rcel en el marco de la investigaci\u00f3n por el\u00a0<strong>femicidio de Mal\u00e9n Ledesma<\/strong>, la joven estudiante de 24 a\u00f1os que fue apu\u00f1alada en<strong>\u00a0Luj\u00e1n de Cuyo\u00a0<\/strong>hace casi dos meses. Nuevas pruebas complican al sospechoso que fue atrapado minutos despu\u00e9s del hecho de sangre.<\/p>\n\n\n\n<p>En la ma\u00f1ana de hoy se desarroll\u00f3 una audiencia pedida por la fiscal de Homicidios Andrea Lazo quien enumer\u00f3 todas las evidencias contra el sospechoso y por lo cual&nbsp;<strong>pidi\u00f3 la prisi\u00f3n preventiva.&nbsp;<\/strong>La magistrada tuvo en cuenta principalmente que&nbsp;<strong>testigos observaron el momento en que comenz\u00f3 a escapar en su camioneta tras haber apu\u00f1alado a la v\u00edctima en la zona de Blanco Encalada y que se desarroll\u00f3 una persecuci\u00f3n policial que finaliz\u00f3 en Chacras de Coria.<\/strong><\/p>\n\n\n\n<p>Al haber haber sido atrapado pr\u00e1cticamente infraganti, se especulaba con que<strong>\u00a0la defensa del sospechoso apuntara a un hecho de emoci\u00f3n violenta<\/strong>, sobre todo teniendo en cuenta que cuando fue detenido el joven dijo que no sab\u00eda que hab\u00eda pasado. Sin embargo, la Fiscal\u00eda puso sobre la mesa una prueba que dilapid\u00f3 esa teor\u00eda.<\/p>\n\n\n\n<p>En la audiencia, la magistrada inform\u00f3 que\u00a0<strong>en el tel\u00e9fono celular del sospechoso encontraron una serie de b\u00fasquedas que realiz\u00f3 en Google al mismo tiempo que se encontraba con Mal\u00e9n Ledesma. Entre las 14.30 y las 19.50 del d\u00eda del hecho se buscaron textos e im\u00e1genes con las palabras &#8220;aorta&#8221;, &#8220;arteria&#8221; y &#8220;cuello&#8221;, entre otras. A las 20.15 fue que la joven recibi\u00f3 tres pu\u00f1aladas justamente en esa parte del cuerpo.<\/strong><\/p>\n\n\n\n<p>Con este tendal de pruebas, la jueza Dolores Ram\u00f3n dict\u00f3 la prisi\u00f3n preventiva de Iv\u00e1n Ju\u00e1rez quien seguir\u00e1 detenido y est\u00e1 cada vez m\u00e1s cerca de enfrentar un juicio donde podr\u00eda ser condenado a prisi\u00f3n perpetua por homicidio agravado por mediar violencia de g\u00e9nero.<\/p>\n\n\n\n<p><strong>Femicidio en Luj\u00e1n de Cuyo<\/strong><\/p>\n\n\n\n<p>El viernes 8 de diciembre pasado,\u00a0<strong>Mal\u00e9n Ledesma se fue a pasar el d\u00eda a la monta\u00f1a junto a su amigo Iv\u00e1n Ju\u00e1rez.\u00a0<\/strong>La reconstrucci\u00f3n apunt\u00f3 que no ten\u00edan una relaci\u00f3n de pareja y que incluso la joven estaba de novia con un arquitecto con el cual ten\u00edan planeando irse a vivir a Europa en los pr\u00f3ximos meses.<\/p>\n\n\n\n<p>Seg\u00fan sostiene la investigaci\u00f3n, ambos regresaban en una camioneta Toyota Hilux cuando el sospechoso se detuvo en el kil\u00f3metro 31 de la ruta 82, en la zona de Blanco Encalada, minutos antes de las 21. En ese momento&nbsp;<strong>le propin\u00f3 cuatro pu\u00f1aladas en el cuello a la v\u00edctima, se subi\u00f3 al rodado y comenz\u00f3 a huir. Testigos que vieron lo ocurrido -en un principio creyeron que la hab\u00eda atropellado- llamaron al 911 y comenz\u00f3 una persecuci\u00f3n policial que termin\u00f3 en el coraz\u00f3n de Chacras de Coria.<\/strong><\/p>\n\n\n\n<p>Una de las hip\u00f3tesis del hecho sostiene que el agresor\u00a0<strong>habr\u00eda declarado su amor a su amiga y tras recibir una respuesta negativa fue que tom\u00f3 la brutal decisi\u00f3n.<\/strong><\/p>\n\n\n\n<p><strong>Fuente: www.diariouno.com.ar<\/strong><\/p>\n","protected":false},"excerpt":{"rendered":"<p>Finalmente ocurri\u00f3 lo esperado y este martes una jueza orden\u00f3 que\u00a0Iv\u00e1n Gabriel Ju\u00e1rez (24)\u00a0contin\u00fae alojado en la c\u00e1rcel en el marco de la investigaci\u00f3n por el\u00a0femicidio de Mal\u00e9n Ledesma, la joven estudiante de 24 a\u00f1os que fue apu\u00f1alada en\u00a0Luj\u00e1n de Cuyo\u00a0hace casi dos meses. Nuevas pruebas complican al sospechoso que fue atrapado minutos despu\u00e9s del [&hellip;]<\/p>\n","protected":false},"author":2,"featured_media":5205,"comment_status":"open","ping_status":"open","sticky":false,"template":"","format":"standard","meta":[],"categories":[48],"tags":[],"_links":{"self":[{"href":"https:\/\/pasaenmendoza.com\/index.php?rest_route=\/wp\/v2\/posts\/5201"}],"collection":[{"href":"https:\/\/pasaenmendoza.com\/index.php?rest_route=\/wp\/v2\/posts"}],"about":[{"href":"https:\/\/pasaenmendoza.com\/index.php?rest_route=\/wp\/v2\/types\/post"}],"author":[{"embeddable":true,"href":"https:\/\/pasaenmendoza.com\/index.php?rest_route=\/wp\/v2\/users\/2"}],"replies":[{"embeddable":true,"href":"https:\/\/pasaenmendoza.com\/index.php?rest_route=%2Fwp%2Fv2%2Fcomments&post=5201"}],"version-history":[{"count":1,"href":"https:\/\/pasaenmendoza.com\/index.php?rest_route=\/wp\/v2\/posts\/5201\/revisions"}],"predecessor-version":[{"id":5206,"href":"https:\/\/pasaenmendoza.com\/index.php?rest_route=\/wp\/v2\/posts\/5201\/revisions\/5206"}],"wp:featuredmedia":[{"embeddable":true,"href":"https:\/\/pasaenmendoza.com\/index.php?rest_route=\/wp\/v2\/media\/5205"}],"wp:attachment":[{"href":"https:\/\/pasaenmendoza.com\/index.php?rest_route=%2Fwp%2Fv2%2Fmedia&parent=5201"}],"wp:term":[{"taxonomy":"category","embeddable":true,"href":"https:\/\/pasaenmendoza.com\/index.php?rest_route=%2Fwp%2Fv2%2Fcategories&post=5201"},{"taxonomy":"post_tag","embeddable":true,"href":"https:\/\/pasaenmendoza.com\/index.php?rest_route=%2Fwp%2Fv2%2Ftags&post=5201"}],"curies":[{"name":"wp","href":"https:\/\/api.w.org\/{rel}","templated":true}]}}