{"id":5207,"date":"2024-02-07T14:44:23","date_gmt":"2024-02-07T13:44:23","guid":{"rendered":"https:\/\/pasaenmendoza.com\/?p=5207"},"modified":"2024-02-07T14:44:25","modified_gmt":"2024-02-07T13:44:25","slug":"la-vuelta-de-mendoza-ya-tiene-su-dia-y-hora-de-largada-para-la-edicion-numero-48","status":"publish","type":"post","link":"https:\/\/pasaenmendoza.com\/?p=5207","title":{"rendered":"La Vuelta de Mendoza ya tiene su d\u00eda y hora de largada para la edici\u00f3n n\u00famero 48"},"content":{"rendered":"\n<p>Desde la\u00a0<strong>Asociaci\u00f3n Ciclista Mendocina<\/strong>\u00a0anunci\u00f3 la realizaci\u00f3n de la edici\u00f3n n\u00famero 48\u00b0 de la<strong>\u00a0Vuelta de Mendoza<\/strong>, que se disputar\u00e1 entre el\u00a0<strong>17 y el 25 de febrero<\/strong>\u00a0por la geograf\u00eda de nuestro territorio, con el apoyo del Gobierno Provincial. La principal competencia del ciclismo mendocino constar\u00e1 de ocho etapas y un pr\u00f3logo.<\/p>\n\n\n\n<p>La tradicional prueba\u00a0<strong>Vuelta de Mendoza<\/strong>\u00a0iniciar\u00e1 el s\u00e1bado 17 en el Parque Benegas, de Godoy Cruz. All\u00ed se realizar\u00e1 la presentaci\u00f3n por equipos y luego las ruedas comenzar\u00e1n a girar en el circuito del\u00a0Pr\u00f3logo, inicialmente con las tandas clasificatorias y luego con la gran final, donde se conocer\u00e1 al primer l\u00edder general. La s\u00e9ptima etapa, la m\u00e1s atractiva, tendr\u00e1 su llegada en el\u00a0<strong>Cristo Redentor<\/strong>, a m\u00e1s de 3.800 metros de altura sobre el nivel del mar.<\/p>\n\n\n\n<p>La competencia recorrer\u00e1 luego casi la totalidad de la provincia, donde se alternan llanos, desiertos y monta\u00f1as. La denominada&nbsp;<em>Etapa Reina<\/em>&nbsp;se celebrar\u00e1 el s\u00e1bado 24 en los extenuantes 92 kil\u00f3metros que separan Uspallata de la cima del Cristo Redentor de Los Andes, a m\u00e1s de 3800 metros de altura.<\/p>\n\n\n\n<p>Un d\u00eda m\u00e1s tarde, la 48\u00b0 Vuelta de Mendoza consagrar\u00e1 a su campe\u00f3n en Godoy Cruz, tras la jornada final que tendr\u00e1 largada en Guaymall\u00e9n y luego se trasladar\u00e1 al circuito panor\u00e1mico del Corredor Oeste.<\/p>\n\n\n\n<h2 class=\"wp-block-heading\">Las etapas de la Vuelta de Mendoza 2024<\/h2>\n\n\n\n<ul>\n<li><strong>Presentaci\u00f3n y Pr\u00f3logo<\/strong>: S\u00e1bado 17, a las 18, Parque San Vicente, Godoy Cruz<\/li>\n\n\n\n<li><strong>Etapa 1<\/strong>: Domingo 18, a las 15: La Dormida &#8211; Santa Rosa &#8211; La Paz<\/li>\n\n\n\n<li><strong>Etapa 2<\/strong>: Lunes 19, a las 15: San Rafael &#8211; General Alvear &#8211; San Rafael<strong><br>Etapa 3<\/strong>: Martes 20, a las 15: San Carlos &#8211; Tupungato &#8211; Tunuy\u00e1n &#8211; Manzano Hist\u00f3rico<\/li>\n\n\n\n<li><strong>Etapa 4<\/strong>: Mi\u00e9rcoles 21, a las 15: Caf\u00e9 Manque &#8211; Luj\u00e1n- Potrerillos &#8211; Maip\u00fa<\/li>\n\n\n\n<li><strong>Etapa 5<\/strong>: Jueves 22, a las 15: Campo Hist\u00f3rico &#8211; Las Heras &#8211; Villavicencio<\/li>\n\n\n\n<li><strong>Etapa 6<\/strong>: Viernes 23, a las 15: Lavalle &#8211; San Martin &#8211; Jun\u00edn<\/li>\n\n\n\n<li><strong>Etapa 7<\/strong>: S\u00e1bado 24, a las 9: Uspallata &#8211; Cristo Redentor<\/li>\n\n\n\n<li><strong>Etapa 8<\/strong>: Domingo 25, a las 16: Guaymall\u00e9n &#8211; Godoy Cruz (Corredor del Oeste)<\/li>\n<\/ul>\n\n\n\n<p><strong>Fuente: www.diariouno.com.ar<\/strong><\/p>\n","protected":false},"excerpt":{"rendered":"<p>Desde la\u00a0Asociaci\u00f3n Ciclista Mendocina\u00a0anunci\u00f3 la realizaci\u00f3n de la edici\u00f3n n\u00famero 48\u00b0 de la\u00a0Vuelta de Mendoza, que se disputar\u00e1 entre el\u00a017 y el 25 de febrero\u00a0por la geograf\u00eda de nuestro territorio, con el apoyo del Gobierno Provincial. La principal competencia del ciclismo mendocino constar\u00e1 de ocho etapas y un pr\u00f3logo. La tradicional prueba\u00a0Vuelta de Mendoza\u00a0iniciar\u00e1 el [&hellip;]<\/p>\n","protected":false},"author":2,"featured_media":5208,"comment_status":"open","ping_status":"open","sticky":false,"template":"","format":"standard","meta":[],"categories":[81],"tags":[],"_links":{"self":[{"href":"https:\/\/pasaenmendoza.com\/index.php?rest_route=\/wp\/v2\/posts\/5207"}],"collection":[{"href":"https:\/\/pasaenmendoza.com\/index.php?rest_route=\/wp\/v2\/posts"}],"about":[{"href":"https:\/\/pasaenmendoza.com\/index.php?rest_route=\/wp\/v2\/types\/post"}],"author":[{"embeddable":true,"href":"https:\/\/pasaenmendoza.com\/index.php?rest_route=\/wp\/v2\/users\/2"}],"replies":[{"embeddable":true,"href":"https:\/\/pasaenmendoza.com\/index.php?rest_route=%2Fwp%2Fv2%2Fcomments&post=5207"}],"version-history":[{"count":1,"href":"https:\/\/pasaenmendoza.com\/index.php?rest_route=\/wp\/v2\/posts\/5207\/revisions"}],"predecessor-version":[{"id":5209,"href":"https:\/\/pasaenmendoza.com\/index.php?rest_route=\/wp\/v2\/posts\/5207\/revisions\/5209"}],"wp:featuredmedia":[{"embeddable":true,"href":"https:\/\/pasaenmendoza.com\/index.php?rest_route=\/wp\/v2\/media\/5208"}],"wp:attachment":[{"href":"https:\/\/pasaenmendoza.com\/index.php?rest_route=%2Fwp%2Fv2%2Fmedia&parent=5207"}],"wp:term":[{"taxonomy":"category","embeddable":true,"href":"https:\/\/pasaenmendoza.com\/index.php?rest_route=%2Fwp%2Fv2%2Fcategories&post=5207"},{"taxonomy":"post_tag","embeddable":true,"href":"https:\/\/pasaenmendoza.com\/index.php?rest_route=%2Fwp%2Fv2%2Ftags&post=5207"}],"curies":[{"name":"wp","href":"https:\/\/api.w.org\/{rel}","templated":true}]}}