{"id":522,"date":"2023-08-08T23:05:21","date_gmt":"2023-08-08T21:05:21","guid":{"rendered":"https:\/\/pasaenmendoza.com\/?p=522"},"modified":"2023-08-08T23:05:22","modified_gmt":"2023-08-08T21:05:22","slug":"mendoza-busca-personal-para-trabajar-en-areas-protegidas-de-recursos-naturales","status":"publish","type":"post","link":"https:\/\/pasaenmendoza.com\/?p=522","title":{"rendered":"Mendoza busca personal para trabajar en \u00e1reas protegidas de Recursos Naturales"},"content":{"rendered":"\n<p>La Direcci\u00f3n de\u00a0<strong>Recursos Naturales Renovables<\/strong>, dependiente de la Secretar\u00eda de Ambiente del Gobierno de Mendoza, lanz\u00f3 la\u00a0<strong>Convocatoria de Personal Temporario para la temporada 2023\/2024 para desempe\u00f1arse en \u00c1reas Naturales Protegidas<\/strong>, Plan Provincial de Manejo del Fuego y Divisi\u00f3n N\u00e1utica.<\/p>\n\n\n\n<p>Para ello, se utilizar\u00e1 el mismo sistema de postulaci\u00f3n de las temporadas anteriores, a trav\u00e9s de&nbsp;<strong>formularios online que permitir\u00e1n la apertura en el proceso de preselecci\u00f3n de personal<\/strong>, focaliz\u00e1ndose en la idoneidad del aspirante.<\/p>\n\n\n\n<h2 class=\"wp-block-heading\"><strong>D\u00f3nde inscribirse<\/strong><\/h2>\n\n\n\n<p>Los aspirantes deber\u00e1n completar y enviar el formulario en l\u00ednea,\u00a0hasta el\u00a0<strong>18 de agosto\u00a0<\/strong>del corriente, a las 23.59. Se informar\u00e1 a los postulantes por<strong>\u00a0correo electr\u00f3nico<\/strong>\u00a0qui\u00e9nes fueron preseleccionados y se les indicar\u00e1n los pasos a seguir para la validaci\u00f3n de los datos ingresados y las entrevistas posteriores, explicaron desde Ambiente.<\/p>\n\n\n\n<h2 class=\"wp-block-heading\">C\u00f3mo se completa el formulario<\/h2>\n\n\n\n<p>En dicho formulario hay que completar:<\/p>\n\n\n\n<ul>\n<li>datos personales<\/li>\n\n\n\n<li>consignar formaci\u00f3n acad\u00e9mica<\/li>\n\n\n\n<li>idiomas<\/li>\n<\/ul>\n\n\n\n<p>Tambi\u00e9n hay que consignar<strong>&nbsp;capacitaciones espec\u00edficas<\/strong>&nbsp;en cursos como:<\/p>\n\n\n\n<ul>\n<li>primeros auxilios<\/li>\n\n\n\n<li>medicina de monta\u00f1a<\/li>\n\n\n\n<li>inspector ad honorem de la Direcci\u00f3n de Recursos Naturales Renovables<\/li>\n\n\n\n<li>manejo del fuego<\/li>\n\n\n\n<li>conocimientos en mantenimientos de infraestructura<\/li>\n\n\n\n<li>manejo de herramientas<\/li>\n\n\n\n<li>manejo de instrumental t\u00e9cnico<\/li>\n\n\n\n<li>manejo de veh\u00edculos<\/li>\n<\/ul>\n\n\n\n<p>Estos aspectos\u00a0<strong>no ser\u00e1n excluyentes<\/strong>\u00a0pero permitir\u00e1n generar un listado ordenado en donde se tendr\u00e1 en cuenta, entre otros puntos, la\u00a0<strong>experiencia<\/strong>\u00a0adquirida participando en<strong>\u00a0temporadas anteriores, trabajando o colaborando para la Direcci\u00f3n de Recursos Naturales Renovables.<\/strong><\/p>\n\n\n\n<p>Mendoza viene haciendo un importante trabajo en materia de prevenci\u00f3n de los incendios forestales, como tambi\u00e9n ampliando las zonas de cobertura, mejorando la inversi\u00f3n en equipamiento, indumentaria y en la puesta en funcionamiento de toda la flota vehicular para que el equipo del Plan Provincial de Manejo del Fuego pueda operar en territorio.<\/p>\n\n\n\n<p><strong>Fuente: www.diariouno.com.ar<\/strong><\/p>\n","protected":false},"excerpt":{"rendered":"<p>La Direcci\u00f3n de\u00a0Recursos Naturales Renovables, dependiente de la Secretar\u00eda de Ambiente del Gobierno de Mendoza, lanz\u00f3 la\u00a0Convocatoria de Personal Temporario para la temporada 2023\/2024 para desempe\u00f1arse en \u00c1reas Naturales Protegidas, Plan Provincial de Manejo del Fuego y Divisi\u00f3n N\u00e1utica. Para ello, se utilizar\u00e1 el mismo sistema de postulaci\u00f3n de las temporadas anteriores, a trav\u00e9s de&nbsp;formularios [&hellip;]<\/p>\n","protected":false},"author":2,"featured_media":523,"comment_status":"open","ping_status":"open","sticky":false,"template":"","format":"standard","meta":[],"categories":[50],"tags":[],"_links":{"self":[{"href":"https:\/\/pasaenmendoza.com\/index.php?rest_route=\/wp\/v2\/posts\/522"}],"collection":[{"href":"https:\/\/pasaenmendoza.com\/index.php?rest_route=\/wp\/v2\/posts"}],"about":[{"href":"https:\/\/pasaenmendoza.com\/index.php?rest_route=\/wp\/v2\/types\/post"}],"author":[{"embeddable":true,"href":"https:\/\/pasaenmendoza.com\/index.php?rest_route=\/wp\/v2\/users\/2"}],"replies":[{"embeddable":true,"href":"https:\/\/pasaenmendoza.com\/index.php?rest_route=%2Fwp%2Fv2%2Fcomments&post=522"}],"version-history":[{"count":1,"href":"https:\/\/pasaenmendoza.com\/index.php?rest_route=\/wp\/v2\/posts\/522\/revisions"}],"predecessor-version":[{"id":525,"href":"https:\/\/pasaenmendoza.com\/index.php?rest_route=\/wp\/v2\/posts\/522\/revisions\/525"}],"wp:featuredmedia":[{"embeddable":true,"href":"https:\/\/pasaenmendoza.com\/index.php?rest_route=\/wp\/v2\/media\/523"}],"wp:attachment":[{"href":"https:\/\/pasaenmendoza.com\/index.php?rest_route=%2Fwp%2Fv2%2Fmedia&parent=522"}],"wp:term":[{"taxonomy":"category","embeddable":true,"href":"https:\/\/pasaenmendoza.com\/index.php?rest_route=%2Fwp%2Fv2%2Fcategories&post=522"},{"taxonomy":"post_tag","embeddable":true,"href":"https:\/\/pasaenmendoza.com\/index.php?rest_route=%2Fwp%2Fv2%2Ftags&post=522"}],"curies":[{"name":"wp","href":"https:\/\/api.w.org\/{rel}","templated":true}]}}