{"id":5226,"date":"2024-02-08T13:01:51","date_gmt":"2024-02-08T12:01:51","guid":{"rendered":"https:\/\/pasaenmendoza.com\/?p=5226"},"modified":"2024-02-08T13:01:52","modified_gmt":"2024-02-08T12:01:52","slug":"nuevo-cruce-entre-cambia-mendoza-y-la-union-mendocina-por-el-impuesto-automotor","status":"publish","type":"post","link":"https:\/\/pasaenmendoza.com\/?p=5226","title":{"rendered":"Nuevo cruce entre Cambia Mendoza y La Uni\u00f3n Mendocina, por el impuesto automotor."},"content":{"rendered":"\n<p>El senador de LAUM, Gabriel Padrines, solicit\u00f3 que el gobernador Alfredo Cornejo, convoque a una sesi\u00f3n especial para tratar la baja del tributo y desde el oficialismo salieron a responder.<\/p>\n\n\n\n<p><strong>La Uni\u00f3n Mendocina&nbsp;<\/strong>vuelve a poner arriba de la mesa el debate del Impuesto Automotor y le exigen al gobernador&nbsp;<strong>Alfredo Cornejo&nbsp;<\/strong>que convoque una sesi\u00f3n especial del Senado para tratar la reducci\u00f3n del tributo.&nbsp;<strong>Natacha Eisenchlas<\/strong>, legisladora de Cambia Mendoza, agarr\u00f3 el guante y trat\u00f3 a LAUM de no conocer la Constituci\u00f3n provincial.<\/p>\n\n\n\n<p>La semana pasada, la Legislatura retom\u00f3 su actividad parlamentaria con una oposici\u00f3n queriendo instalar temas en la agenda pol\u00edtica. Uno de ellos es el&nbsp;<strong>Impuesto Automotor<\/strong>. Tanto senadores como diputados de LAUM han presentado proyectos que apuntan a una reducci\u00f3n del tributo como tambi\u00e9n de imponer un tope acorde a los ingresos de los contribuyentes.<\/p>\n\n\n\n<p>Cabe recordar que ambas c\u00e1maras legislativas se encuentran en periodo extraordinario, es decir, que solo se pueden tratar temas que env\u00ede el Ejecutivo o aquellos proyectos que cuenten con media sanci\u00f3n o tengan despacho legislativo. Para debatir en el recinto las iniciativas que presenten los legisladores, deber\u00e1n esperar al comienzo de las sesiones ordinarias que est\u00e1n pactadas para el 1 de mayo.<\/p>\n\n\n\n<p>Por este motivo, desde LAUM le solicitan a Cornejo que convoque una sesi\u00f3n especial para buscar nuevas alternativas respecto al Impuesto Automotor. &nbsp;<\/p>\n\n\n\n<p>\u201c<em>Estamos observando incrementos que van desde el 152% hasta m\u00e1s de un 400%, con boletos que superan ampliamente el mill\u00f3n de pesos anuales. Un golpe a los productores que utilizan sus veh\u00edculos como herramientas de trabajo<\/em>\u201d, afirma el comunicado de LAUM que comparti\u00f3\u00a0<strong>Gabriel Padrines<\/strong>\u00a0en sus redes sociales.<\/p>\n\n\n\n<p>Entre las alternativas que propone el espacio pol\u00edtico conducido por\u00a0<strong>Omar De Marchi<\/strong>\u00a0se encuentran: establecer un tope del 20% del ingreso familiar, incrementar el valor de los veh\u00edculos actuales de 15 a 25 millones de pesos, reducir el tope del 152% del valor m\u00ednimo a un 90%.<\/p>\n\n\n\n<p>Frente a la solicitud del frente opositor, desde Cambia Mendoza, no tardaron en salir a responderle a Pradines y la encargada fue la presidente del interbloque de CM en el Senado,\u00a0<strong>Natacha Eisenchlas<\/strong>.<\/p>\n\n\n\n<p>La senadora provincial apunt\u00f3 a LAUM de no conocer la Constituci\u00f3n, las leyes y el reglamento de la Legislatura, ya que&nbsp; \u201c<em>no es potestad del gobernador convocar a sesi\u00f3n especial<\/em>\u201d y que su pedido \u201c<em>s\u00f3lo se trata de otra acci\u00f3n medi\u00e1tica<\/em>\u201d.<\/p>\n\n\n\n<p>En su publicaci\u00f3n en la red social X (ex Twitter), Eisenchlas confes\u00f3 que en momentos \u201ct<em>an dif\u00edciles y de gran incertidumbre\u201d,\u00a0<\/em>en referencia al contexto econ\u00f3mico que atraviesa la provincia como el pa\u00eds,<em>\u00a0\u201clos mendocinos requieren de la pol\u00edtica su mejor versi\u00f3n, comenzando por la rigurosidad y seriedad de las acciones y las palabras<\/em>\u201d.<\/p>\n\n\n\n<p>Frente al pedido de bajar el Impuesto Automotor, desde el oficialismo remarcaron que Mendoza cuenta con equilibrio fiscal y es \u201c<em>reconocida por su solidez financiera\u201d&nbsp;<\/em>para hacerle frente a la crisis. Sobre la misma sostuvieron que el aumento del precio de los automotores<em>&nbsp;\u201ces exorbitante\u201d,&nbsp;<\/em>lo cual impacta en el valor del impuesto y remarcaron que en la provincia la al\u00edcuota<em>&nbsp;\u201ces la misma de hace 25 a\u00f1os<\/em>\u201d.<\/p>\n\n\n\n<p>Por \u00faltimo, Eisenchlas agreg\u00f3 que el pedido de Pradines solo sirve para \u201c<em>crear confusi\u00f3n e ignorar la progresividad y equidad de nuestra ley impositiva. Desfinanciar al Estado es desproteger a los mendocinos, a los hospitales, a las escuelas, a la polic\u00eda\u201d<\/em>\u00a0y que las\u00a0<em>\u201cpropuestas inviables nunca son el camino<\/em>\u201d.<\/p>\n\n\n\n<p>FUENTE: Elsol.com.ar <\/p>\n","protected":false},"excerpt":{"rendered":"<p>El senador de LAUM, Gabriel Padrines, solicit\u00f3 que el gobernador Alfredo Cornejo, convoque a una sesi\u00f3n especial para tratar la baja del tributo y desde el oficialismo salieron a responder. La Uni\u00f3n Mendocina&nbsp;vuelve a poner arriba de la mesa el debate del Impuesto Automotor y le exigen al gobernador&nbsp;Alfredo Cornejo&nbsp;que convoque una sesi\u00f3n especial del [&hellip;]<\/p>\n","protected":false},"author":2,"featured_media":5227,"comment_status":"open","ping_status":"open","sticky":true,"template":"","format":"standard","meta":[],"categories":[47],"tags":[],"_links":{"self":[{"href":"https:\/\/pasaenmendoza.com\/index.php?rest_route=\/wp\/v2\/posts\/5226"}],"collection":[{"href":"https:\/\/pasaenmendoza.com\/index.php?rest_route=\/wp\/v2\/posts"}],"about":[{"href":"https:\/\/pasaenmendoza.com\/index.php?rest_route=\/wp\/v2\/types\/post"}],"author":[{"embeddable":true,"href":"https:\/\/pasaenmendoza.com\/index.php?rest_route=\/wp\/v2\/users\/2"}],"replies":[{"embeddable":true,"href":"https:\/\/pasaenmendoza.com\/index.php?rest_route=%2Fwp%2Fv2%2Fcomments&post=5226"}],"version-history":[{"count":1,"href":"https:\/\/pasaenmendoza.com\/index.php?rest_route=\/wp\/v2\/posts\/5226\/revisions"}],"predecessor-version":[{"id":5228,"href":"https:\/\/pasaenmendoza.com\/index.php?rest_route=\/wp\/v2\/posts\/5226\/revisions\/5228"}],"wp:featuredmedia":[{"embeddable":true,"href":"https:\/\/pasaenmendoza.com\/index.php?rest_route=\/wp\/v2\/media\/5227"}],"wp:attachment":[{"href":"https:\/\/pasaenmendoza.com\/index.php?rest_route=%2Fwp%2Fv2%2Fmedia&parent=5226"}],"wp:term":[{"taxonomy":"category","embeddable":true,"href":"https:\/\/pasaenmendoza.com\/index.php?rest_route=%2Fwp%2Fv2%2Fcategories&post=5226"},{"taxonomy":"post_tag","embeddable":true,"href":"https:\/\/pasaenmendoza.com\/index.php?rest_route=%2Fwp%2Fv2%2Ftags&post=5226"}],"curies":[{"name":"wp","href":"https:\/\/api.w.org\/{rel}","templated":true}]}}