{"id":5235,"date":"2024-02-08T13:36:56","date_gmt":"2024-02-08T12:36:56","guid":{"rendered":"https:\/\/pasaenmendoza.com\/?p=5235"},"modified":"2024-02-08T13:36:57","modified_gmt":"2024-02-08T12:36:57","slug":"el-tiempo-en-mendoza-por-fin-baja-el-calor-pero-hay-alerta-por-tormentas-severas","status":"publish","type":"post","link":"https:\/\/pasaenmendoza.com\/?p=5235","title":{"rendered":"El tiempo en Mendoza: por fin, baja el calor, pero hay alerta por tormentas severas"},"content":{"rendered":"\n<p>Tras m\u00e1s de diez d\u00edas de una&nbsp;<strong>ola de calor&nbsp;<\/strong>sofocante, la m\u00e1xima empieza a bajar para este jueves, pero se mantiene la advertencia por&nbsp;<strong>tormentas severas<\/strong>.<\/p>\n\n\n\n<p>El pron\u00f3stico de la\u00a0<strong>Direcci\u00f3n de Contingencias Clim\u00e1ticas\u00a0<\/strong>adelanta que la jornada estar\u00e1 \u201cmuy inestable con lluvias y tormentas, descenso de la temperatura y vientos moderados del sudeste\u201d.<\/p>\n\n\n\n<p>Por otro lado, advierte sobre la \u201cposibilidad de ocurrencia de tormentas severas\u201d.<\/p>\n\n\n\n<p>La temperatura m\u00e1xima que se prev\u00e9 ser\u00e1 de 30 grados cent\u00edgrados, mientras que la m\u00ednima alcanzar\u00eda los 23 grados cent\u00edgrados.<\/p>\n\n\n\n<p>En tanto, el\u00a0<strong>Servicio Meteorol\u00f3gico Nacional\u00a0<\/strong>pronostic\u00f3 de m\u00e1xima 29 grados cent\u00edgrados y una m\u00ednima de 17 grados cent\u00edgrados.<\/p>\n\n\n\n<p>El organismo nacional mantendr\u00e1 en alerta amarilla a toda la provincia.<\/p>\n\n\n\n<p>El nivel amarillo implica\u00a0<em>\u201cposibles fen\u00f3menos meteorol\u00f3gicos con capacidad de da\u00f1o y riesgo de interrupci\u00f3n moment\u00e1nea de actividades cotidianas\u201d.<\/em><\/p>\n\n\n\n<p><strong>Fuente: www.elsol.com.ar<\/strong><\/p>\n","protected":false},"excerpt":{"rendered":"<p>Tras m\u00e1s de diez d\u00edas de una&nbsp;ola de calor&nbsp;sofocante, la m\u00e1xima empieza a bajar para este jueves, pero se mantiene la advertencia por&nbsp;tormentas severas. El pron\u00f3stico de la\u00a0Direcci\u00f3n de Contingencias Clim\u00e1ticas\u00a0adelanta que la jornada estar\u00e1 \u201cmuy inestable con lluvias y tormentas, descenso de la temperatura y vientos moderados del sudeste\u201d. Por otro lado, advierte sobre [&hellip;]<\/p>\n","protected":false},"author":2,"featured_media":5238,"comment_status":"open","ping_status":"open","sticky":false,"template":"","format":"standard","meta":[],"categories":[52],"tags":[],"_links":{"self":[{"href":"https:\/\/pasaenmendoza.com\/index.php?rest_route=\/wp\/v2\/posts\/5235"}],"collection":[{"href":"https:\/\/pasaenmendoza.com\/index.php?rest_route=\/wp\/v2\/posts"}],"about":[{"href":"https:\/\/pasaenmendoza.com\/index.php?rest_route=\/wp\/v2\/types\/post"}],"author":[{"embeddable":true,"href":"https:\/\/pasaenmendoza.com\/index.php?rest_route=\/wp\/v2\/users\/2"}],"replies":[{"embeddable":true,"href":"https:\/\/pasaenmendoza.com\/index.php?rest_route=%2Fwp%2Fv2%2Fcomments&post=5235"}],"version-history":[{"count":1,"href":"https:\/\/pasaenmendoza.com\/index.php?rest_route=\/wp\/v2\/posts\/5235\/revisions"}],"predecessor-version":[{"id":5239,"href":"https:\/\/pasaenmendoza.com\/index.php?rest_route=\/wp\/v2\/posts\/5235\/revisions\/5239"}],"wp:featuredmedia":[{"embeddable":true,"href":"https:\/\/pasaenmendoza.com\/index.php?rest_route=\/wp\/v2\/media\/5238"}],"wp:attachment":[{"href":"https:\/\/pasaenmendoza.com\/index.php?rest_route=%2Fwp%2Fv2%2Fmedia&parent=5235"}],"wp:term":[{"taxonomy":"category","embeddable":true,"href":"https:\/\/pasaenmendoza.com\/index.php?rest_route=%2Fwp%2Fv2%2Fcategories&post=5235"},{"taxonomy":"post_tag","embeddable":true,"href":"https:\/\/pasaenmendoza.com\/index.php?rest_route=%2Fwp%2Fv2%2Ftags&post=5235"}],"curies":[{"name":"wp","href":"https:\/\/api.w.org\/{rel}","templated":true}]}}