{"id":524,"date":"2023-08-08T23:10:16","date_gmt":"2023-08-08T21:10:16","guid":{"rendered":"https:\/\/pasaenmendoza.com\/?p=524"},"modified":"2023-08-08T23:10:16","modified_gmt":"2023-08-08T21:10:16","slug":"hoy-es-la-noche-de-las-jugueterias-maraton-de-descuentos-en-los-negocios-de-mendoza","status":"publish","type":"post","link":"https:\/\/pasaenmendoza.com\/?p=524","title":{"rendered":"Hoy es \u201cLa Noche de las Jugueter\u00edas\u201d: marat\u00f3n de descuentos en los negocios de Mendoza"},"content":{"rendered":"\n<p>Este\u00a0<strong>martes 8 de agosto<\/strong>\u00a0tendr\u00e1 lugar la quinta edici\u00f3n de la Noche de las Jugueter\u00edas, una iniciativa promovida por la\u00a0<strong>C\u00e1mara Argentina de la Industria del Juguete (CAIJ)<\/strong>. Las jugueter\u00edas de Mendoza se suman para realizar una jornada<strong>\u00a0de 10 a 22 horas\u00a0<\/strong>con\u00a0hasta un 25%<a rel=\"noreferrer noopener\" href=\"https:\/\/www.losandes.com.ar\/economia\/hay-gran-demanda-de-juguetes-importados-pero-poca-disponibilidad\/\" target=\"_blank\"> <\/a>de descuentos en juguetes.<\/p>\n\n\n\n<p>El prop\u00f3sito de este evento es estimular las ventas previo al\u00a0D\u00eda de las Infancias, que se celebra el tercer domingo de agosto y constituye m\u00e1s del 50% de las ventas anuales en esta industria.<\/p>\n\n\n\n<p>\u201cEsta quinta edici\u00f3n convoca a todas las jugueter\u00edas del pa\u00eds a hacer horario extendido.\u00a0<strong>Para ofrecer promociones especiales y que las personas o familias que vayan a hacer las compras tengan mayor tranquilidad.<\/strong>\u00a0Adem\u00e1s, puedan elegir en todo el surtido que hay disponible antes de los d\u00edas m\u00e1s fuertes que son el jueves, viernes y s\u00e1bado de la pr\u00f3xima semana\u201d, explic\u00f3 a\u00a0<em>Los Andes,<\/em>\u00a0Marcela Licolini de Jugueter\u00eda Lollypop.<\/p>\n\n\n\n<p>Adem\u00e1s la empresaria agreg\u00f3: \u201cDesde la CCTs nos sumamos a esa convocatoria y convocamos a las\u00a0<strong>jugueter\u00edas del centro y comercios afines a los ni\u00f1os\u00a0<\/strong>como zapater\u00eda, indumentaria infantil, tecnolog\u00eda, casas de c\u00f3mics. Lo que hace especial este d\u00eda son las promociones\u201d.<\/p>\n\n\n\n<p><strong>FINANCIACI\u00d3N PARA EL D\u00cdA DE LA NI\u00d1EZ<\/strong><\/p>\n\n\n\n<p>Los juguetes han tenido un\u00a0<strong>incremento del 30%,<\/strong>\u00a0dependiendo del art\u00edculo, seg\u00fan los datos aportados por el presidente de la C\u00e1mara de Librer\u00edas, Papeler\u00edas y Jugueter\u00edas, Gustavo Fern\u00e1ndez.<\/p>\n\n\n\n<p>\u201c<strong>Continuamos con el programa Ahora 12 en 3, 6, 12 y 18 cuotas para juguetes nacionales.<\/strong>\u00a0Con el Banco Naci\u00f3n hay comercios adheridos a la promoci\u00f3n del 25% descuento y tres cuotas sin inter\u00e9s\u201d, coment\u00f3 Marcela Licolini.<\/p>\n\n\n\n<p>En precio promedio seg\u00fan el relevamiento hecho semanas anteriores por este medio,<strong>\u00a0los precios promedio de los juguetes rondan entre los $5.000 y $10.000<\/strong>, aunque dependiendo de cada uno puede llegar a superar mayores cifras.<\/p>\n\n\n\n<p>\u201cNo van a haber eventos para hoy, s\u00ed estamos organizando para la semana que viene, todav\u00eda no est\u00e1 el cronograma\u201d, agreg\u00f3 Licolini refiri\u00e9ndose a eventos o show para el\u00a0D\u00eda de las Infancias.<\/p>\n\n\n\n<p><strong>Fuente: losandes.com.ar<\/strong><\/p>\n","protected":false},"excerpt":{"rendered":"<p>Este\u00a0martes 8 de agosto\u00a0tendr\u00e1 lugar la quinta edici\u00f3n de la Noche de las Jugueter\u00edas, una iniciativa promovida por la\u00a0C\u00e1mara Argentina de la Industria del Juguete (CAIJ). Las jugueter\u00edas de Mendoza se suman para realizar una jornada\u00a0de 10 a 22 horas\u00a0con\u00a0hasta un 25% de descuentos en juguetes. El prop\u00f3sito de este evento es estimular las ventas [&hellip;]<\/p>\n","protected":false},"author":2,"featured_media":528,"comment_status":"open","ping_status":"open","sticky":false,"template":"","format":"standard","meta":[],"categories":[49],"tags":[],"_links":{"self":[{"href":"https:\/\/pasaenmendoza.com\/index.php?rest_route=\/wp\/v2\/posts\/524"}],"collection":[{"href":"https:\/\/pasaenmendoza.com\/index.php?rest_route=\/wp\/v2\/posts"}],"about":[{"href":"https:\/\/pasaenmendoza.com\/index.php?rest_route=\/wp\/v2\/types\/post"}],"author":[{"embeddable":true,"href":"https:\/\/pasaenmendoza.com\/index.php?rest_route=\/wp\/v2\/users\/2"}],"replies":[{"embeddable":true,"href":"https:\/\/pasaenmendoza.com\/index.php?rest_route=%2Fwp%2Fv2%2Fcomments&post=524"}],"version-history":[{"count":1,"href":"https:\/\/pasaenmendoza.com\/index.php?rest_route=\/wp\/v2\/posts\/524\/revisions"}],"predecessor-version":[{"id":529,"href":"https:\/\/pasaenmendoza.com\/index.php?rest_route=\/wp\/v2\/posts\/524\/revisions\/529"}],"wp:featuredmedia":[{"embeddable":true,"href":"https:\/\/pasaenmendoza.com\/index.php?rest_route=\/wp\/v2\/media\/528"}],"wp:attachment":[{"href":"https:\/\/pasaenmendoza.com\/index.php?rest_route=%2Fwp%2Fv2%2Fmedia&parent=524"}],"wp:term":[{"taxonomy":"category","embeddable":true,"href":"https:\/\/pasaenmendoza.com\/index.php?rest_route=%2Fwp%2Fv2%2Fcategories&post=524"},{"taxonomy":"post_tag","embeddable":true,"href":"https:\/\/pasaenmendoza.com\/index.php?rest_route=%2Fwp%2Fv2%2Ftags&post=524"}],"curies":[{"name":"wp","href":"https:\/\/api.w.org\/{rel}","templated":true}]}}