{"id":5243,"date":"2024-02-08T13:46:16","date_gmt":"2024-02-08T12:46:16","guid":{"rendered":"https:\/\/pasaenmendoza.com\/?p=5243"},"modified":"2024-02-08T13:46:17","modified_gmt":"2024-02-08T12:46:17","slug":"nuevo-tiroteo-en-el-campo-papa-un-herido-en-la-pierna-y-otro-en-la-cabeza","status":"publish","type":"post","link":"https:\/\/pasaenmendoza.com\/?p=5243","title":{"rendered":"Nuevo tiroteo en el Campo Papa: un herido en la pierna y otro en la cabeza"},"content":{"rendered":"\n<p>Son jornadas calientes en el&nbsp;<strong>barrio Campo Papa<\/strong>&nbsp;de&nbsp;<strong>Godoy Cruz<\/strong>. En medio de una&nbsp;<strong>guerra narco<\/strong>&nbsp;que cada vez se profundiza m\u00e1s y produce enfrentamientos casi a diario, un nuevo&nbsp;<strong>tiroteo&nbsp;<\/strong>dej\u00f3 dos heridos: un joven recibi\u00f3 un disparo en una pierna y otro fue alcanzado por un proyectil en la cabeza.<\/p>\n\n\n\n<p>Fue alrededor de las 20 que se registraron numerosas detonaciones en ese complejo del oeste departamental y, en un principio,&nbsp;<mark>se tom\u00f3 conocimiento sobre un muchacho que fue impactado por un plomo en una extremidad inferior<\/mark>.<\/p>\n\n\n\n<p>El herido fue trasladado r\u00e1pidamente hasta el\u00a0<strong>Hospital El Carmen<\/strong>, donde le brindaron la asistencia correspondiente y qued\u00f3 fuera de peligro, se\u00f1alaron fuentes policiales consultadas.<\/p>\n\n\n\n<p>Posteriormente, a las 20.15 las autoridades tomaron conocimiento a trav\u00e9s de la l\u00ednea de emergencias 911 sobre otro lesionado. Esta vez se trataba de un hombre, de 32 a\u00f1os, quien hab\u00eda sido alcanzado por una bala en la cabeza.<\/p>\n\n\n\n<p>Personal policial se dirigi\u00f3 hasta su domicilio, en la manzana D, donde la v\u00edctima les relat\u00f3 que&nbsp;<mark>escuch\u00f3 los tiros, se asom\u00f3 por una ventana y sinti\u00f3 un golpe en el cr\u00e1neo<\/mark>, sin conocer con certeza qu\u00e9 se lo hab\u00eda provocado.<\/p>\n\n\n\n<p>Al ser revisado por los efectivos de la<strong>&nbsp;Unidad Investigativa Departamental Godoy Cruz<\/strong>&nbsp;(<strong>UID<\/strong>), constataron que se trataba del roce de un proyectil.&nbsp;<mark>En principio, el estado hombre no revest\u00eda gravedad.<\/mark><\/p>\n\n\n\n<p>Frente a los dos lesionados que dej\u00f3 la balacera, se le dio conocimiento sobre los hechos al\u00a0<strong>fiscal de Homicidios Gustavo Pirrello.<\/strong><\/p>\n\n\n\n<p><strong>Fuente: www.elsol.com.ar<\/strong><\/p>\n","protected":false},"excerpt":{"rendered":"<p>Son jornadas calientes en el&nbsp;barrio Campo Papa&nbsp;de&nbsp;Godoy Cruz. En medio de una&nbsp;guerra narco&nbsp;que cada vez se profundiza m\u00e1s y produce enfrentamientos casi a diario, un nuevo&nbsp;tiroteo&nbsp;dej\u00f3 dos heridos: un joven recibi\u00f3 un disparo en una pierna y otro fue alcanzado por un proyectil en la cabeza. Fue alrededor de las 20 que se registraron numerosas [&hellip;]<\/p>\n","protected":false},"author":2,"featured_media":5244,"comment_status":"open","ping_status":"open","sticky":false,"template":"","format":"standard","meta":[],"categories":[48],"tags":[],"_links":{"self":[{"href":"https:\/\/pasaenmendoza.com\/index.php?rest_route=\/wp\/v2\/posts\/5243"}],"collection":[{"href":"https:\/\/pasaenmendoza.com\/index.php?rest_route=\/wp\/v2\/posts"}],"about":[{"href":"https:\/\/pasaenmendoza.com\/index.php?rest_route=\/wp\/v2\/types\/post"}],"author":[{"embeddable":true,"href":"https:\/\/pasaenmendoza.com\/index.php?rest_route=\/wp\/v2\/users\/2"}],"replies":[{"embeddable":true,"href":"https:\/\/pasaenmendoza.com\/index.php?rest_route=%2Fwp%2Fv2%2Fcomments&post=5243"}],"version-history":[{"count":1,"href":"https:\/\/pasaenmendoza.com\/index.php?rest_route=\/wp\/v2\/posts\/5243\/revisions"}],"predecessor-version":[{"id":5245,"href":"https:\/\/pasaenmendoza.com\/index.php?rest_route=\/wp\/v2\/posts\/5243\/revisions\/5245"}],"wp:featuredmedia":[{"embeddable":true,"href":"https:\/\/pasaenmendoza.com\/index.php?rest_route=\/wp\/v2\/media\/5244"}],"wp:attachment":[{"href":"https:\/\/pasaenmendoza.com\/index.php?rest_route=%2Fwp%2Fv2%2Fmedia&parent=5243"}],"wp:term":[{"taxonomy":"category","embeddable":true,"href":"https:\/\/pasaenmendoza.com\/index.php?rest_route=%2Fwp%2Fv2%2Fcategories&post=5243"},{"taxonomy":"post_tag","embeddable":true,"href":"https:\/\/pasaenmendoza.com\/index.php?rest_route=%2Fwp%2Fv2%2Ftags&post=5243"}],"curies":[{"name":"wp","href":"https:\/\/api.w.org\/{rel}","templated":true}]}}